{"id":25002,"date":"2025-07-22T19:38:50","date_gmt":"2025-07-22T22:38:50","guid":{"rendered":"https:\/\/radiobitacora.com.ar\/web\/?p=25002"},"modified":"2025-07-22T19:38:50","modified_gmt":"2025-07-22T22:38:50","slug":"un-periodista-que-investigaba-la-desaparicion-de-una-nina-tropieza-sin-querer-con-su-cadaver","status":"publish","type":"post","link":"https:\/\/radiobitacora.com.ar\/web\/2025\/07\/22\/un-periodista-que-investigaba-la-desaparicion-de-una-nina-tropieza-sin-querer-con-su-cadaver\/","title":{"rendered":"UN PERIODISTA QUE INVESTIGABA LA DESAPARICI\u00d3N DE UNA NI\u00d1A TROPIEZA SIN QUERER CON SU CAD\u00c1VER"},"content":{"rendered":"<div class=\"sc-808a5b4d-0 fiDTki normal-header false normal-header false\">\n<div class=\"sc-808a5b4d-0 fiDTki shared-header shared-header\">\n<div class=\"mt \">\n<h1 class=\"storyTitle \">Un periodista que investigaba la desaparici\u00f3n de una ni\u00f1a tropieza sin querer con su cad\u00e1ver<\/h1>\n<ul>\n<li>El video del momento se viraliz\u00f3 en redes sociales.<\/li>\n<li>Luego del accidente del reportero los bomberos recuperaron el cuerpo de la joven.<\/li>\n<\/ul>\n<h2 class=\"storySummary\"><a href=\"https:\/\/www.clarin.com\/informacion-general\/respeto-vengo-robar-insolito-momento-ladron-asalto-local-atraparon-robar-celular_0_TE5ndIXnW8.html\">&#8220;Con todo respeto, vengo a robar&#8221;: el ins\u00f3lito momento en que un ladr\u00f3n asalt\u00f3 un local y lo atraparon por robar un celular<\/a><\/h2>\n<p>&nbsp;<\/p>\n<\/div>\n<\/div>\n<\/div>\n<section class=\"sc-46e3ecc3-1 fMFjWA\">\n<article id=\"storyBody\" class=\"sc-46e3ecc3-2 cfXsMv\">\n<div class=\"StoryTextContainer vsmcontent\" data-mrf-recirculation=\"Article Body\">\n<div id=\"containerUalter\" class=\"trinity-skip-it\">\n<div class=\"ualter_content\">\n<section class=\"accordion\">\n<div class=\"tab\">\n<div class=\"tab__content\">\n<div class=\"sintesis\">\n<div class=\"sintesis-content\">\n<div class=\"slider-wrapper\">\n<ul id=\"slides-container\" class=\"slides-container\">\n<li class=\"slide\"><img decoding=\"async\" src=\"https:\/\/www.clarin.com\/img\/2025\/07\/21\/pN85jHekq_600x600__1.jpg\" alt=\"Un periodista en un r\u00edo de Abacabal, en Brasil, antes de tropezarse con un supuesto cad\u00e1ver. Foto: TikTok\" data-readystate=\"complete\" \/>\n<p class=\"img-epigraph\">\n<\/li>\n<li class=\"slide\"><img decoding=\"async\" src=\"https:\/\/www.clarin.com\/img\/2025\/07\/21\/Pd4MeeUfE_600x600__1.jpg\" alt=\"Ra\u00edssa ten\u00eda 13 a\u00f1os. Muri\u00f3 por &quot;ahogamiento accidental&quot;.\" data-readystate=\"complete\" \/>\n<p class=\"img-epigraph\">\n<p><img decoding=\"async\" src=\"https:\/\/www.clarin.com\/img\/2025\/07\/21\/FQk1_ggTa_600x600__1.jpg\" alt=\"Malcom ten\u00eda 54 a\u00f1os. Foto: AP\" data-readystate=\"complete\" \/><\/li>\n<\/ul>\n<\/div>\n<\/div>\n<div class=\"sintesis-footer\"><\/div>\n<\/div>\n<\/div>\n<\/div>\n<\/section>\n<\/div>\n<\/div>\n<div id=\"cuerpo\">\n<div id=\"element-body-0\" class=\"sc-45461e9c-0 eqiBeF container-text text-embed \">\n<p>Un periodista brasile\u00f1o se tropez\u00f3 con el cuerpo de una joven de 13 a\u00f1os que hab\u00eda desaparecido horas antes. El reportero,\u00a0<strong>Lenildo Fraz\u00e3o<\/strong>, estaba cubriendo esa noticia en el<strong>\u00a0r\u00edo Mearim<\/strong>, en Bacabal, Brasil, cuando sucedi\u00f3 el escalofriante accidente.<\/p>\n<\/div>\n<div id=\"element-body-1\" class=\"sc-45461e9c-0 eqiBeF container-text text-embed \">\n<p>Con el agua por encima del pecho, Fraz\u00e3o hizo la cobertura hasta que de pronto sinti\u00f3 algo en sus pies. Tras el contacto se alej\u00f3 asustado de esa zona y le dijo a alguien que estaba fuera de cuadro que hab\u00eda encontrado\u00a0<strong>\u201calgo en el fondo del agua\u201d<\/strong>\u00a0de\u00a0<strong>consistencia \u201cblanda\u201d<\/strong>.<\/p>\n<\/div>\n<div id=\"element-body-2\" class=\"sc-45461e9c-0 eqiBeF container-text text-embed \">\n<p>El video del momento, compartido por la cuenta\u00a0<em>EITA Bacabal<\/em>\u00a0en\u00a0<a title=\"TikTok\" href=\"https:\/\/www.clarin.com\/internacional\/drogas-violencia-embarazo-adolescente-demandan-influencer-utilizar-juguetes-infantiles-videos_0_YTyVZNbwPe.html\" target=\"_blank\" rel=\"noopener\" data-mrf-link=\"https:\/\/www.clarin.com\/internacional\/drogas-violencia-embarazo-adolescente-demandan-influencer-utilizar-juguetes-infantiles-videos_0_YTyVZNbwPe.html\">TikTok<\/a>, fue reproducido en X y TikTok\u00a0<strong>m\u00e1s de cinco millones de veces<\/strong>.<\/p>\n<\/div>\n<div class=\"sc-80d44df9-7 keNRi bannerCollapse\">\n<div id=\"div-gpt-ad-inread\" class=\"sc-1e0b2bc2-0 hNyRou lazyBanner\" data-google-query-id=\"CKzB94fD0Y4DFYyDYQYdaCEw3w\">\n<div id=\"google_ads_iframe_\/242767168\/clarin\/internacional\/nota\/inread_0__container__\"><\/div>\n<\/div>\n<\/div>\n<div id=\"element-body-3\" class=\"sc-45461e9c-0 eqiBeF container-text text-embed \">\n<p>Medios locales, como\u00a0<em>O Liberal, Cerqueiras Noticias, Metropoles y Correio Braziliense\u00a0<\/em>confirmaron que a las pocas horas el cuerpo de<strong>\u00a0Ra\u00edssa<\/strong>\u00a0fue hallado y recuperado cerca de donde se hab\u00eda tropezado Fraz\u00e3o.<\/p>\n<\/div>\n<div id=\"element-body-4\" class=\"sc-45461e9c-0 eqiBeF container-text text-embed \">\n<p>Ra\u00edssa llevaba cerca 24 horas desaparecida en el poblado perteneciente a Maranh\u00e3o. Hab\u00eda ido a jugar con amigos al r\u00edo. El video data del 30 de junio. Ese d\u00eda, despu\u00e9s del tropez\u00f3n del periodista, los bomberos esclarecieron el caso.<\/p>\n<\/div>\n<div id=\"element-body-5\" class=\"sc-98b114a2-0 bkqiHH image-embed  image-embed \"><picture class=\"sc-98b114a2-1 jRUlDm\"><source srcset=\"https:\/\/www.clarin.com\/img\/2025\/07\/21\/Pd4MeeUfE_720x0__1.jpg\" media=\"(min-width: 975px)\" \/><\/picture><span class=\"epigraphe\">Ra\u00edssa ten\u00eda 13 a\u00f1os. Muri\u00f3 por &#8220;ahogamiento accidental&#8221;.<\/span><\/div>\n<div id=\"element-body-6\" class=\"sc-45461e9c-0 eqiBeF container-text text-embed \">\n<p>La muerte de Ra\u00edssa fue registrada por la Polic\u00eda Civil y el Instituto M\u00e9dico Forense como\u00a0<strong>ahogamiento accidental<\/strong>, sin evidencia de violencia.<\/p>\n<\/div>\n<div id=\"element-body-7\" class=\"sc-45461e9c-0 eqiBeF container-text text-embed \">\n<p>La escuela donde Ra\u00edssa estudiaba declar\u00f3 tres d\u00edas de luto y amigos y familiares de la ni\u00f1a organizaron una vigilia en su honor.<\/p>\n<\/div>\n<div id=\"element-body-8\" class=\"sc-45461e9c-0 eqiBeF container-text text-embed \">\n<h2>Otra muerte por ahogamiento accidental<\/h2>\n<\/div>\n<div id=\"element-body-9\" class=\"sc-45461e9c-0 eqiBeF container-text text-embed \">\n<p>Este lunes se conoci\u00f3 de\u00a0<a title=\"la muerte del actor Malcom-Jamal Warner\" href=\"https:\/\/www.clarin.com\/internacional\/malcom-jamal-warner-actor-54-anos-murio-tragicamente-costa-rica_0_0iltk1JHpX.html\" target=\"_blank\" rel=\"noopener\" data-mrf-link=\"https:\/\/www.clarin.com\/internacional\/malcom-jamal-warner-actor-54-anos-murio-tragicamente-costa-rica_0_0iltk1JHpX.html\">la muerte del actor Malcom-Jamal Warner<\/a>\u00a0en Costa Rica. Ten\u00eda 54 a\u00f1os y fue, al igual que la de Ra\u00edssa,\u00a0<strong>a causa de un ahogamiento accidental<\/strong>.<\/p>\n<\/div>\n<\/div>\n<\/div>\n<\/article>\n<\/section>\n","protected":false},"excerpt":{"rendered":"<p>Un periodista que investigaba la desaparici\u00f3n de una ni\u00f1a tropieza sin querer con su cad\u00e1ver El video del momento se viraliz\u00f3 en redes sociales. Luego del accidente del reportero los bomberos recuperaron el cuerpo de la joven. &#8220;Con todo respeto, vengo a robar&#8221;: el ins\u00f3lito momento en que un ladr\u00f3n asalt\u00f3 un local y lo [&hellip;]<\/p>\n","protected":false},"author":2,"featured_media":25003,"comment_status":"closed","ping_status":"closed","sticky":false,"template":"","format":"standard","meta":{"footnotes":""},"categories":[79],"tags":[],"class_list":{"0":"post-25002","1":"post","2":"type-post","3":"status-publish","4":"format-standard","5":"has-post-thumbnail","7":"category-politica"},"_links":{"self":[{"href":"https:\/\/radiobitacora.com.ar\/web\/wp-json\/wp\/v2\/posts\/25002","targetHints":{"allow":["GET"]}}],"collection":[{"href":"https:\/\/radiobitacora.com.ar\/web\/wp-json\/wp\/v2\/posts"}],"about":[{"href":"https:\/\/radiobitacora.com.ar\/web\/wp-json\/wp\/v2\/types\/post"}],"author":[{"embeddable":true,"href":"https:\/\/radiobitacora.com.ar\/web\/wp-json\/wp\/v2\/users\/2"}],"replies":[{"embeddable":true,"href":"https:\/\/radiobitacora.com.ar\/web\/wp-json\/wp\/v2\/comments?post=25002"}],"version-history":[{"count":0,"href":"https:\/\/radiobitacora.com.ar\/web\/wp-json\/wp\/v2\/posts\/25002\/revisions"}],"wp:featuredmedia":[{"embeddable":true,"href":"https:\/\/radiobitacora.com.ar\/web\/wp-json\/wp\/v2\/media\/25003"}],"wp:attachment":[{"href":"https:\/\/radiobitacora.com.ar\/web\/wp-json\/wp\/v2\/media?parent=25002"}],"wp:term":[{"taxonomy":"category","embeddable":true,"href":"https:\/\/radiobitacora.com.ar\/web\/wp-json\/wp\/v2\/categories?post=25002"},{"taxonomy":"post_tag","embeddable":true,"href":"https:\/\/radiobitacora.com.ar\/web\/wp-json\/wp\/v2\/tags?post=25002"}],"curies":[{"name":"wp","href":"https:\/\/api.w.org\/{rel}","templated":true}]}}