{"id":25014,"date":"2025-07-23T21:03:12","date_gmt":"2025-07-24T00:03:12","guid":{"rendered":"https:\/\/radiobitacora.com.ar\/web\/?p=25014"},"modified":"2025-07-23T21:06:27","modified_gmt":"2025-07-24T00:06:27","slug":"policia-de-la-provincia-demoro-a-una-persona-que-sustrajo-una-caja-de-herramientas-de-una-camioneta","status":"publish","type":"post","link":"https:\/\/radiobitacora.com.ar\/web\/2025\/07\/23\/policia-de-la-provincia-demoro-a-una-persona-que-sustrajo-una-caja-de-herramientas-de-una-camioneta\/","title":{"rendered":"POLIC\u00cdA DE LA PROVINCIA DEMOR\u00d3 A UNA PERSONA QUE SUSTRAJO UNA CAJA DE HERRAMIENTAS DE UNA CAMIONETA"},"content":{"rendered":"<p style=\"font-weight: 400;\">Personal policial de la Comisar\u00eda 1ra de Goya aprehendi\u00f3 en la tarde de ayer a una persona que hab\u00eda sustra\u00eddo una caja de herramientas del interior de una camioneta estacionada en la zona centro de la ciudad.<\/p>\n<p style=\"font-weight: 400;\">El hecho ocurri\u00f3 el fin de semana, cuando el propietario dej\u00f3 estacionada su camioneta utilitaria en un barrio c\u00e9ntrico, y a la madrugada este sujeto rompi\u00f3 una de las ventanillas del veh\u00edculo y del interior sustrajo una caja de herramientas.<\/p>\n<p style=\"font-weight: 400;\">Los investigadores, tras analizar varias c\u00e1maras de seguridad, pudieron identificar a la persona que hab\u00eda cometido el hecho; ya con la venia judicial se procedi\u00f3 al secuestro de la caja de herramientas y a la aprehensi\u00f3n del sospechoso, quien qued\u00f3 alojado en la comisar\u00eda de referencia hasta tanto la justicia disponga. El sospechoso es un hombre de 35 a\u00f1os, con domicilio por calle Corrientes, tambi\u00e9n del centro goyano.<\/p>\n<p style=\"font-weight: 400;\">Por otra parte, se contin\u00faa con el an\u00e1lisis de distintas c\u00e1maras, a fin de determinar si fue el autor de otros hechos.<\/p>\n<p style=\"font-weight: 400;\">Direcci\u00f3n de Prensa \u2013 Municipalidad de Goya<\/p>\n","protected":false},"excerpt":{"rendered":"<p>Personal policial de la Comisar\u00eda 1ra de Goya aprehendi\u00f3 en la tarde de ayer a una persona que hab\u00eda sustra\u00eddo una caja de herramientas del interior de una camioneta estacionada en la zona centro de la ciudad. El hecho ocurri\u00f3 el fin de semana, cuando el propietario dej\u00f3 estacionada su camioneta utilitaria en un barrio [&hellip;]<\/p>\n","protected":false},"author":2,"featured_media":25015,"comment_status":"closed","ping_status":"closed","sticky":false,"template":"","format":"standard","meta":{"footnotes":""},"categories":[79],"tags":[],"class_list":{"0":"post-25014","1":"post","2":"type-post","3":"status-publish","4":"format-standard","5":"has-post-thumbnail","7":"category-politica"},"_links":{"self":[{"href":"https:\/\/radiobitacora.com.ar\/web\/wp-json\/wp\/v2\/posts\/25014","targetHints":{"allow":["GET"]}}],"collection":[{"href":"https:\/\/radiobitacora.com.ar\/web\/wp-json\/wp\/v2\/posts"}],"about":[{"href":"https:\/\/radiobitacora.com.ar\/web\/wp-json\/wp\/v2\/types\/post"}],"author":[{"embeddable":true,"href":"https:\/\/radiobitacora.com.ar\/web\/wp-json\/wp\/v2\/users\/2"}],"replies":[{"embeddable":true,"href":"https:\/\/radiobitacora.com.ar\/web\/wp-json\/wp\/v2\/comments?post=25014"}],"version-history":[{"count":0,"href":"https:\/\/radiobitacora.com.ar\/web\/wp-json\/wp\/v2\/posts\/25014\/revisions"}],"wp:featuredmedia":[{"embeddable":true,"href":"https:\/\/radiobitacora.com.ar\/web\/wp-json\/wp\/v2\/media\/25015"}],"wp:attachment":[{"href":"https:\/\/radiobitacora.com.ar\/web\/wp-json\/wp\/v2\/media?parent=25014"}],"wp:term":[{"taxonomy":"category","embeddable":true,"href":"https:\/\/radiobitacora.com.ar\/web\/wp-json\/wp\/v2\/categories?post=25014"},{"taxonomy":"post_tag","embeddable":true,"href":"https:\/\/radiobitacora.com.ar\/web\/wp-json\/wp\/v2\/tags?post=25014"}],"curies":[{"name":"wp","href":"https:\/\/api.w.org\/{rel}","templated":true}]}}