{"id":25021,"date":"2025-07-23T21:20:43","date_gmt":"2025-07-24T00:20:43","guid":{"rendered":"https:\/\/radiobitacora.com.ar\/web\/?p=25021"},"modified":"2025-07-23T21:20:43","modified_gmt":"2025-07-24T00:20:43","slug":"el-posteo-de-marcos-rojo-en-la-previa-del-partido-de-boca","status":"publish","type":"post","link":"https:\/\/radiobitacora.com.ar\/web\/2025\/07\/23\/el-posteo-de-marcos-rojo-en-la-previa-del-partido-de-boca\/","title":{"rendered":"EL POSTEO DE MARCOS ROJO EN LA PREVIA DEL PARTIDO DE BOCA"},"content":{"rendered":"<p>Mientras se sabe que no continuar\u00e1 en el Xeneize y su futuro podr\u00eda estar en Estudiantes, el marcador central comparti\u00f3 una sugestiva storie en su Instagram. &#8220;C\u00f3mo se extra\u00f1a&#8221;, escribi\u00f3, haciendo referencia a volver a jugar de forma oficial.<\/p>\n<p><b><a href=\"https:\/\/www.tycsports.com\/boca-juniors\/boca-vs-atletico-tucuman-por-la-copa-argentina-hora-formaciones-y-tv-en-vivo-id675283.html\" target=\"_blank\" rel=\"noopener\">Boca se medir\u00e1 este mi\u00e9rcoles con Atl\u00e9tico Tucum\u00e1n<\/a><\/b>\u00a0en el marco de los 16vos de final de la Copa Argentina desde las 21.10 en el Madre de Ciudades de Santiago del Estero, donde no contar\u00e1 con\u00a0<b>Marcos Rojo<\/b>, uno de los\u00a0<a href=\"https:\/\/www.tycsports.com\/boca-juniors\/uno-por-uno-de-la-situacion-de-los-marginado-en-boca-y-donde-jugaran-id675378.html\" target=\"_blank\" rel=\"noopener\">borrados por Miguel \u00c1ngel Russo en su plantel<\/a>.<\/p>\n<div class=\"alsoReadContainer\">\n<h2 class=\"alsoReadText\">La formaci\u00f3n de Boca vs. Atl\u00e9tico Tucum\u00e1n, por Copa Argentina<\/h2>\n<\/div>\n<p>Sin lugar en el Xeneize, donde\u00a0<b>tiene contrato hasta el 31 de diciembre<\/b>, el jugador de 35 a\u00f1os busca una salida. Mientras tanto se entrena con el plantel que dirige Russo, pero desde el regreso del Mundial de Clubes\u00a0<b>ni siquiera integra la lista de concentrados<\/b>\u00a0para los partidos del equipo. Y, en el duelo frente al Decano, tampoco.<\/p>\n<p>Mientras se sabe que no continuar\u00e1 en el Xeneize y\u00a0<a href=\"https:\/\/www.tycsports.com\/boca-juniors\/rojo-estudiantes-boca-mercado-de-pases-fichajes-id675677.html\" target=\"_blank\" rel=\"noopener\">su futuro podr\u00eda estar en Estudiantes<\/a>, el marcador central comparti\u00f3 una sugestiva storie en su Instagram.\u00a0<b>&#8220;<i>C\u00f3mo se extra\u00f1a<\/i>&#8220;, escribi\u00f3, mostrando una foto de \u00e9l con una pelota, haciendo referencia a volver a jugar de forma oficial<\/b>.<\/p>\n<div id=\"ad-slot-inline2\" class=\"ad-slot-inline_grande ad-slot\" data-adtype=\"inline_grande\" data-google-query-id=\"COulvpec1I4DFfo8uQYds8Aqcw\">\n<div id=\"google_ads_iframe_\/125006397\/tyc\/nota\/inline2_0__container__\"><\/div>\n<\/div>\n<p>S\u00ed, la subi\u00f3 apenas minutos antes de que comience el Xeneize en el encuentro frente al elenco tucumano.\u00a0<u>\u00bfQu\u00e9 ser\u00e1 de su futuro?<\/u>\u00a0M\u00e1s all\u00e1 de\u00a0<a href=\"https:\/\/www.tycsports.com\/independiente\/independiente-sondeo-a-marcos-rojo-borrado-en-boca-id675248.html\" target=\"_blank\" rel=\"noopener\">alguna versi\u00f3n que lo vinculaba con Independiente<\/a>,\u00a0<b>el futuro del defensor parece estar m\u00e1s cerca del club que lo vio nacer<\/b>. Hasta el momento no hubo ning\u00fan ofrecimiento formal, pero de ninguna manera dan por ca\u00edda la posibilidad de repatriarlo para el segundo semestre del a\u00f1o.<\/p>\n<figure class=\"imgContain kskddisable\" data-modal-description=\"El posteo de Marcos Rojo, mientras Boca est\u00e1 por jugar ante Atl\u00e9tico Tucum\u00e1n.\" data-modal-image=\"https:\/\/media.tycsports.com\/files\/2025\/07\/23\/864837\/rojo-posteo_w862.webp\"><img decoding=\"async\" class=\"mainImg\" title=\"Rojo posteo\" src=\"https:\/\/media.tycsports.com\/files\/2025\/07\/23\/864837\/rojo-posteo_w862.webp\" alt=\"Rojo posteo\" data-src=\"https:\/\/media.tycsports.com\/files\/2025\/07\/23\/864837\/rojo-posteo_w862.webp\" \/><figcaption class=\"kskddisable\" data-kiosked-context-name=\"kskdUIContext_01k0wwpxv0yymjz6v17aygbycs\">El posteo de Marcos Rojo, mientras Boca est\u00e1 por jugar ante Atl\u00e9tico Tucum\u00e1n.<\/figcaption><\/figure>\n","protected":false},"excerpt":{"rendered":"<p>Mientras se sabe que no continuar\u00e1 en el Xeneize y su futuro podr\u00eda estar en Estudiantes, el marcador central comparti\u00f3 una sugestiva storie en su Instagram. &#8220;C\u00f3mo se extra\u00f1a&#8221;, escribi\u00f3, haciendo referencia a volver a jugar de forma oficial. Boca se medir\u00e1 este mi\u00e9rcoles con Atl\u00e9tico Tucum\u00e1n\u00a0en el marco de los 16vos de final de [&hellip;]<\/p>\n","protected":false},"author":2,"featured_media":25022,"comment_status":"closed","ping_status":"closed","sticky":false,"template":"","format":"standard","meta":{"footnotes":""},"categories":[78],"tags":[],"class_list":{"0":"post-25021","1":"post","2":"type-post","3":"status-publish","4":"format-standard","5":"has-post-thumbnail","7":"category-deportes"},"_links":{"self":[{"href":"https:\/\/radiobitacora.com.ar\/web\/wp-json\/wp\/v2\/posts\/25021","targetHints":{"allow":["GET"]}}],"collection":[{"href":"https:\/\/radiobitacora.com.ar\/web\/wp-json\/wp\/v2\/posts"}],"about":[{"href":"https:\/\/radiobitacora.com.ar\/web\/wp-json\/wp\/v2\/types\/post"}],"author":[{"embeddable":true,"href":"https:\/\/radiobitacora.com.ar\/web\/wp-json\/wp\/v2\/users\/2"}],"replies":[{"embeddable":true,"href":"https:\/\/radiobitacora.com.ar\/web\/wp-json\/wp\/v2\/comments?post=25021"}],"version-history":[{"count":0,"href":"https:\/\/radiobitacora.com.ar\/web\/wp-json\/wp\/v2\/posts\/25021\/revisions"}],"wp:featuredmedia":[{"embeddable":true,"href":"https:\/\/radiobitacora.com.ar\/web\/wp-json\/wp\/v2\/media\/25022"}],"wp:attachment":[{"href":"https:\/\/radiobitacora.com.ar\/web\/wp-json\/wp\/v2\/media?parent=25021"}],"wp:term":[{"taxonomy":"category","embeddable":true,"href":"https:\/\/radiobitacora.com.ar\/web\/wp-json\/wp\/v2\/categories?post=25021"},{"taxonomy":"post_tag","embeddable":true,"href":"https:\/\/radiobitacora.com.ar\/web\/wp-json\/wp\/v2\/tags?post=25021"}],"curies":[{"name":"wp","href":"https:\/\/api.w.org\/{rel}","templated":true}]}}