{"id":25024,"date":"2025-07-24T17:35:14","date_gmt":"2025-07-24T20:35:14","guid":{"rendered":"https:\/\/radiobitacora.com.ar\/web\/?p=25024"},"modified":"2025-07-24T17:35:14","modified_gmt":"2025-07-24T20:35:14","slug":"presentacion-libro-de-marcelo-gonzalez-vilas","status":"publish","type":"post","link":"https:\/\/radiobitacora.com.ar\/web\/2025\/07\/24\/presentacion-libro-de-marcelo-gonzalez-vilas\/","title":{"rendered":"PRESENTACI\u00d3N LIBRO DE MARCELO GONZ\u00c1LEZ VILAS"},"content":{"rendered":"<p style=\"font-weight: 400;\">Salvador y el Perrito de Agua:<\/p>\n<p style=\"font-weight: 400;\">La Casa de la Cultura se llen\u00f3 de perritos de agua, chicharra y jejenes, Salvadores y amigos de toda la vida. El Perrito de agua se reencontr\u00f3 con Salvador, su mejor amigo.<\/p>\n<p style=\"font-weight: 400;\">As\u00ed fue la noche de anoche m\u00e1s setenta personas asistieron a la presentaci\u00f3n del libro del escritor goyano Marcelo Gonz\u00e1lez Vilas, actual Secretario de Deportes, Cultura y Turismo de la Municipalidad de Colonia Libertad departamento de Monte Caseros.<\/p>\n<p style=\"font-weight: 400;\">La obra del escritor <img loading=\"lazy\" decoding=\"async\" class=\"wp-image-25025 alignleft\" src=\"https:\/\/radiobitacora.com.ar\/web\/wp-content\/uploads\/2025\/07\/WhatsApp-Image-2025-07-23-at-21.41.07-1.jpeg\" alt=\"\" width=\"452\" height=\"339\" srcset=\"https:\/\/radiobitacora.com.ar\/web\/wp-content\/uploads\/2025\/07\/WhatsApp-Image-2025-07-23-at-21.41.07-1.jpeg 1600w, https:\/\/radiobitacora.com.ar\/web\/wp-content\/uploads\/2025\/07\/WhatsApp-Image-2025-07-23-at-21.41.07-1-80x60.jpeg 80w, https:\/\/radiobitacora.com.ar\/web\/wp-content\/uploads\/2025\/07\/WhatsApp-Image-2025-07-23-at-21.41.07-1-265x198.jpeg 265w, https:\/\/radiobitacora.com.ar\/web\/wp-content\/uploads\/2025\/07\/WhatsApp-Image-2025-07-23-at-21.41.07-1-696x522.jpeg 696w, https:\/\/radiobitacora.com.ar\/web\/wp-content\/uploads\/2025\/07\/WhatsApp-Image-2025-07-23-at-21.41.07-1-1068x801.jpeg 1068w, https:\/\/radiobitacora.com.ar\/web\/wp-content\/uploads\/2025\/07\/WhatsApp-Image-2025-07-23-at-21.41.07-1-560x420.jpeg 560w\" sizes=\"auto, (max-width: 452px) 100vw, 452px\" \/><\/p>\n<p style=\"font-weight: 400;\">Marcelo Gonz\u00e1lez Vilas, nos regala un cuento para chicos y no tan chicos, una aventura maravillosa, donde la amistad y la fantas\u00eda alcanzan su m\u00e1xima expresi\u00f3n en un viaje nutrido de asombrosos descubrimientos, personajes, m\u00fasica y costumbres de una provincia cuna de h\u00e9roes.<\/p>\n<p style=\"font-weight: 400;\">El Perrito de agua recorre la provincia de corrientes en busca de su mejor amigo Salvador, acompa\u00f1ado por una chicharra que le cuenta historias de cada pueblo y la figura del Jej\u00e9n aparece como un personaje entra\u00f1able conector entre cap\u00edtulos, articulando relatos y despertando la imaginaci\u00f3n en cada tramo del viaje.<\/p>\n<p style=\"font-weight: 400;\">La propuesta se presenta como una traves\u00eda afectiva y cultural por la geograf\u00eda correntina, con elementos que despiertan la curiosidad y promueven la identidad local\u00a0 y refuerza la b\u00fasqueda de un lenguaje narrativo innovador que prioriza lo sensorial y lo l\u00fadico.<\/p>\n<p style=\"font-weight: 400;\">Muy pronto, luego de la presentaci\u00f3n en la Casa de la Cultura de Goya, ser\u00e1 presentado en las escuelas de Colonia Libertad, Monte Caseros y el resto de la provincia.<\/p>\n<p><img loading=\"lazy\" decoding=\"async\" class=\"wp-image-25026 alignleft\" src=\"https:\/\/radiobitacora.com.ar\/web\/wp-content\/uploads\/2025\/07\/WhatsApp-Image-2025-07-23-at-21.41.09.jpeg\" alt=\"\" width=\"479\" height=\"639\" srcset=\"https:\/\/radiobitacora.com.ar\/web\/wp-content\/uploads\/2025\/07\/WhatsApp-Image-2025-07-23-at-21.41.09.jpeg 1200w, https:\/\/radiobitacora.com.ar\/web\/wp-content\/uploads\/2025\/07\/WhatsApp-Image-2025-07-23-at-21.41.09-696x928.jpeg 696w, https:\/\/radiobitacora.com.ar\/web\/wp-content\/uploads\/2025\/07\/WhatsApp-Image-2025-07-23-at-21.41.09-1068x1424.jpeg 1068w, https:\/\/radiobitacora.com.ar\/web\/wp-content\/uploads\/2025\/07\/WhatsApp-Image-2025-07-23-at-21.41.09-315x420.jpeg 315w\" sizes=\"auto, (max-width: 479px) 100vw, 479px\" \/><\/p>\n<p style=\"font-weight: 400;\">Pero lo m\u00e1s significativo fue la participaci\u00f3n destacada de cuatro ni\u00f1os que interpretaron a los protagonistas del encantador libro. All\u00ed estuvieron el Perrito de agua, Chicha, Jej\u00e9n y Nico con Salvador. Momentos \u00fanicos vividos en la Casa de la Cultura, personalidades , amigos , familias , instituciones deportivas y educativas dijeron presente , y como un broche de oro ilustrando unos de los cap\u00edtulos del libro Carlos Valent\u00edn G\u00f3mez Mu\u00f1oz emocion\u00f3 a Chicos y Grandes con su amarradero del viento tan caro a los sentimientos de los Goyanos.<\/p>\n<p style=\"font-weight: 400;\">La obra del escritor goyano fue declarada de inter\u00e9s cultural por la Direcci\u00f3n de Cultura de la Municipalidad de Goya.<\/p>\n<p style=\"font-weight: 400;\">Direcci\u00f3n de Prensa &#8211; Municipalidad de Goya.<\/p>\n","protected":false},"excerpt":{"rendered":"<p>Salvador y el Perrito de Agua: La Casa de la Cultura se llen\u00f3 de perritos de agua, chicharra y jejenes, Salvadores y amigos de toda la vida. El Perrito de agua se reencontr\u00f3 con Salvador, su mejor amigo. As\u00ed fue la noche de anoche m\u00e1s setenta personas asistieron a la presentaci\u00f3n del libro del escritor [&hellip;]<\/p>\n","protected":false},"author":2,"featured_media":25027,"comment_status":"closed","ping_status":"closed","sticky":false,"template":"","format":"standard","meta":{"footnotes":""},"categories":[56],"tags":[],"class_list":{"0":"post-25024","1":"post","2":"type-post","3":"status-publish","4":"format-standard","5":"has-post-thumbnail","7":"category-locales"},"_links":{"self":[{"href":"https:\/\/radiobitacora.com.ar\/web\/wp-json\/wp\/v2\/posts\/25024","targetHints":{"allow":["GET"]}}],"collection":[{"href":"https:\/\/radiobitacora.com.ar\/web\/wp-json\/wp\/v2\/posts"}],"about":[{"href":"https:\/\/radiobitacora.com.ar\/web\/wp-json\/wp\/v2\/types\/post"}],"author":[{"embeddable":true,"href":"https:\/\/radiobitacora.com.ar\/web\/wp-json\/wp\/v2\/users\/2"}],"replies":[{"embeddable":true,"href":"https:\/\/radiobitacora.com.ar\/web\/wp-json\/wp\/v2\/comments?post=25024"}],"version-history":[{"count":0,"href":"https:\/\/radiobitacora.com.ar\/web\/wp-json\/wp\/v2\/posts\/25024\/revisions"}],"wp:featuredmedia":[{"embeddable":true,"href":"https:\/\/radiobitacora.com.ar\/web\/wp-json\/wp\/v2\/media\/25027"}],"wp:attachment":[{"href":"https:\/\/radiobitacora.com.ar\/web\/wp-json\/wp\/v2\/media?parent=25024"}],"wp:term":[{"taxonomy":"category","embeddable":true,"href":"https:\/\/radiobitacora.com.ar\/web\/wp-json\/wp\/v2\/categories?post=25024"},{"taxonomy":"post_tag","embeddable":true,"href":"https:\/\/radiobitacora.com.ar\/web\/wp-json\/wp\/v2\/tags?post=25024"}],"curies":[{"name":"wp","href":"https:\/\/api.w.org\/{rel}","templated":true}]}}