{"id":25029,"date":"2025-07-24T17:37:39","date_gmt":"2025-07-24T20:37:39","guid":{"rendered":"https:\/\/radiobitacora.com.ar\/web\/?p=25029"},"modified":"2025-07-24T17:37:39","modified_gmt":"2025-07-24T20:37:39","slug":"este-sabado-en-goya-habra-velada-boxistica-en-open-patio-sky","status":"publish","type":"post","link":"https:\/\/radiobitacora.com.ar\/web\/2025\/07\/24\/este-sabado-en-goya-habra-velada-boxistica-en-open-patio-sky\/","title":{"rendered":"ESTE S\u00c1BADO EN GOYA HABR\u00c1 VELADA BOX\u00cdSTICA EN OPEN PATIO SKY"},"content":{"rendered":"<p style=\"font-weight: 400;\">Este s\u00e1bado 26 de julio por la noche, se realizar\u00e1 una velada box\u00edstica en el patio Open de Sky, calles Sarmiento y Carlos Gardel 85.<\/p>\n<p style=\"font-weight: 400;\">\n<p style=\"font-weight: 400;\">El evento fue organizado por el Team Knock-out y auspiciado por la Municipalidad de Goya. Promete ser una noche electrizante para todos los amantes del boxeo, con combates de alto nivel y la participaci\u00f3n de destacados j\u00f3venes boxeadores y boxeadoras local y regional.<\/p>\n<p style=\"font-weight: 400;\">\n<p style=\"font-weight: 400;\">RUB\u00c9N AROCHA<\/p>\n<p style=\"font-weight: 400;\">Rub\u00e9n Arocha, uno de los organizadores, adelant\u00f3 que hay t\u00edtulos en juego avalados por las federaciones provinciales y argentina de boxeo.<\/p>\n<p style=\"font-weight: 400;\">\n<p style=\"font-weight: 400;\">\u201cLos encuentros est\u00e1n totalmente regulados y fiscalizados por \u00e1rbitros de la Federaci\u00f3n Argentina de Boxeo FAB\u201d indic\u00f3.<\/p>\n<p style=\"font-weight: 400;\">\n<p style=\"font-weight: 400;\">Est\u00e1n en juego t\u00edtulos que est\u00e1n vacantes en categor\u00edas de j\u00f3venes p\u00fagiles femenino y masculino.<\/p>\n<p style=\"font-weight: 400;\">El festival box\u00edstico iniciar\u00e1 a las 21 horas a un valor de 5 mil pesos la entrada anticipada y en puerta.<\/p>\n<p style=\"font-weight: 400;\">\u201cSer\u00e1n diez peleas, una mejor que la otra, nos esmeramos mucho para que vengan los chicos, son los mejores a nivel regional, as\u00ed que los esperamos a todos y especialmente que los chicos apoyen el boxeo porque hay quienes van a hacer su primera presentaci\u00f3n para intentar clasificar para los Juegos Evita. Estos son cinco chicos, que vayan ganando experiencia para esta instancia nacional\u201d finaliz\u00f3.<\/p>\n<p style=\"font-weight: 400;\">\n<p style=\"font-weight: 400;\">Direcci\u00f3n de Prensa \u2013 Municipalidad de Goya<\/p>\n","protected":false},"excerpt":{"rendered":"<p>Este s\u00e1bado 26 de julio por la noche, se realizar\u00e1 una velada box\u00edstica en el patio Open de Sky, calles Sarmiento y Carlos Gardel 85. El evento fue organizado por el Team Knock-out y auspiciado por la Municipalidad de Goya. Promete ser una noche electrizante para todos los amantes del boxeo, con combates de alto [&hellip;]<\/p>\n","protected":false},"author":2,"featured_media":25030,"comment_status":"closed","ping_status":"closed","sticky":false,"template":"","format":"standard","meta":{"footnotes":""},"categories":[1],"tags":[],"class_list":{"0":"post-25029","1":"post","2":"type-post","3":"status-publish","4":"format-standard","5":"has-post-thumbnail","7":"category-sin-categoria"},"_links":{"self":[{"href":"https:\/\/radiobitacora.com.ar\/web\/wp-json\/wp\/v2\/posts\/25029","targetHints":{"allow":["GET"]}}],"collection":[{"href":"https:\/\/radiobitacora.com.ar\/web\/wp-json\/wp\/v2\/posts"}],"about":[{"href":"https:\/\/radiobitacora.com.ar\/web\/wp-json\/wp\/v2\/types\/post"}],"author":[{"embeddable":true,"href":"https:\/\/radiobitacora.com.ar\/web\/wp-json\/wp\/v2\/users\/2"}],"replies":[{"embeddable":true,"href":"https:\/\/radiobitacora.com.ar\/web\/wp-json\/wp\/v2\/comments?post=25029"}],"version-history":[{"count":0,"href":"https:\/\/radiobitacora.com.ar\/web\/wp-json\/wp\/v2\/posts\/25029\/revisions"}],"wp:featuredmedia":[{"embeddable":true,"href":"https:\/\/radiobitacora.com.ar\/web\/wp-json\/wp\/v2\/media\/25030"}],"wp:attachment":[{"href":"https:\/\/radiobitacora.com.ar\/web\/wp-json\/wp\/v2\/media?parent=25029"}],"wp:term":[{"taxonomy":"category","embeddable":true,"href":"https:\/\/radiobitacora.com.ar\/web\/wp-json\/wp\/v2\/categories?post=25029"},{"taxonomy":"post_tag","embeddable":true,"href":"https:\/\/radiobitacora.com.ar\/web\/wp-json\/wp\/v2\/tags?post=25029"}],"curies":[{"name":"wp","href":"https:\/\/api.w.org\/{rel}","templated":true}]}}