{"id":25057,"date":"2025-07-26T21:19:14","date_gmt":"2025-07-27T00:19:14","guid":{"rendered":"https:\/\/radiobitacora.com.ar\/web\/?p=25057"},"modified":"2025-07-26T21:19:14","modified_gmt":"2025-07-27T00:19:14","slug":"la-vidriera-semana-con-destacados-invitados-en-el-programa-politico-de-radio-bitacora","status":"publish","type":"post","link":"https:\/\/radiobitacora.com.ar\/web\/2025\/07\/26\/la-vidriera-semana-con-destacados-invitados-en-el-programa-politico-de-radio-bitacora\/","title":{"rendered":"LA VIDRIERA: SEMANA CON DESTACADOS INVITADOS EN EL PROGRAMA POL\u00cdTICO DE RADIO BIT\u00c1CORA"},"content":{"rendered":"<p data-start=\"262\" data-end=\"685\">El espacio radial \u201cLa Vidriera\u201d, que se emite por Radio Bit\u00e1cora 98.9, ya tiene confirmada su agenda de entrevistas para esta semana. Bajo la conducci\u00f3n de Pedro S\u00e1, el programa se transmite los d\u00edas lunes, mi\u00e9rcoles y viernes, de 17 a 18 horas, y se consolida como una propuesta de an\u00e1lisis pol\u00edtico directo, con la presencia de referentes, funcionarios y candidatos que comparten sus ideas y proyectos en primera persona.<\/p>\n<p data-start=\"687\" data-end=\"868\">En esta oportunidad, el ciclo contar\u00e1 con la participaci\u00f3n de tres figuras que forman parte activa del escenario pol\u00edtico local y regional, en el marco del actual proceso electoral.<\/p>\n<p data-start=\"687\" data-end=\"868\"><img loading=\"lazy\" decoding=\"async\" class=\"wp-image-25059 alignleft\" src=\"https:\/\/radiobitacora.com.ar\/web\/wp-content\/uploads\/2025\/07\/possteo-la-vidriera-1-1.png\" alt=\"\" width=\"163\" height=\"163\" srcset=\"https:\/\/radiobitacora.com.ar\/web\/wp-content\/uploads\/2025\/07\/possteo-la-vidriera-1-1.png 1080w, https:\/\/radiobitacora.com.ar\/web\/wp-content\/uploads\/2025\/07\/possteo-la-vidriera-1-1-696x696.png 696w, https:\/\/radiobitacora.com.ar\/web\/wp-content\/uploads\/2025\/07\/possteo-la-vidriera-1-1-1068x1068.png 1068w, https:\/\/radiobitacora.com.ar\/web\/wp-content\/uploads\/2025\/07\/possteo-la-vidriera-1-1-420x420.png 420w\" sizes=\"auto, (max-width: 163px) 100vw, 163px\" \/><\/p>\n<p data-start=\"870\" data-end=\"1232\">Para el <strong data-start=\"878\" data-end=\"899\">lunes 28 de julio<\/strong>, el invitado ser\u00e1 <strong data-start=\"918\" data-end=\"933\">Kike Caneva<\/strong>, candidato a intendente. El mi\u00e9rcoles 30, visitar\u00e1 el estudio <strong data-start=\"996\" data-end=\"1015\">Carlos Mart\u00ednez<\/strong>, actual intendente de San Isidro y tambi\u00e9n candidato a un nuevo mandato. Finalmente, el viernes 1 de agosto ser\u00e1 el turno de <strong data-start=\"1141\" data-end=\"1156\">Estela Juri<\/strong>, docente y candidata a intendente, quien compartir\u00e1 su visi\u00f3n y propuestas.<\/p>\n<p data-start=\"870\" data-end=\"1232\"><img loading=\"lazy\" decoding=\"async\" class=\"wp-image-25060 alignleft\" src=\"https:\/\/radiobitacora.com.ar\/web\/wp-content\/uploads\/2025\/07\/possteo-la-vidriera-4.png\" alt=\"\" width=\"163\" height=\"163\" srcset=\"https:\/\/radiobitacora.com.ar\/web\/wp-content\/uploads\/2025\/07\/possteo-la-vidriera-4.png 1080w, https:\/\/radiobitacora.com.ar\/web\/wp-content\/uploads\/2025\/07\/possteo-la-vidriera-4-696x696.png 696w, https:\/\/radiobitacora.com.ar\/web\/wp-content\/uploads\/2025\/07\/possteo-la-vidriera-4-1068x1068.png 1068w, https:\/\/radiobitacora.com.ar\/web\/wp-content\/uploads\/2025\/07\/possteo-la-vidriera-4-420x420.png 420w\" sizes=\"auto, (max-width: 163px) 100vw, 163px\" \/><\/p>\n<p data-start=\"1234\" data-end=\"1560\">\u201cLa Vidriera\u201d es un programa de formato multiplataforma, que puede sintonizarse no solo a trav\u00e9s de FM 98.9, sino tambi\u00e9n por Canal 1.1 Gowigo, en el sitio web oficial <em data-start=\"1402\" data-end=\"1424\">radiobitacora.com.ar<\/em>, y en las redes sociales de la emisora: Instagram (@radiobitacora98.9), Facebook (Radio Bit\u00e1cora 98.9) y YouTube (Radio Bit\u00e1cora Goya).<\/p>\n<p data-start=\"1562\" data-end=\"1780\">\n<p data-start=\"1562\" data-end=\"1780\"><img loading=\"lazy\" decoding=\"async\" class=\"wp-image-25061 alignleft\" src=\"https:\/\/radiobitacora.com.ar\/web\/wp-content\/uploads\/2025\/07\/possteo-la-vidriera-6.png\" alt=\"\" width=\"160\" height=\"160\" srcset=\"https:\/\/radiobitacora.com.ar\/web\/wp-content\/uploads\/2025\/07\/possteo-la-vidriera-6.png 1080w, https:\/\/radiobitacora.com.ar\/web\/wp-content\/uploads\/2025\/07\/possteo-la-vidriera-6-696x696.png 696w, https:\/\/radiobitacora.com.ar\/web\/wp-content\/uploads\/2025\/07\/possteo-la-vidriera-6-1068x1068.png 1068w, https:\/\/radiobitacora.com.ar\/web\/wp-content\/uploads\/2025\/07\/possteo-la-vidriera-6-420x420.png 420w\" sizes=\"auto, (max-width: 160px) 100vw, 160px\" \/><\/p>\n<p data-start=\"1562\" data-end=\"1780\">Con un enfoque de cercan\u00eda, sin intermediarios, el programa se propone como un espacio donde \u201cla pol\u00edtica se muestra sin filtro\u201d, generando un puente directo entre los protagonistas de la escena p\u00fablica y la comunidad.<\/p>\n<p data-start=\"1562\" data-end=\"1780\">\n<p data-start=\"1562\" data-end=\"1780\"><img loading=\"lazy\" decoding=\"async\" class=\"wp-image-25062 alignleft\" src=\"https:\/\/radiobitacora.com.ar\/web\/wp-content\/uploads\/2025\/07\/possteo-la-vidriera-5.png\" alt=\"\" width=\"163\" height=\"163\" srcset=\"https:\/\/radiobitacora.com.ar\/web\/wp-content\/uploads\/2025\/07\/possteo-la-vidriera-5.png 1080w, https:\/\/radiobitacora.com.ar\/web\/wp-content\/uploads\/2025\/07\/possteo-la-vidriera-5-696x696.png 696w, https:\/\/radiobitacora.com.ar\/web\/wp-content\/uploads\/2025\/07\/possteo-la-vidriera-5-1068x1068.png 1068w, https:\/\/radiobitacora.com.ar\/web\/wp-content\/uploads\/2025\/07\/possteo-la-vidriera-5-420x420.png 420w\" sizes=\"auto, (max-width: 163px) 100vw, 163px\" \/><\/p>\n","protected":false},"excerpt":{"rendered":"<p>El espacio radial \u201cLa Vidriera\u201d, que se emite por Radio Bit\u00e1cora 98.9, ya tiene confirmada su agenda de entrevistas para esta semana. Bajo la conducci\u00f3n de Pedro S\u00e1, el programa se transmite los d\u00edas lunes, mi\u00e9rcoles y viernes, de 17 a 18 horas, y se consolida como una propuesta de an\u00e1lisis pol\u00edtico directo, con la [&hellip;]<\/p>\n","protected":false},"author":2,"featured_media":25058,"comment_status":"closed","ping_status":"closed","sticky":false,"template":"","format":"standard","meta":{"footnotes":""},"categories":[79],"tags":[],"class_list":{"0":"post-25057","1":"post","2":"type-post","3":"status-publish","4":"format-standard","5":"has-post-thumbnail","7":"category-politica"},"_links":{"self":[{"href":"https:\/\/radiobitacora.com.ar\/web\/wp-json\/wp\/v2\/posts\/25057","targetHints":{"allow":["GET"]}}],"collection":[{"href":"https:\/\/radiobitacora.com.ar\/web\/wp-json\/wp\/v2\/posts"}],"about":[{"href":"https:\/\/radiobitacora.com.ar\/web\/wp-json\/wp\/v2\/types\/post"}],"author":[{"embeddable":true,"href":"https:\/\/radiobitacora.com.ar\/web\/wp-json\/wp\/v2\/users\/2"}],"replies":[{"embeddable":true,"href":"https:\/\/radiobitacora.com.ar\/web\/wp-json\/wp\/v2\/comments?post=25057"}],"version-history":[{"count":0,"href":"https:\/\/radiobitacora.com.ar\/web\/wp-json\/wp\/v2\/posts\/25057\/revisions"}],"wp:featuredmedia":[{"embeddable":true,"href":"https:\/\/radiobitacora.com.ar\/web\/wp-json\/wp\/v2\/media\/25058"}],"wp:attachment":[{"href":"https:\/\/radiobitacora.com.ar\/web\/wp-json\/wp\/v2\/media?parent=25057"}],"wp:term":[{"taxonomy":"category","embeddable":true,"href":"https:\/\/radiobitacora.com.ar\/web\/wp-json\/wp\/v2\/categories?post=25057"},{"taxonomy":"post_tag","embeddable":true,"href":"https:\/\/radiobitacora.com.ar\/web\/wp-json\/wp\/v2\/tags?post=25057"}],"curies":[{"name":"wp","href":"https:\/\/api.w.org\/{rel}","templated":true}]}}