{"id":25071,"date":"2025-07-27T19:10:37","date_gmt":"2025-07-27T22:10:37","guid":{"rendered":"https:\/\/radiobitacora.com.ar\/web\/?p=25071"},"modified":"2025-07-27T19:10:37","modified_gmt":"2025-07-27T22:10:37","slug":"un-pacto-entre-una-madre-y-una-partera-y-una-adolescente-obligada-a-renunciar-a-su-hija-perdon-por-haber-sido-cobarde","status":"publish","type":"post","link":"https:\/\/radiobitacora.com.ar\/web\/2025\/07\/27\/un-pacto-entre-una-madre-y-una-partera-y-una-adolescente-obligada-a-renunciar-a-su-hija-perdon-por-haber-sido-cobarde\/","title":{"rendered":"UN PACTO ENTRE UNA MADRE Y UNA PARTERA, Y UNA ADOLESCENTE OBLIGADA A RENUNCIAR A SU HIJA: \u201cPERD\u00d3N POR HABER SIDO COBARDE\u201d"},"content":{"rendered":"<header class=\"article-header-wrapper\">\n<div class=\"article-header\">\n<h2 class=\"article-subheadline text_align_left\">Alejandra Arreguez ocult\u00f3 su embarazo durante siete meses. Ten\u00eda 17 a\u00f1os cuando su mam\u00e1 la descubri\u00f3 y la llev\u00f3 a vivir con una partera que vend\u00eda beb\u00e9s. El 11 de abril de 1983 dio a luz a una nena a la que nunca volvi\u00f3 a ver. Cuarenta a\u00f1os despu\u00e9s, la sigue buscando<\/h2>\n<div class=\"display_flex align_items_center flex_row byline\">\n<div class=\"display_flex byline-image-ctn\">\n<div class=\"author-image-header\">\n<div class=\"\"><picture><source srcset=\"https:\/\/www.infobae.com\/resizer\/v2\/https%3A%2F%2Fs3.amazonaws.com%2Farc-authors%2Finfobae%2F3e3123c4-dc19-4dab-9fa5-247b84797205.jpg?auth=eb759d0286adfd6655125d81afa1c807681b2da5da825db7b6a2a56a928b26ad&amp;smart=true&amp;width=40&amp;height=40&amp;quality=85\" media=\"(min-width: 80px)\" \/><img loading=\"lazy\" decoding=\"async\" class=\"global-image byline-author-image\" src=\"https:\/\/www.infobae.com\/resizer\/v2\/https%3A%2F%2Fs3.amazonaws.com%2Farc-authors%2Finfobae%2F3e3123c4-dc19-4dab-9fa5-247b84797205.jpg?auth=eb759d0286adfd6655125d81afa1c807681b2da5da825db7b6a2a56a928b26ad&amp;smart=true&amp;width=40&amp;height=40&amp;quality=85\" alt=\"Florencia Illbele\" width=\"1\" height=\"1\" \/><\/picture><\/div>\n<\/div>\n<\/div>\n<\/div>\n<\/div>\n<\/header>\n<article class=\"article\">\n<div class=\"sharebar-container display_flex\">\n<div class=\"sharebar-buttons-container display_flex\">\n<div class=\"sharebar-buttons-separator\"><\/div>\n<p><button class=\"sharemenu-buttons display_flex\" aria-label=\"Compartir en Telegram\"><\/button><button class=\"sharemenu-buttons display_flex\" aria-label=\"Compartir en Linkedin\"><\/button><button class=\"sharemenu-buttons display_flex\" aria-label=\"Compartir en Twitter\"><\/button><button class=\"sharemenu-buttons display_flex\" aria-label=\"Compartir en Whatsapp\"><\/button><button class=\"sharemenu-buttons display_flex\" aria-label=\"Compartir en Facebook\"><\/button><\/div>\n<\/div>\n<div class=\"body-article \">\n<div class=\"visual__image image-initial-width\"><picture><source srcset=\"https:\/\/www.infobae.com\/resizer\/v2\/NYRMGRFHXNF7BJZZLKSCO6Y5FY.jpg?auth=1199945d7313a3d9eb29342b6dc7458ebb46255a6115b8fa174cebd8957a6028&amp;smart=true&amp;width=992&amp;height=558&amp;quality=85\" media=\"(min-width: 1000px)\" \/><source srcset=\"https:\/\/www.infobae.com\/resizer\/v2\/NYRMGRFHXNF7BJZZLKSCO6Y5FY.jpg?auth=1199945d7313a3d9eb29342b6dc7458ebb46255a6115b8fa174cebd8957a6028&amp;smart=true&amp;width=768&amp;height=432&amp;quality=85\" media=\"(min-width: 768px)\" \/><source srcset=\"https:\/\/www.infobae.com\/resizer\/v2\/NYRMGRFHXNF7BJZZLKSCO6Y5FY.jpg?auth=1199945d7313a3d9eb29342b6dc7458ebb46255a6115b8fa174cebd8957a6028&amp;smart=true&amp;width=577&amp;height=325&amp;quality=85\" media=\"(min-width: 580px)\" \/><source srcset=\"https:\/\/www.infobae.com\/resizer\/v2\/NYRMGRFHXNF7BJZZLKSCO6Y5FY.jpg?auth=1199945d7313a3d9eb29342b6dc7458ebb46255a6115b8fa174cebd8957a6028&amp;smart=true&amp;width=420&amp;height=236&amp;quality=85\" media=\"(min-width: 350px)\" \/><source srcset=\"https:\/\/www.infobae.com\/resizer\/v2\/NYRMGRFHXNF7BJZZLKSCO6Y5FY.jpg?auth=1199945d7313a3d9eb29342b6dc7458ebb46255a6115b8fa174cebd8957a6028&amp;smart=true&amp;width=350&amp;height=197&amp;quality=85\" media=\"(min-width: 80px)\" \/><\/picture>Alejandra Arreguez tiene 60 a\u00f1os, vive en el barrio porte\u00f1o de San Crist\u00f3bal y es licenciada en Trabajo Social<\/div>\n<p class=\"paragraph\" data-mrf-recirculation=\"Links inline\">Cuando su madre se enter\u00f3 de que estaba embarazada, primero la golpe\u00f3. Despu\u00e9s la llev\u00f3 con la abortera del barrio. Fue en febrero de 1983.\u00a0<b>Alejandra Arreguez<\/b>\u00a0ten\u00eda 17 a\u00f1os y\u00a0<b>hac\u00eda siete meses que ocultaba su panza<\/b>. \u201cLa escond\u00ed como pude. Pesaba, creo, 40 kilos. No se notaba absolutamente nada. Mi mam\u00e1 empez\u00f3 a sospechar porque not\u00f3 que yo no menstruaba. Lo termin\u00f3 de confirmar cuando entr\u00f3 a revisarme mientras me estaba ba\u00f1ando\u201d, cuenta hoy, a los 60 a\u00f1os, con la voz firme y la memoria intacta.<\/p>\n<div class=\"news-module\" data-mrf-recirculation=\"IL_2_GB_9O-QPaEgG0T7rEvhQ\" data-testid=\"text-html\" data-mrf-experience=\"IL_2_GB_9O-QPaEgG0T7rEvhQ\">\n<div class=\"recommended-card__info\"><\/div>\n<\/div>\n<p class=\"paragraph\" data-mrf-recirculation=\"Links inline\">La historia ocurri\u00f3 en una casa com\u00fan del conurbano bonaerense. En ese momento, los Arreguez se hab\u00edan divorciado y Alejandra viv\u00eda junto a su madre, Dora, y sus dos hermanos menores, Stella Maris y Carlos. En el fondo del terreno, separada apenas por un alambre, estaba la casa de Jorge: el chico del que ella se hab\u00eda enamorado y al que su mam\u00e1 detestaba. \u201c\u00c9l quer\u00eda que nos cas\u00e1ramos y nos fu\u00e9ramos juntos, pero yo no me anim\u00e9. Le ten\u00eda p\u00e1nico a mi vieja\u201d, dice.<\/p>\n<div class=\"inline ad-wrapper\">\n<div class=\"dfpAd ad-inline\">\n<div id=\"infobae\/sociedad\/nota\/inline\" class=\"infobae\/sociedad\/nota\/inline arcad\" data-google-query-id=\"CIecuvqF3o4DFXxcuAQdlrMuTw\">\n<div id=\"google_ads_iframe_\/1058609\/infobae\/sociedad\/nota\/inline_0__container__\"><\/div>\n<\/div>\n<\/div>\n<\/div>\n<p class=\"paragraph\" data-mrf-recirculation=\"Links inline\">Alejandra describe a su madre como una mujer violenta y autoritaria. Justamente, fue ella quien decidi\u00f3 lo que hab\u00eda que hacer con ese beb\u00e9 \u201cno deseado\u201d.\u00a0<b>Como el aborto no fue posible, su madre puso en marcha otro plan<\/b>: la mand\u00f3 a vivir a la casa de una partera llamada\u00a0<b>Pura Clarilda Rojas<\/b>. All\u00ed, Alejandra transit\u00f3 el \u00faltimo mes y medio de gestaci\u00f3n, sin saber que esa mujer se dedicaba a vender beb\u00e9s.<\/p>\n<p class=\"paragraph\" data-mrf-recirculation=\"Links inline\">La maniobra se termin\u00f3 de ejecutar el 11 de abril, cuando Alejandra fue trasladada al hospital materno infantil \u201cTeresa Luisa Germani\u201d, de Gregorio de Laferr\u00e8re. Ese d\u00eda naci\u00f3 Ver\u00f3nica. Fue registrada como NN. Alejandra la tuvo unos minutos en brazos y nunca m\u00e1s volvi\u00f3 a verla. Hoy, m\u00e1s de 40 a\u00f1os despu\u00e9s, todav\u00eda la busca.<\/p>\n<div class=\"visual__image\"><picture><source srcset=\"https:\/\/www.infobae.com\/resizer\/v2\/MOQIWI5AZ5AA5J5UPEEVCBUR3M.jpg?auth=4d9e19d77535d242216bef46fdefaaf591220a69ae63c0bc764adc717183fbe8&amp;smart=true&amp;width=992&amp;height=1323&amp;quality=85\" media=\"(min-width: 1000px)\" \/><source srcset=\"https:\/\/www.infobae.com\/resizer\/v2\/MOQIWI5AZ5AA5J5UPEEVCBUR3M.jpg?auth=4d9e19d77535d242216bef46fdefaaf591220a69ae63c0bc764adc717183fbe8&amp;smart=true&amp;width=768&amp;height=1024&amp;quality=85\" media=\"(min-width: 768px)\" \/><source srcset=\"https:\/\/www.infobae.com\/resizer\/v2\/MOQIWI5AZ5AA5J5UPEEVCBUR3M.jpg?auth=4d9e19d77535d242216bef46fdefaaf591220a69ae63c0bc764adc717183fbe8&amp;smart=true&amp;width=577&amp;height=769&amp;quality=85\" media=\"(min-width: 580px)\" \/><source srcset=\"https:\/\/www.infobae.com\/resizer\/v2\/MOQIWI5AZ5AA5J5UPEEVCBUR3M.jpg?auth=4d9e19d77535d242216bef46fdefaaf591220a69ae63c0bc764adc717183fbe8&amp;smart=true&amp;width=420&amp;height=560&amp;quality=85\" media=\"(min-width: 350px)\" \/><source srcset=\"https:\/\/www.infobae.com\/resizer\/v2\/MOQIWI5AZ5AA5J5UPEEVCBUR3M.jpg?auth=4d9e19d77535d242216bef46fdefaaf591220a69ae63c0bc764adc717183fbe8&amp;smart=true&amp;width=350&amp;height=467&amp;quality=85\" media=\"(min-width: 80px)\" \/><img loading=\"lazy\" decoding=\"async\" class=\"global-image\" src=\"https:\/\/www.infobae.com\/resizer\/v2\/MOQIWI5AZ5AA5J5UPEEVCBUR3M.jpg?auth=4d9e19d77535d242216bef46fdefaaf591220a69ae63c0bc764adc717183fbe8&amp;smart=true&amp;width=350&amp;height=467&amp;quality=85\" alt=\"Alejandra cuando cumpli\u00f3 los 15.\" width=\"1536\" height=\"2048\" \/><\/picture>Alejandra cuando cumpli\u00f3 los 15. Dos a\u00f1os despu\u00e9s qued\u00f3 embarazada de su vecino Jorge<\/div>\n<div class=\"headline-wrapper\">\n<h2 class=\"header headline-class-h2\"><\/h2>\n<\/div>\n<div class=\"inline_2_DSK ad-wrapper ad-desktop\">\n<div class=\"dfpAd ad-inline\">\n<div id=\"infobae\/sociedad\/nota\/inline_2_DSK\" class=\"infobae\/sociedad\/nota\/inline_2_DSK arcad\" data-google-query-id=\"COvmz_qF3o4DFYtJuAQdl8EpIg\">\n<div id=\"google_ads_iframe_\/1058609\/infobae\/sociedad\/nota\/inline_2_DSK_0__container__\"><\/div>\n<\/div>\n<\/div>\n<\/div>\n<p class=\"paragraph\" data-mrf-recirculation=\"Links inline\">Las \u00faltimas seis semanas de su embarazo, Alejandra vivi\u00f3 en la casa de Pura, ubicada en la esquina de Tornquist y Carlos Encina, en Isidro Casanova. Su madre la hab\u00eda dejado all\u00ed con un bolso y, seg\u00fan cuenta, la visitaba una vez por semana para dejarle algunos productos de higiene personal.\u00a0<b>De aquellos d\u00edas, hay un recuerdo que todav\u00eda no se le borra: el olor del jab\u00f3n\u00a0<\/b><i><b>Nivea<\/b><\/i>. \u201cSiempre me tra\u00eda uno. Hasta el d\u00eda de hoy no soporto ese aroma. Me resulta desagradable\u201d, dice.<\/p>\n<p class=\"paragraph\" data-mrf-recirculation=\"Links inline\">La convivencia con Pura era buena. La mujer la trataba bien, le daba libertad para salir y hablar con los vecinos. Durante ese per\u00edodo, Alejandra pudo mostrar su panza por primera vez sin necesidad de esconderse. \u201c<b>Creo que fue el \u00fanico momento en que disfrut\u00e9 el embarazo. Iba a hacer las compras con mi bat\u00f3n y me sent\u00eda libre. En la calle me preguntaban de cu\u00e1nto estaba o c\u00f3mo se iba a llamar. Nadie me cuestionaba<\/b>\u201d, dice.<\/p>\n<p class=\"paragraph\" data-mrf-recirculation=\"Links inline\">Con el tiempo, Alejandra descubrir\u00eda que esa supuesta contenci\u00f3n tuvo un precio: su madre le hab\u00eda pagado a Pura para que se hiciera cargo \u201cdel asunto\u201d. \u201cDespu\u00e9s supe que se dedicaba a vender chicos.\u00a0<b>No s\u00e9 cu\u00e1nto le pag\u00f3 mi madre, pero fue el equivalente al festejo de 15 de mi hermana: \u2018Por culpa de tu picard\u00eda se va a quedar sin cumplea\u00f1os\u2019, me dijo<\/b>\u201d.<\/p>\n<p class=\"paragraph\" data-mrf-recirculation=\"Links inline\">El d\u00eda del parto, Pura la llev\u00f3 al fondo de la casa, donde ten\u00eda montada una sala improvisada con una camilla. Intent\u00f3 asistir el nacimiento all\u00ed, pero al final cambi\u00f3 de decisi\u00f3n: \u201c<b>Me cerr\u00f3 las piernas y me dijo: \u2018Aguant\u00e1, porque vamos a ir al hospital\u2019.<\/b>\u00a0<b>Cuando baj\u00e9 de la ambulancia, ya estaba pariendo<\/b>. Lo primero que le pregunt\u00e9 a la enfermera fue qu\u00e9 color de ojos ten\u00eda, porque los del pap\u00e1 eran claros. Me respondi\u00f3 que era muy pronto para saber eso, que se defin\u00eda m\u00e1s adelante\u201d.<\/p>\n<div class=\"visual__image\"><picture><source srcset=\"https:\/\/www.infobae.com\/resizer\/v2\/F627TF6ANJHHLKZ6ICKVQFPWKU.jpg?auth=fe27ba5cc575fb82730ada0c3e08ffed937680e8737d5676819e89b8208695e0&amp;smart=true&amp;width=992&amp;height=1323&amp;quality=85\" media=\"(min-width: 1000px)\" \/><source srcset=\"https:\/\/www.infobae.com\/resizer\/v2\/F627TF6ANJHHLKZ6ICKVQFPWKU.jpg?auth=fe27ba5cc575fb82730ada0c3e08ffed937680e8737d5676819e89b8208695e0&amp;smart=true&amp;width=768&amp;height=1024&amp;quality=85\" media=\"(min-width: 768px)\" \/><source srcset=\"https:\/\/www.infobae.com\/resizer\/v2\/F627TF6ANJHHLKZ6ICKVQFPWKU.jpg?auth=fe27ba5cc575fb82730ada0c3e08ffed937680e8737d5676819e89b8208695e0&amp;smart=true&amp;width=577&amp;height=769&amp;quality=85\" media=\"(min-width: 580px)\" \/><source srcset=\"https:\/\/www.infobae.com\/resizer\/v2\/F627TF6ANJHHLKZ6ICKVQFPWKU.jpg?auth=fe27ba5cc575fb82730ada0c3e08ffed937680e8737d5676819e89b8208695e0&amp;smart=true&amp;width=420&amp;height=560&amp;quality=85\" media=\"(min-width: 350px)\" \/><source srcset=\"https:\/\/www.infobae.com\/resizer\/v2\/F627TF6ANJHHLKZ6ICKVQFPWKU.jpg?auth=fe27ba5cc575fb82730ada0c3e08ffed937680e8737d5676819e89b8208695e0&amp;smart=true&amp;width=350&amp;height=467&amp;quality=85\" media=\"(min-width: 80px)\" \/><img loading=\"lazy\" decoding=\"async\" class=\"global-image\" src=\"https:\/\/www.infobae.com\/resizer\/v2\/F627TF6ANJHHLKZ6ICKVQFPWKU.jpg?auth=fe27ba5cc575fb82730ada0c3e08ffed937680e8737d5676819e89b8208695e0&amp;smart=true&amp;width=350&amp;height=467&amp;quality=85\" alt=\"Alejandra en brazos de su\" width=\"1536\" height=\"2048\" \/><\/picture>Alejandra en brazos de su padre, Juan Carlos Arreguez<\/div>\n<p class=\"paragraph\" data-mrf-recirculation=\"Links inline\"><b>Ver\u00f3nica naci\u00f3 el 11 de abril de 1983 a las 21.15 horas y pes\u00f3 2,550 kilos<\/b>. Dora, la mam\u00e1 de Alejandra, jam\u00e1s entr\u00f3 a la habitaci\u00f3n. \u201cCada vez que se abr\u00eda la puerta, la ve\u00eda caminando por el pasillo.\u00a0<b>En el fondo, yo esperaba que viera al beb\u00e9 y cambiara de opini\u00f3n. Cre\u00eda que iba a enternecerla o ablandarla. Esa era mi esperanza<\/b>. Pero cuando vi que ni se acerc\u00f3, me imagin\u00e9 que algo iba a pasar\u201d, cuenta.<\/p>\n<p class=\"paragraph\" data-mrf-recirculation=\"Links inline\">La que se qued\u00f3 todo el tiempo con ella fue Pura. \u201cMe trajo un mont\u00f3n de ropa usada para vestir a mi beb\u00e9, porque yo no ten\u00eda qu\u00e9 ponerle\u201d, cuenta. Antes de irse del hospital, Alejandra hizo algo clave: anot\u00f3 todos los datos de la constancia de parto en una libreta. Grupo sangu\u00edneo, peso, hora del nacimiento. \u201cEsa hoja todav\u00eda la conservo\u201d, dice.<\/p>\n<p class=\"paragraph\" data-mrf-recirculation=\"Links inline\">Despu\u00e9s, lleg\u00f3 el momento m\u00e1s doloroso. Cuando sali\u00f3 del hospital regres\u00f3 a la casa de Pura con su hija en brazos.\u00a0<b>Al llegar, la mujer la hizo bajar del auto, le pidi\u00f3 que dejara a la beba sobre una cama y le orden\u00f3 que se fuera<\/b>: \u201cTu mam\u00e1 te est\u00e1 esperando en el auto\u201d. Alejandra obedeci\u00f3. Bes\u00f3 y abraz\u00f3 a Ver\u00f3nica, se subi\u00f3 al coche y llor\u00f3 todo el camino de regreso. \u201cLo \u00faltimo que me acuerdo es haber llegado a lo de mi mam\u00e1 y que estuvieran haciendo un asado. Me vest\u00ed y oscurec\u00ed en mi dormitorio\u201d, dice.<\/p>\n<div class=\"visual__image\"><picture><source srcset=\"https:\/\/www.infobae.com\/resizer\/v2\/KJOYJ4XBDVEATHWRFTJDMZOXS4.jpg?auth=91abefe06d144f3c1bf46ff816ac180095e9c56e08327c0b4665f38ad1006d80&amp;smart=true&amp;width=992&amp;height=948&amp;quality=85\" media=\"(min-width: 1000px)\" \/><source srcset=\"https:\/\/www.infobae.com\/resizer\/v2\/KJOYJ4XBDVEATHWRFTJDMZOXS4.jpg?auth=91abefe06d144f3c1bf46ff816ac180095e9c56e08327c0b4665f38ad1006d80&amp;smart=true&amp;width=768&amp;height=734&amp;quality=85\" media=\"(min-width: 768px)\" \/><source srcset=\"https:\/\/www.infobae.com\/resizer\/v2\/KJOYJ4XBDVEATHWRFTJDMZOXS4.jpg?auth=91abefe06d144f3c1bf46ff816ac180095e9c56e08327c0b4665f38ad1006d80&amp;smart=true&amp;width=577&amp;height=551&amp;quality=85\" media=\"(min-width: 580px)\" \/><source srcset=\"https:\/\/www.infobae.com\/resizer\/v2\/KJOYJ4XBDVEATHWRFTJDMZOXS4.jpg?auth=91abefe06d144f3c1bf46ff816ac180095e9c56e08327c0b4665f38ad1006d80&amp;smart=true&amp;width=420&amp;height=401&amp;quality=85\" media=\"(min-width: 350px)\" \/><source srcset=\"https:\/\/www.infobae.com\/resizer\/v2\/KJOYJ4XBDVEATHWRFTJDMZOXS4.jpg?auth=91abefe06d144f3c1bf46ff816ac180095e9c56e08327c0b4665f38ad1006d80&amp;smart=true&amp;width=350&amp;height=334&amp;quality=85\" media=\"(min-width: 80px)\" \/><img loading=\"lazy\" decoding=\"async\" class=\"global-image\" src=\"https:\/\/www.infobae.com\/resizer\/v2\/KJOYJ4XBDVEATHWRFTJDMZOXS4.jpg?auth=91abefe06d144f3c1bf46ff816ac180095e9c56e08327c0b4665f38ad1006d80&amp;smart=true&amp;width=350&amp;height=334&amp;quality=85\" alt=\"Alejandra cuando ten\u00eda 6 a\u00f1os.\" width=\"2048\" height=\"1957\" \/><\/picture>Alejandra cuando ten\u00eda 6 a\u00f1os. Si bien naci\u00f3 en Gregorio de Laferr\u00e8re, vivi\u00f3 diez a\u00f1os en el sur, en la provincia de Chubut, donde hizo la primaria<\/div>\n<div class=\"headline-wrapper\">\n<h2 class=\"header headline-class-h2\">Un reencuentro y una pregunta<\/h2>\n<\/div>\n<p class=\"paragraph\" data-mrf-recirculation=\"Links inline\">Dos a\u00f1os despu\u00e9s de que la separaran de su hija, Alejandra se fue a vivir con su padre, Juan Carlos. Fue entonces cuando se reencontr\u00f3 con Jorge.\u00a0<b>\u00c9l le dijo que la hab\u00eda buscado y quiso saber qu\u00e9 hab\u00eda pasado<\/b>. Ella no se anim\u00f3 a contarle la verdad. \u201cMe daba verg\u00fcenza. Le dije que me hab\u00edan hecho un aborto\u201d, recuerda. Pero Jorge no le crey\u00f3. \u201c\u00bfC\u00f3mo un aborto si estabas de siete meses? Tu vieja es una asesina\u201d, le dijo. Finalmente, Alejandra confes\u00f3 todo. Jorge volvi\u00f3 a insistir con algo que ya le hab\u00eda propuesto tiempo atr\u00e1s: casarse y buscar a su hija.<\/p>\n<p class=\"paragraph\" data-mrf-recirculation=\"Links inline\"><b>\u201cYo le dec\u00eda que \u2018S\u00ed\u2019, pero siempre fui infeliz para atreverme. Siempre tuve miedo de todo\u201d<\/b>, dice ella.<\/p>\n<p class=\"paragraph\" data-mrf-recirculation=\"Links inline\">A pesar de sus temores, avanzaron. Hablaron con sus respectivas familias. El padre de Alejandra y los padres de Jorge estuvieron de acuerdo. Pero Dora, una vez m\u00e1s, se opuso.\u00a0<b>\u201cSi vos te quer\u00e9s casar con mi hija, primero conseguite un trabajo, compr\u00e1 una casa y muebles\u201d<\/b>, exigi\u00f3. Jorge respondi\u00f3 que lo iban a hacer, pero juntos y de a poco. \u201cMientras tanto no la vas a ver\u201d, sentenci\u00f3 ella.<\/p>\n<p class=\"paragraph\" data-mrf-recirculation=\"Links inline\">Durante esa conversaci\u00f3n, Alejandra no dijo una palabra. \u201cEstaba sentada en un sill\u00f3n, inm\u00f3vil. No miraba a nadie. Ni a mi vieja, ni a Jorge, ni a mi viejo\u201d, recuerda. Jorge se puso de pie, la mir\u00f3 fijo y le dijo: \u201cS\u00ed que nos vamos a ver\u201d. Pero ella mantuvo la mirada clavada en el suelo. Entonces agarr\u00f3 su campera y se fue. Antes de salir, se dirigi\u00f3 a Dora con una frase que todav\u00eda resuena en la memoria de Alejandra:\u00a0<b>\u201cUsted nos tiene que decir qu\u00e9 hizo con nuestra hija\u201d<\/b>.<\/p>\n<div class=\"visual__image\"><picture><source srcset=\"https:\/\/www.infobae.com\/resizer\/v2\/GDOVCK4WXZHB7G4NHA2YF4TDKU.jpg?auth=aa1e5d586a8905042ac17191878cb29d9e487a88d615c8335dd0b20d79362f8d&amp;smart=true&amp;width=992&amp;height=1000&amp;quality=85\" media=\"(min-width: 1000px)\" \/><source srcset=\"https:\/\/www.infobae.com\/resizer\/v2\/GDOVCK4WXZHB7G4NHA2YF4TDKU.jpg?auth=aa1e5d586a8905042ac17191878cb29d9e487a88d615c8335dd0b20d79362f8d&amp;smart=true&amp;width=768&amp;height=774&amp;quality=85\" media=\"(min-width: 768px)\" \/><source srcset=\"https:\/\/www.infobae.com\/resizer\/v2\/GDOVCK4WXZHB7G4NHA2YF4TDKU.jpg?auth=aa1e5d586a8905042ac17191878cb29d9e487a88d615c8335dd0b20d79362f8d&amp;smart=true&amp;width=577&amp;height=581&amp;quality=85\" media=\"(min-width: 580px)\" \/><source srcset=\"https:\/\/www.infobae.com\/resizer\/v2\/GDOVCK4WXZHB7G4NHA2YF4TDKU.jpg?auth=aa1e5d586a8905042ac17191878cb29d9e487a88d615c8335dd0b20d79362f8d&amp;smart=true&amp;width=420&amp;height=423&amp;quality=85\" media=\"(min-width: 350px)\" \/><source srcset=\"https:\/\/www.infobae.com\/resizer\/v2\/GDOVCK4WXZHB7G4NHA2YF4TDKU.jpg?auth=aa1e5d586a8905042ac17191878cb29d9e487a88d615c8335dd0b20d79362f8d&amp;smart=true&amp;width=350&amp;height=353&amp;quality=85\" media=\"(min-width: 80px)\" \/><img loading=\"lazy\" decoding=\"async\" class=\"global-image\" src=\"https:\/\/www.infobae.com\/resizer\/v2\/GDOVCK4WXZHB7G4NHA2YF4TDKU.jpg?auth=aa1e5d586a8905042ac17191878cb29d9e487a88d615c8335dd0b20d79362f8d&amp;smart=true&amp;width=350&amp;height=353&amp;quality=85\" alt=\"Alejandra y su hijo Mauro,\" width=\"774\" height=\"780\" \/><\/picture>Alejandra y su hijo Mauro, quien tiene 28 a\u00f1os<\/div>\n<p class=\"paragraph\" data-mrf-recirculation=\"Links inline\">Hasta ese momento, Alejandra todav\u00eda cre\u00eda que su hija estaba con Pura. \u201cPensaba que se la hab\u00eda quedado ella. Jam\u00e1s me imagin\u00e9 toda esta historia que descubr\u00ed d\u00e9cadas despu\u00e9s\u201d, cuenta. Por eso\u00a0<b>volvi\u00f3 dos veces a la casa de la partera<\/b>, con la esperanza de encontrar alguna pista. La primera fue a los 21 a\u00f1os. Golpe\u00f3 la puerta y le dijo a Pura que quer\u00eda averiguar sobre un aborto. \u201c<b>Ella ni se acordaba de m\u00ed. Le ped\u00ed pasar al ba\u00f1o para ver si hab\u00eda cepillitos o juguetes de nena, algo que me diera un indicio, pero no vi nada. Ni siquiera fotos. Miraba todo y no registraba nada<\/b>\u201d, recuerda.<\/p>\n<div class=\"undefined ad-wrapper\">\n<div class=\"dfpAd \">\n<div id=\"infobae\/sociedad\/nota\/undefined\" class=\"infobae\/sociedad\/nota\/undefined arcad\"><\/div>\n<\/div>\n<\/div>\n<p class=\"paragraph\" data-mrf-recirculation=\"Links inline\">La segunda vez fue casi una d\u00e9cada m\u00e1s tarde, poco antes de tener a su segundo hijo, Mauro. Tampoco encontr\u00f3 ninguna se\u00f1al.<\/p>\n<p class=\"paragraph\" data-mrf-recirculation=\"Links inline\">Despu\u00e9s de eso, dej\u00f3 de buscar a Ver\u00f3nica.\u00a0<b>\u201cNo quer\u00eda lastimar a mi pobre vieja\u201d, dice<\/b>. Pero el cuerpo empez\u00f3 a hablar: \u201cArranqu\u00e9 con dolores de cabeza muy fuertes. Despu\u00e9s no pod\u00eda mover el pie derecho, se me aflojaba la pierna. M\u00e1s adelante me internaron y me sacaron la ves\u00edcula. Baj\u00e9 como 20 kilos. Lleg\u00f3 un momento en que tuve que elegir: era ella o yo\u201d.<\/p>\n<div class=\"visual__image\"><picture><source srcset=\"https:\/\/www.infobae.com\/resizer\/v2\/KOQWNCUHTZBQDLWUFP77QFOH4U.jpg?auth=b6456ba3a2eb29b0b41f96ea41cbd5da34146db4e6ea654ddf4e0db9e0dfe4c5&amp;smart=true&amp;width=992&amp;height=1318&amp;quality=85\" media=\"(min-width: 1000px)\" \/><source srcset=\"https:\/\/www.infobae.com\/resizer\/v2\/KOQWNCUHTZBQDLWUFP77QFOH4U.jpg?auth=b6456ba3a2eb29b0b41f96ea41cbd5da34146db4e6ea654ddf4e0db9e0dfe4c5&amp;smart=true&amp;width=768&amp;height=1021&amp;quality=85\" media=\"(min-width: 768px)\" \/><source srcset=\"https:\/\/www.infobae.com\/resizer\/v2\/KOQWNCUHTZBQDLWUFP77QFOH4U.jpg?auth=b6456ba3a2eb29b0b41f96ea41cbd5da34146db4e6ea654ddf4e0db9e0dfe4c5&amp;smart=true&amp;width=577&amp;height=767&amp;quality=85\" media=\"(min-width: 580px)\" \/><source srcset=\"https:\/\/www.infobae.com\/resizer\/v2\/KOQWNCUHTZBQDLWUFP77QFOH4U.jpg?auth=b6456ba3a2eb29b0b41f96ea41cbd5da34146db4e6ea654ddf4e0db9e0dfe4c5&amp;smart=true&amp;width=420&amp;height=558&amp;quality=85\" media=\"(min-width: 350px)\" \/><source srcset=\"https:\/\/www.infobae.com\/resizer\/v2\/KOQWNCUHTZBQDLWUFP77QFOH4U.jpg?auth=b6456ba3a2eb29b0b41f96ea41cbd5da34146db4e6ea654ddf4e0db9e0dfe4c5&amp;smart=true&amp;width=350&amp;height=465&amp;quality=85\" media=\"(min-width: 80px)\" \/><img loading=\"lazy\" decoding=\"async\" class=\"global-image\" src=\"https:\/\/www.infobae.com\/resizer\/v2\/KOQWNCUHTZBQDLWUFP77QFOH4U.jpg?auth=b6456ba3a2eb29b0b41f96ea41cbd5da34146db4e6ea654ddf4e0db9e0dfe4c5&amp;smart=true&amp;width=350&amp;height=465&amp;quality=85\" alt=\"Desde que hizo p\u00fablica su\" width=\"1204\" height=\"1600\" \/><\/picture>Desde que hizo p\u00fablica su b\u00fasqueda, cada 24 de marzo, Alejandra asiste a las marchas por el D\u00eda Nacional de la Memoria por la Verdad y la Justicia con un cartel<\/div>\n<div class=\"headline-wrapper\">\n<h2 class=\"header headline-class-h2\">\u201cHijo, ten\u00e9s una hermana\u201d<\/h2>\n<\/div>\n<p class=\"paragraph\" data-mrf-recirculation=\"Links inline\">Alejandra volvi\u00f3 a ser mam\u00e1 en abril de 1997. A diferencia de lo que sucedi\u00f3 con Ver\u00f3nica, cuando naci\u00f3 Mauro, su madre fue a la cl\u00ednica y se instal\u00f3 en la habitaci\u00f3n con ella. \u201cEn ese momento la odiaba. Pensaba: \u2018No necesito esto ahora. Lo hubiera necesitado antes y no lo hiciste\u2019. Jam\u00e1s se lo dije\u201d, cuenta.<\/p>\n<div class=\"undefined ad-wrapper\">\n<div class=\"dfpAd \">\n<div id=\"infobae\/sociedad\/nota\/undefined\" class=\"infobae\/sociedad\/nota\/undefined arcad\"><\/div>\n<\/div>\n<\/div>\n<p class=\"paragraph\" data-mrf-recirculation=\"Links inline\">El v\u00ednculo entre ellas segu\u00eda siendo opresivo.\u00a0<b>\u201cNunca me dio explicaciones de nada\u201d, asegura Alejandra<\/b>\u00a0que, durante a\u00f1os, sinti\u00f3 que no ten\u00eda decisi\u00f3n propia. \u201cMe da un poco de verg\u00fcenza contarlo, pero hasta hace muy poco, mi vieja me daba terror. Si en un almuerzo yo dec\u00eda: \u2018Me gustaron unas botas\u2019 y ella respond\u00eda: \u2018\u00bfPor qu\u00e9 no te las compr\u00e1s?\u2019, me las compraba. Pero si me dec\u00eda: \u2018\u00bfM\u00e1s botas?\u2019, no lo hac\u00eda\u201d.<\/p>\n<p class=\"paragraph\" data-mrf-recirculation=\"Links inline\">Sumida en esa din\u00e1mica, algo cambi\u00f3 cuando Dora sufri\u00f3 un\u00a0<a title=\"https:\/\/www.infobae.com\/salud\/2025\/07\/15\/que-es-y-cuales-son-los-sintomas-del-acv-isquemico-la-afeccion-de-alejandra-locomotora-oliveras\/\" href=\"https:\/\/www.infobae.com\/salud\/2025\/07\/15\/que-es-y-cuales-son-los-sintomas-del-acv-isquemico-la-afeccion-de-alejandra-locomotora-oliveras\/\" target=\"_blank\" rel=\"noopener noreferrer\" data-mrf-link=\"https:\/\/www.infobae.com\/salud\/2025\/07\/15\/que-es-y-cuales-son-los-sintomas-del-acv-isquemico-la-afeccion-de-alejandra-locomotora-oliveras\/\"><i><b>ACV isqu\u00e9mico<\/b><\/i><\/a>\u00a0a mediados de 2022. \u201cQued\u00f3 internada en el hospital de Cl\u00ednicas y yo estaba segura de que no volv\u00eda. As\u00ed que planifiqu\u00e9 mi vida en base a eso.\u00a0<b>\u2018Voy a poder buscar a mi hija, le voy a poder contar a Mauro que tiene una hermana y tambi\u00e9n voy a poder hablarlo con mis amigos\u2019, pensaba<\/b>\u201d. Pero cuando los m\u00e9dicos le confirmaron que a su madre no le hab\u00edan quedado secuelas, el impacto fue brutal. \u201cAh\u00ed empec\u00e9 terapia\u201d, cuenta.<\/p>\n<p class=\"paragraph\" data-mrf-recirculation=\"Links inline\">Lo primero que hizo fue hablar con su hermano menor, Carlos. Le dijo que no pod\u00eda vivir m\u00e1s con su madre y \u00e9l acept\u00f3 llev\u00e1rsela a su casa. Para ese momento, Alejandra ya hab\u00eda llamado a la\u00a0<b>Comisi\u00f3n Nacional por el Derecho a la Identidad (CoNaDI)<\/b>\u00a0y ten\u00eda turno para dejar una muestra de sangre. Estaba convencida de que el resultado le iba a dar positivo, no sab\u00eda por qu\u00e9, pero lo sent\u00eda as\u00ed. Por eso, cuando en julio de 2023 le informaron que era negativo, el golpe fue fuerte.<\/p>\n<p class=\"paragraph\" data-mrf-recirculation=\"Links inline\">El siguiente paso fue cont\u00e1rselo a Mauro. \u201cMe preocupaba su reacci\u00f3n. Se lo dije despu\u00e9s de que mi mam\u00e1 se fue, el primer fin de semana que nos quedamos solos.\u00a0<b>Al principio no me contestaba nada. \u2018\u00bfEst\u00e1s enojado?\u2019, le pregunt\u00e9. Y pobrecito, se puso a llorar: \u2018Tengo una hermana\u2019, dec\u00eda\u201d<\/b>. Despu\u00e9s organizaron una reuni\u00f3n familiar. Delante de todos, Alejandra le dijo a su madre que iba a buscar a su hija, que Mauro ya lo sab\u00eda, que iba a contar su historia en redes sociales y que no iba a ocultarla m\u00e1s. Fue entonces cuando comenzaron a aparecer otras piezas del rompecabezas.<\/p>\n<p class=\"paragraph\" data-mrf-recirculation=\"Links inline\">\u201cMis primas me contaron que dos de mis t\u00edas estaban involucradas, que mi vieja no lo hizo todo sola. Me sorpend\u00ed.\u00a0<b>Yo pensaba que nadie en la familia lo sab\u00eda. Pero cuando empec\u00e9 a abrirme, me dec\u00edan: \u2018Ay, nosotros dec\u00edamos: \u00bfcu\u00e1ndo ir\u00e1 a buscar?\u2019<\/b>\u201d. Esa sinceridad repentina le provoc\u00f3 una mezcla de alivio y enojo. \u201cMe ca\u00eda bien y me ca\u00eda mal. Porque pensaba:\u00a0<b>\u2018\u00bfVos lo sab\u00edas y nunca me diste pie a hablar?\u2019<\/b>\u201d.<\/p>\n<div class=\"visual__image\"><picture><source srcset=\"https:\/\/www.infobae.com\/resizer\/v2\/6MU5XSR74BB7BA2OCKXJH5ABLI.jpg?auth=431edb771b5687c9f77b259a115598e7d0960c196196722893030a8874cdc7ed&amp;smart=true&amp;width=992&amp;height=1570&amp;quality=85\" media=\"(min-width: 1000px)\" \/><source srcset=\"https:\/\/www.infobae.com\/resizer\/v2\/6MU5XSR74BB7BA2OCKXJH5ABLI.jpg?auth=431edb771b5687c9f77b259a115598e7d0960c196196722893030a8874cdc7ed&amp;smart=true&amp;width=768&amp;height=1216&amp;quality=85\" media=\"(min-width: 768px)\" \/><source srcset=\"https:\/\/www.infobae.com\/resizer\/v2\/6MU5XSR74BB7BA2OCKXJH5ABLI.jpg?auth=431edb771b5687c9f77b259a115598e7d0960c196196722893030a8874cdc7ed&amp;smart=true&amp;width=577&amp;height=913&amp;quality=85\" media=\"(min-width: 580px)\" \/><source srcset=\"https:\/\/www.infobae.com\/resizer\/v2\/6MU5XSR74BB7BA2OCKXJH5ABLI.jpg?auth=431edb771b5687c9f77b259a115598e7d0960c196196722893030a8874cdc7ed&amp;smart=true&amp;width=420&amp;height=665&amp;quality=85\" media=\"(min-width: 350px)\" \/><source srcset=\"https:\/\/www.infobae.com\/resizer\/v2\/6MU5XSR74BB7BA2OCKXJH5ABLI.jpg?auth=431edb771b5687c9f77b259a115598e7d0960c196196722893030a8874cdc7ed&amp;smart=true&amp;width=350&amp;height=554&amp;quality=85\" media=\"(min-width: 80px)\" \/><img loading=\"lazy\" decoding=\"async\" class=\"global-image\" src=\"https:\/\/www.infobae.com\/resizer\/v2\/6MU5XSR74BB7BA2OCKXJH5ABLI.jpg?auth=431edb771b5687c9f77b259a115598e7d0960c196196722893030a8874cdc7ed&amp;smart=true&amp;width=350&amp;height=554&amp;quality=85\" alt=\"La publicaci\u00f3n de Alejandra contando\" width=\"568\" height=\"899\" \/><\/picture>La publicaci\u00f3n de Alejandra contando su historia<\/div>\n<div class=\"headline-wrapper\">\n<h2 class=\"header headline-class-h2\">\u201cHija, te busco\u201d<\/h2>\n<\/div>\n<p class=\"paragraph\" data-mrf-recirculation=\"Links inline\">Hacer p\u00fablica la b\u00fasqueda de Ver\u00f3nica fue un quiebre. \u201cEra angustiante ir al trabajo, completar un formulario y tener que mentir cuando preguntaban cu\u00e1ntos hijos ten\u00eda. O cuando Mauro me ped\u00eda algo y yo le dec\u00eda que no. \u2018\u00bfC\u00f3mo le vas a decir que \u2018No\u2019 a tu primog\u00e9nito?\u2019, me dec\u00eda en broma.\u00a0<b>Ahora ya soy libre de decir: \u2018Tengo dos hijos. Uno vive conmigo y a la otra la estoy buscando\u2019<\/b>\u201d.<\/p>\n<p class=\"paragraph\" data-mrf-recirculation=\"Links inline\">A partir de entonces se abrieron puertas: consigui\u00f3 la constancia de parto, se hizo un ADN ancestral, pero a\u00fan no hay respuestas. \u201c<b>Agot\u00e9 todas las instancias<\/b>. Fui a la Defensor\u00eda del Pueblo y consegu\u00ed que hicieran un barrido en el Registro Civil de 1983. El tema es que pueden haberla anotado en el \u201982 o en el \u201984.\u00a0<b>Si ella no duda de su origen, si no se hace un ADN, no la voy a encontrar<\/b>\u201d, lamenta.<\/p>\n<p class=\"paragraph\" data-mrf-recirculation=\"Links inline\">La publicaci\u00f3n en\u00a0<i>Facebook<\/i>, en el grupo\u00a0<a title=\"https:\/\/web.facebook.com\/tuhistoriamihistorialp\/?_rdc=1&amp;_rdr#\" href=\"https:\/\/web.facebook.com\/tuhistoriamihistorialp\/?_rdc=1&amp;_rdr#\" target=\"_blank\" rel=\"noopener noreferrer\" data-mrf-link=\"https:\/\/web.facebook.com\/tuhistoriamihistorialp\/?_rdc=1&amp;_rdr#\"><i><b>Tu historia. Mi historia. Te busco<\/b><\/i><\/a>, multiplic\u00f3 la informaci\u00f3n: supo el nombre y apellido completo de Pura y del m\u00e9dico que trabajaba con ella \u2014Julio C\u00e9sar S\u00e1enz Franco\u2014, los n\u00fameros de documentos y sus matr\u00edculas. \u201c<b>Pura falleci\u00f3 hace ocho a\u00f1os. Una chica me dijo que viajaba mucho al Sur, a C\u00f3rdoba, a Entre R\u00edos<\/b>\u201d, cuenta.<\/p>\n<p class=\"paragraph\" data-mrf-recirculation=\"Links inline\">Otra pista la llev\u00f3 hasta una enfermera que hab\u00eda trabajado con Pura. \u201cFui con una amiga, le cont\u00e9 todo y me dijo: \u2018\u00bfC\u00f3mo no me voy a acordar de lo que hac\u00eda?\u2019. Le ofrec\u00ed dejarle mi n\u00famero por si se acordaba de algo. \u2018No, querida \u2014me respondi\u00f3\u2014.\u00a0<b>\u00bfSab\u00e9s cu\u00e1ntos beb\u00e9s fueron? Cientos. Qu\u00e9 te voy a decir\u2019<\/b>\u201d.<\/p>\n<div class=\"visual__image\"><picture><source srcset=\"https:\/\/www.infobae.com\/resizer\/v2\/EOPIFLHECJGS3HXT4YAJDIQZKA.jpg?auth=87f88e8a0d817c0d88396a56a7e9a15b85c2c24fce416ff5f9cb49e4b0d9d109&amp;smart=true&amp;width=992&amp;height=1117&amp;quality=85\" media=\"(min-width: 1000px)\" \/><source srcset=\"https:\/\/www.infobae.com\/resizer\/v2\/EOPIFLHECJGS3HXT4YAJDIQZKA.jpg?auth=87f88e8a0d817c0d88396a56a7e9a15b85c2c24fce416ff5f9cb49e4b0d9d109&amp;smart=true&amp;width=768&amp;height=865&amp;quality=85\" media=\"(min-width: 768px)\" \/><source srcset=\"https:\/\/www.infobae.com\/resizer\/v2\/EOPIFLHECJGS3HXT4YAJDIQZKA.jpg?auth=87f88e8a0d817c0d88396a56a7e9a15b85c2c24fce416ff5f9cb49e4b0d9d109&amp;smart=true&amp;width=577&amp;height=650&amp;quality=85\" media=\"(min-width: 580px)\" \/><source srcset=\"https:\/\/www.infobae.com\/resizer\/v2\/EOPIFLHECJGS3HXT4YAJDIQZKA.jpg?auth=87f88e8a0d817c0d88396a56a7e9a15b85c2c24fce416ff5f9cb49e4b0d9d109&amp;smart=true&amp;width=420&amp;height=473&amp;quality=85\" media=\"(min-width: 350px)\" \/><source srcset=\"https:\/\/www.infobae.com\/resizer\/v2\/EOPIFLHECJGS3HXT4YAJDIQZKA.jpg?auth=87f88e8a0d817c0d88396a56a7e9a15b85c2c24fce416ff5f9cb49e4b0d9d109&amp;smart=true&amp;width=350&amp;height=394&amp;quality=85\" media=\"(min-width: 80px)\" \/><img loading=\"lazy\" decoding=\"async\" class=\"global-image\" src=\"https:\/\/www.infobae.com\/resizer\/v2\/EOPIFLHECJGS3HXT4YAJDIQZKA.jpg?auth=87f88e8a0d817c0d88396a56a7e9a15b85c2c24fce416ff5f9cb49e4b0d9d109&amp;smart=true&amp;width=350&amp;height=394&amp;quality=85\" alt=\"Alejandra en su cumplea\u00f1os n\u00famero\" width=\"428\" height=\"482\" \/><\/picture>Alejandra en su cumplea\u00f1os n\u00famero 40. Este a\u00f1o celebr\u00f3 los 60<\/div>\n<p class=\"paragraph\" data-mrf-recirculation=\"Links inline\"><i><b>\u2014\u00bfQu\u00e9 hac\u00e9s cada 11 de abril?<\/b><\/i><\/p>\n<p class=\"paragraph\" data-mrf-recirculation=\"Links inline\">\u2014<b>Antes me aislaba<\/b>. En el trabajo ya sab\u00edan que ese d\u00eda o el siguiente yo no iba a estar. Me iba sola. En 2023 fue la primera vez que estuve acompa\u00f1ada. Habl\u00e9 con mis compa\u00f1eros, hicimos una movida en Twitter y Facebook con el hashtag\u00a0<b>#VeroTeBusco<\/b>. Fue distinto. Cada 24 de marzo voy a las marchas con el cartel. Ahora me queda visibilizar. Ver si alguien se encuentra parecida a m\u00ed en una foto, algo que le haga dudar.<\/p>\n<p class=\"paragraph\" data-mrf-recirculation=\"Links inline\"><i><b>\u2014\u00bfTe imaginaste alguna vez un reencuentro con Ver\u00f3nica?<\/b><\/i><\/p>\n<p class=\"paragraph\" data-mrf-recirculation=\"Links inline\">\u2014As\u00ed como no la imagino a ella, tampoco puedo imaginar c\u00f3mo ser\u00eda ese momento. Pero\u00a0<b>estoy preparada para todo<\/b>: para que sea un reencuentro hermoso o para que no quiera saber nada de m\u00ed.<\/p>\n<p class=\"paragraph\" data-mrf-recirculation=\"Links inline\"><i><b>\u2014Si ella estuviera leyendo esta nota, \u00bfqu\u00e9 te gustar\u00eda decirle?<\/b><\/i><\/p>\n<p class=\"paragraph\" data-mrf-recirculation=\"Links inline\"><b>\u2014Que me perdone por haber sido cobarde<\/b>.<b><\/b><\/p>\n<p class=\"paragraph\" data-mrf-recirculation=\"Links inline\"><i><b>*<\/b><\/i><i>Para brindar informaci\u00f3n: veronica.tebusco@gmail.com<\/i><\/p>\n<\/div>\n<\/article>\n","protected":false},"excerpt":{"rendered":"<p>Alejandra Arreguez ocult\u00f3 su embarazo durante siete meses. Ten\u00eda 17 a\u00f1os cuando su mam\u00e1 la descubri\u00f3 y la llev\u00f3 a vivir con una partera que vend\u00eda beb\u00e9s. El 11 de abril de 1983 dio a luz a una nena a la que nunca volvi\u00f3 a ver. Cuarenta a\u00f1os despu\u00e9s, la sigue buscando Alejandra Arreguez tiene [&hellip;]<\/p>\n","protected":false},"author":2,"featured_media":25072,"comment_status":"closed","ping_status":"closed","sticky":false,"template":"","format":"standard","meta":{"footnotes":""},"categories":[77],"tags":[],"class_list":{"0":"post-25071","1":"post","2":"type-post","3":"status-publish","4":"format-standard","5":"has-post-thumbnail","7":"category-nacionales"},"_links":{"self":[{"href":"https:\/\/radiobitacora.com.ar\/web\/wp-json\/wp\/v2\/posts\/25071","targetHints":{"allow":["GET"]}}],"collection":[{"href":"https:\/\/radiobitacora.com.ar\/web\/wp-json\/wp\/v2\/posts"}],"about":[{"href":"https:\/\/radiobitacora.com.ar\/web\/wp-json\/wp\/v2\/types\/post"}],"author":[{"embeddable":true,"href":"https:\/\/radiobitacora.com.ar\/web\/wp-json\/wp\/v2\/users\/2"}],"replies":[{"embeddable":true,"href":"https:\/\/radiobitacora.com.ar\/web\/wp-json\/wp\/v2\/comments?post=25071"}],"version-history":[{"count":0,"href":"https:\/\/radiobitacora.com.ar\/web\/wp-json\/wp\/v2\/posts\/25071\/revisions"}],"wp:featuredmedia":[{"embeddable":true,"href":"https:\/\/radiobitacora.com.ar\/web\/wp-json\/wp\/v2\/media\/25072"}],"wp:attachment":[{"href":"https:\/\/radiobitacora.com.ar\/web\/wp-json\/wp\/v2\/media?parent=25071"}],"wp:term":[{"taxonomy":"category","embeddable":true,"href":"https:\/\/radiobitacora.com.ar\/web\/wp-json\/wp\/v2\/categories?post=25071"},{"taxonomy":"post_tag","embeddable":true,"href":"https:\/\/radiobitacora.com.ar\/web\/wp-json\/wp\/v2\/tags?post=25071"}],"curies":[{"name":"wp","href":"https:\/\/api.w.org\/{rel}","templated":true}]}}