{"id":25074,"date":"2025-07-27T20:05:25","date_gmt":"2025-07-27T23:05:25","guid":{"rendered":"https:\/\/radiobitacora.com.ar\/web\/?p=25074"},"modified":"2025-07-27T20:05:25","modified_gmt":"2025-07-27T23:05:25","slug":"las-dos-atajadas-de-marchesin-que-salvaron-a-boca-contra-huracan","status":"publish","type":"post","link":"https:\/\/radiobitacora.com.ar\/web\/2025\/07\/27\/las-dos-atajadas-de-marchesin-que-salvaron-a-boca-contra-huracan\/","title":{"rendered":"LAS DOS ATAJADAS DE MARCHES\u00cdN QUE SALVARON A BOCA CONTRA HURAC\u00c1N"},"content":{"rendered":"<p>En un primer tiempo en el que el Xeneize no hizo pie en Parque Patricios, el arquero se erigi\u00f3 como la gran figura con tapadas de alto calibre.<\/p>\n<div class=\"containerGrid\">\n<div class=\"col6 shareBar\"><\/div>\n<\/div>\n<figure class=\"kskddisable\" data-modal-description=\"La atajada de Marches\u00edn que salv\u00f3 a Boca.\" data-modal-image=\"https:\/\/media.tycsports.com\/files\/2025\/07\/27\/866115\/marchesin_w862.webp\"><img loading=\"lazy\" decoding=\"async\" class=\"mainImg r16x9\" title=\"Marches\u00edn\" src=\"https:\/\/media.tycsports.com\/files\/2025\/07\/27\/866115\/marchesin_416x234.webp?v=1\" srcset=\"https:\/\/media.tycsports.com\/files\/2025\/07\/27\/866115\/marchesin_416x234.webp?v=1 960w,https:\/\/media.tycsports.com\/files\/2025\/07\/27\/866115\/marchesin_416x234.webp?v=1 1024w\" alt=\"Marches\u00edn\" width=\"416\" height=\"234\" \/><figcaption class=\"kskddisable\" data-kiosked-context-name=\"kskdUIContext_01k171zt4kwka5pnwtx85k4yr9\">La atajada de Marches\u00edn que salv\u00f3 a Boca.<\/figcaption><div id=\"kskd01k171zt5dt7snh1gpt43rv4vh\" class=\"kskdDiv kskdCls\" data-kiosked-role=\"anchor\" data-kiosked-type=\"in-line\" data-kioskid=\"01k171zt5dt7snh1gpt43rv4vh\" data-kiosked-cntrid=\"12549_55a936b66d05a879a76a4cff5061f6db\">\n<div class=\"kskdDiv\" data-kiosked-role=\"boundary\">\n<div class=\"kskdDiv\" data-kioskid=\"01k171zt5dt7snh1gpt43rv4vh\" data-kiosked-role=\"ad-container\">\n<div class=\"kskdDiv\" data-kskd-type=\"banner\" data-width=\"728\" data-height=\"90\" data-kskd-filled=\"true\"><\/div>\n<\/div>\n<\/div>\n<\/div>\n<\/figure>\n<p><b>Si Boca -por ahora- no pierde en Parque Patricios, la explicaci\u00f3n tiene nombre y apellido: Agust\u00edn Marches\u00edn.\u00a0<\/b>Sin atisbos de mejoras y replicando los mismos problemas de funcionamiento que en todo el ciclo de Miguel \u00c1ngel Russo, el arquero, cuestionado en los \u00faltimos partidos,<b>\u00a0se puso el mote de salvador para sostener el<\/b>\u00a0<a href=\"https:\/\/www.tycsports.com\/boca-juniors\/huracan-vs-boca-torneo-clausura-formaciones-hora-tv-en-vivo-id676019.html\" target=\"_blank\" rel=\"noopener\">0-0 contra Hurac\u00e1n.<\/a><\/p>\n<div class=\"alsoReadContainer\">\n<h2 class=\"alsoReadText\">En qu\u00e9 qued\u00f3 el inter\u00e9s de Boca por Nacho V\u00e1zquez, capit\u00e1n de Platense<\/h2>\n<\/div>\n<p>El Xeneize sufri\u00f3 m\u00e1s de la cuenta en el primer tiempo, ante un Globo que cambi\u00f3 la imagen de sus primeras presentaciones y sali\u00f3 a \u00b4comerse\u00b4 la cancha de arranque. Apenas corr\u00edan 14 minutos cuando el golero de 37 a\u00f1os empez\u00f3 a transformarse en figura con una<b>\u00a0atajada digna de handball, levantando su pierna ante un desv\u00edo que ten\u00eda destino de gol.<\/b><\/p>\n<p>Fabio Pereyra gan\u00f3 en las alturas tras un c\u00f3rner y en el camino la pelota impact\u00f3 en la cabeza de uno de sus compa\u00f1eros, lo que dej\u00f3 a mitad de camino a Marches\u00edn, ya pr\u00e1cticamente acostado hacia su izquierda. Sin embargo, repentiz\u00f3 con su pierna derecha arriba y evit\u00f3 el primero del local.<\/p>\n<div id=\"ad-slot-inline2\" class=\"ad-slot-inline_grande ad-slot\" data-adtype=\"inline_grande\" data-google-query-id=\"CKG39-SS3o4DFYdc3QIdXzsgSw\">\n<div id=\"google_ads_iframe_\/125006397\/tyc\/nota\/inline2_0__container__\"><\/div>\n<\/div>\n<div class=\"gallery\" data-kiosked-context-name=\"kskdUIContext_01k171zt4jcpvsr0vrd9fct3t6\">\n<div class=\"main-slide\">\n<div id=\"slide1\" class=\"slide show\">\n<div id=\"video-genoa-866092\" class=\"videoPlayer genoa-async\" data-contentid=\"1784281\" data-share=\"https:\/\/www.tycsports.com\/boca-juniors\/las-atajadas-de-marchesin-que-salvaron-a-boca-contra-huracan-id676414.html\" data-playlist-related=\"true\" data-playlist=\"1784302,1784302,1784291,1784291,1784291\">\n<h3 class=\"videoTextTitle\">La crucial atajada con el pie de Marches\u00edn para salvar a Boca y evitar el gol de Hurac\u00e1n<\/h3>\n<p><img loading=\"lazy\" decoding=\"async\" class=\"videoPlayerImg r16x9\" title=\"La crucial atajada con el pie de Marches\u00edn para salvar a Boca y evitar el gol de Hurac\u00e1n\" src=\"https:\/\/media.tycsports.com\/files\/2025\/07\/27\/866092\/la-crucial-atajada-con-el-pie-de-marchesin-para-salvar-a-boca-y-evitar-el-gol-de-huracan_416x234.webp\" srcset=\"https:\/\/media.tycsports.com\/files\/2025\/07\/27\/866092\/la-crucial-atajada-con-el-pie-de-marchesin-para-salvar-a-boca-y-evitar-el-gol-de-huracan_416x234.webp 960w,https:\/\/media.tycsports.com\/files\/2025\/07\/27\/866092\/la-crucial-atajada-con-el-pie-de-marchesin-para-salvar-a-boca-y-evitar-el-gol-de-huracan_416x234.webp 1024w\" alt=\"La crucial atajada con el pie de Marches\u00edn para salvar a Boca y evitar el gol de Hurac\u00e1n\" width=\"416\" height=\"234\" data-src=\"https:\/\/media.tycsports.com\/files\/2025\/07\/27\/866092\/la-crucial-atajada-con-el-pie-de-marchesin-para-salvar-a-boca-y-evitar-el-gol-de-huracan_416x234.webp\" data-srcset=\"https:\/\/media.tycsports.com\/files\/2025\/07\/27\/866092\/la-crucial-atajada-con-el-pie-de-marchesin-para-salvar-a-boca-y-evitar-el-gol-de-huracan_416x234.webp 960w,https:\/\/media.tycsports.com\/files\/2025\/07\/27\/866092\/la-crucial-atajada-con-el-pie-de-marchesin-para-salvar-a-boca-y-evitar-el-gol-de-huracan_416x234.webp 1024w\" \/><\/div>\n<\/div>\n<\/div>\n<div class=\"thumbnails\"><\/div>\n<\/div>\n<p>Y no fue la \u00fanica. Porque cuando la primera etapa llegaba a su final y el entretiempo tocaba la puerta, Marches\u00edn otra vez dijo presente para que Boca respire. Mat\u00edas Tissera corri\u00f3 a la espalda de la defensa\u00a0<i>xeneize\u00a0<\/i>y se fue mano a mano, pero all\u00ed<b>\u00a0irrumpi\u00f3 la humanidad del arquero para tapar una situaci\u00f3n clar\u00edsima.<\/b><\/p>\n","protected":false},"excerpt":{"rendered":"<p>En un primer tiempo en el que el Xeneize no hizo pie en Parque Patricios, el arquero se erigi\u00f3 como la gran figura con tapadas de alto calibre. La atajada de Marches\u00edn que salv\u00f3 a Boca. Si Boca -por ahora- no pierde en Parque Patricios, la explicaci\u00f3n tiene nombre y apellido: Agust\u00edn Marches\u00edn.\u00a0Sin atisbos de [&hellip;]<\/p>\n","protected":false},"author":2,"featured_media":25075,"comment_status":"closed","ping_status":"closed","sticky":false,"template":"","format":"standard","meta":{"footnotes":""},"categories":[78],"tags":[],"class_list":{"0":"post-25074","1":"post","2":"type-post","3":"status-publish","4":"format-standard","5":"has-post-thumbnail","7":"category-deportes"},"_links":{"self":[{"href":"https:\/\/radiobitacora.com.ar\/web\/wp-json\/wp\/v2\/posts\/25074","targetHints":{"allow":["GET"]}}],"collection":[{"href":"https:\/\/radiobitacora.com.ar\/web\/wp-json\/wp\/v2\/posts"}],"about":[{"href":"https:\/\/radiobitacora.com.ar\/web\/wp-json\/wp\/v2\/types\/post"}],"author":[{"embeddable":true,"href":"https:\/\/radiobitacora.com.ar\/web\/wp-json\/wp\/v2\/users\/2"}],"replies":[{"embeddable":true,"href":"https:\/\/radiobitacora.com.ar\/web\/wp-json\/wp\/v2\/comments?post=25074"}],"version-history":[{"count":0,"href":"https:\/\/radiobitacora.com.ar\/web\/wp-json\/wp\/v2\/posts\/25074\/revisions"}],"wp:featuredmedia":[{"embeddable":true,"href":"https:\/\/radiobitacora.com.ar\/web\/wp-json\/wp\/v2\/media\/25075"}],"wp:attachment":[{"href":"https:\/\/radiobitacora.com.ar\/web\/wp-json\/wp\/v2\/media?parent=25074"}],"wp:term":[{"taxonomy":"category","embeddable":true,"href":"https:\/\/radiobitacora.com.ar\/web\/wp-json\/wp\/v2\/categories?post=25074"},{"taxonomy":"post_tag","embeddable":true,"href":"https:\/\/radiobitacora.com.ar\/web\/wp-json\/wp\/v2\/tags?post=25074"}],"curies":[{"name":"wp","href":"https:\/\/api.w.org\/{rel}","templated":true}]}}