{"id":25086,"date":"2025-07-28T09:59:56","date_gmt":"2025-07-28T12:59:56","guid":{"rendered":"https:\/\/radiobitacora.com.ar\/web\/?p=25086"},"modified":"2025-07-28T10:03:38","modified_gmt":"2025-07-28T13:03:38","slug":"taller-teatro-infantil","status":"publish","type":"post","link":"https:\/\/radiobitacora.com.ar\/web\/2025\/07\/28\/taller-teatro-infantil\/","title":{"rendered":"TALLER TEATRO INFANTIL"},"content":{"rendered":"<p style=\"font-weight: 400;\">El colorido de la jornada l\u00fadica desarrollada en el Teatro Municipal fue puesto por los 25 ni\u00f1os participantes del taller dictado por profesores de la UNA, el domingo desde las 16 horas.<\/p>\n<p style=\"font-weight: 400;\">La propuesta formativa en el arte esc\u00e9nico impulsada desde la Escuela Municipal de Teatro, con el total acompa\u00f1amiento de la secretar\u00eda de Gobierno, por medio de la Direcci\u00f3n de Cultura, dictada por profesores de la Universidad Nacional de las artes, cont\u00f3 con la suma de los padres de los menores, que asistieron al Taller: Ser Otro; finalizando as\u00ed con el programa dise\u00f1ado para este receso invernal.<\/p>\n<p><img loading=\"lazy\" decoding=\"async\" class=\"wp-image-25087 alignleft\" src=\"https:\/\/radiobitacora.com.ar\/web\/wp-content\/uploads\/2025\/07\/image.png\" alt=\"\" width=\"404\" height=\"303\" srcset=\"https:\/\/radiobitacora.com.ar\/web\/wp-content\/uploads\/2025\/07\/image.png 1152w, https:\/\/radiobitacora.com.ar\/web\/wp-content\/uploads\/2025\/07\/image-80x60.png 80w, https:\/\/radiobitacora.com.ar\/web\/wp-content\/uploads\/2025\/07\/image-265x198.png 265w, https:\/\/radiobitacora.com.ar\/web\/wp-content\/uploads\/2025\/07\/image-696x522.png 696w, https:\/\/radiobitacora.com.ar\/web\/wp-content\/uploads\/2025\/07\/image-1068x801.png 1068w, https:\/\/radiobitacora.com.ar\/web\/wp-content\/uploads\/2025\/07\/image-560x420.png 560w\" sizes=\"auto, (max-width: 404px) 100vw, 404px\" \/><\/p>\n<p style=\"font-weight: 400;\">El reconocimiento al coordinador del teatro Marcelo Goitia por facilitar y posibilitar el desarrollo de esta iniciativa cultural en el Teatro Municipal.<\/p>\n<p style=\"font-weight: 400;\">Al concluir la jornada formativa, tras la entrega de los correspondientes certificados y reconocimientos, el Coordinador de la Escuela Municipal de Teatro Javier Camino, invit\u00f3 a la reuni\u00f3n a realizarse este lunes 28 a las 19.30 en casa de la Cultura para la organizaci\u00f3n de la Muestra de teatro Tom\u00e1s Mazzanti.<\/p>\n<p style=\"font-weight: 400;\">Direcci\u00f3n de Prensa-Municipalidad de Goya<\/p>\n","protected":false},"excerpt":{"rendered":"<p>El colorido de la jornada l\u00fadica desarrollada en el Teatro Municipal fue puesto por los 25 ni\u00f1os participantes del taller dictado por profesores de la UNA, el domingo desde las 16 horas. La propuesta formativa en el arte esc\u00e9nico impulsada desde la Escuela Municipal de Teatro, con el total acompa\u00f1amiento de la secretar\u00eda de Gobierno, [&hellip;]<\/p>\n","protected":false},"author":2,"featured_media":25088,"comment_status":"closed","ping_status":"closed","sticky":false,"template":"","format":"standard","meta":{"footnotes":""},"categories":[56],"tags":[],"class_list":{"0":"post-25086","1":"post","2":"type-post","3":"status-publish","4":"format-standard","5":"has-post-thumbnail","7":"category-locales"},"_links":{"self":[{"href":"https:\/\/radiobitacora.com.ar\/web\/wp-json\/wp\/v2\/posts\/25086","targetHints":{"allow":["GET"]}}],"collection":[{"href":"https:\/\/radiobitacora.com.ar\/web\/wp-json\/wp\/v2\/posts"}],"about":[{"href":"https:\/\/radiobitacora.com.ar\/web\/wp-json\/wp\/v2\/types\/post"}],"author":[{"embeddable":true,"href":"https:\/\/radiobitacora.com.ar\/web\/wp-json\/wp\/v2\/users\/2"}],"replies":[{"embeddable":true,"href":"https:\/\/radiobitacora.com.ar\/web\/wp-json\/wp\/v2\/comments?post=25086"}],"version-history":[{"count":0,"href":"https:\/\/radiobitacora.com.ar\/web\/wp-json\/wp\/v2\/posts\/25086\/revisions"}],"wp:featuredmedia":[{"embeddable":true,"href":"https:\/\/radiobitacora.com.ar\/web\/wp-json\/wp\/v2\/media\/25088"}],"wp:attachment":[{"href":"https:\/\/radiobitacora.com.ar\/web\/wp-json\/wp\/v2\/media?parent=25086"}],"wp:term":[{"taxonomy":"category","embeddable":true,"href":"https:\/\/radiobitacora.com.ar\/web\/wp-json\/wp\/v2\/categories?post=25086"},{"taxonomy":"post_tag","embeddable":true,"href":"https:\/\/radiobitacora.com.ar\/web\/wp-json\/wp\/v2\/tags?post=25086"}],"curies":[{"name":"wp","href":"https:\/\/api.w.org\/{rel}","templated":true}]}}