{"id":25090,"date":"2025-07-28T20:11:04","date_gmt":"2025-07-28T23:11:04","guid":{"rendered":"https:\/\/radiobitacora.com.ar\/web\/?p=25090"},"modified":"2025-07-28T20:11:04","modified_gmt":"2025-07-28T23:11:04","slug":"vacaciones-creativas-cine-para-toda-la-familia-y-actividades-para-adultos-mayores","status":"publish","type":"post","link":"https:\/\/radiobitacora.com.ar\/web\/2025\/07\/28\/vacaciones-creativas-cine-para-toda-la-familia-y-actividades-para-adultos-mayores\/","title":{"rendered":"VACACIONES CREATIVAS: CINE PARA TODA LA FAMILIA Y ACTIVIDADES PARA ADULTOS MAYORES"},"content":{"rendered":"<p style=\"font-weight: 400;\">Con el cierre del receso invernal y el regreso a la rutina escolar y laboral, quedan las postales de propuestas que buscaron acompa\u00f1ar a ni\u00f1os y adolescentes durante el receso. En un contexto donde muchas familias enfrentan dificultades econ\u00f3micas, la creatividad y el compromiso social fueron claves para ofrecer espacios de contenci\u00f3n y disfrute.<\/p>\n<p style=\"font-weight: 400;\">Una de estas iniciativas fue impulsada por la Direcci\u00f3n de Fortalecimiento Familiar, en conjunto con la Direcci\u00f3n de Acci\u00f3n Social de la Municipalidad de Goya, que ofreci\u00f3 funciones de cine gratuitas con pochoclos y jugo para chicos y sus familias en la Casa del Bicentenario.<\/p>\n<p style=\"font-weight: 400;\">En di\u00e1logo con Radio Ciudad 88.3, la directora Sylvina Ram\u00edrez destac\u00f3 la importancia de estas actividades:<\/p>\n<p style=\"font-weight: 400;\">\u201cEl a\u00f1o pasado hab\u00edamos pensado en una propuesta similar y no se dio por algunas razones. Ahora el clima acompa\u00f1\u00f3 y los chicos estuvieron contenidos dentro de la Casa del Bicentenario. Agradecemos a la Secretar\u00eda de Gobierno por brindarnos ese espacio para que las familias puedan disfrutar de una pel\u00edcula, pochoclos y jugo. Fue un aporte para el disfrute de los ni\u00f1os y tambi\u00e9n para fortalecer los v\u00ednculos familiares\u201d.<\/p>\n<p style=\"font-weight: 400;\">Con funciones realizadas el jueves y viernes, la convocatoria super\u00f3 las expectativas.<\/p>\n<p style=\"font-weight: 400;\">\u201c\u00cdbamos entregando entradas desde la direcci\u00f3n y tambi\u00e9n a trav\u00e9s de presidentes barriales. Mayormente participaron familias de los alrededores, ya que muchas veces el traslado es un problema. Nos sorprendi\u00f3 la convocatoria: en una de las funciones, lo que ten\u00edamos preparado fue superado, \u00a1m\u00e1s de 500 personas participaron!\u201d, celebr\u00f3 Ram\u00edrez.<\/p>\n<p style=\"font-weight: 400;\">La propuesta fue muy bien recibida por las familias y desde el \u00e1rea ya se eval\u00faa su repetici\u00f3n en otro momento del a\u00f1o:<\/p>\n<p style=\"font-weight: 400;\">\u201cGracias a Dios se pudo desarrollar esa semana, porque despu\u00e9s el clima complic\u00f3 todo. Muchos nos ped\u00edan repetir la actividad, pero por las condiciones del tiempo no fue posible. Eso no quiere decir que no podamos replicarla m\u00e1s adelante\u201d, anticip\u00f3 la funcionaria.<\/p>\n<p style=\"font-weight: 400;\">Ram\u00edrez remarc\u00f3 la mirada social de estas acciones, especialmente en \u00e9pocas donde muchas familias no pueden costear salidas recreativas:<\/p>\n<p style=\"font-weight: 400;\">\u201cEst\u00e1 bueno pensar desde lo social, familiar y desde el v\u00ednculo. El municipio puede brindar estos espacios desde las \u00e1reas como Fortalecimiento Familiar y Acci\u00f3n Social. Pensamos junto al Secretario de Desarrollo Humano una log\u00edstica que incluy\u00f3 el armado del refrigerio, la ambientaci\u00f3n del espacio \u2013oscureciendo el lugar, porque la Casa del Bicentenario tiene mucha entrada de luz\u2013 y el compromiso del personal de ambas direcciones, que acompa\u00f1\u00f3 durante casi siete horas a las familias\u201d.<\/p>\n<p style=\"font-weight: 400;\">\n<p style=\"font-weight: 400;\">D\u00cdA DEL ABUELO Y ACTIVIDADES PARA ADULTOS MAYORES<\/p>\n<p style=\"font-weight: 400;\">El trabajo desde la Direcci\u00f3n de Fortalecimiento Familiar no se limita a la ni\u00f1ez. Tambi\u00e9n se trabaja activamente con los adultos mayores. En este sentido, el pasado s\u00e1bado, en el marco del D\u00eda del Abuelo, se realiz\u00f3 una celebraci\u00f3n especial en el Centro de Jubilados Jubipen.<\/p>\n<p style=\"font-weight: 400;\">\u201cLa verdad que me puso muy contenta porque venimos trabajando con varios programas en los centros de adultos. No solo \u2018Mayor Conectividad\u2019, sino tambi\u00e9n otras propuestas que ellos mismos nos van solicitando. Esa cercan\u00eda hace que nos inviten, que quieran compartir, y eso genera un v\u00ednculo muy especial\u201d, expres\u00f3 Ram\u00edrez.<\/p>\n<p style=\"font-weight: 400;\">La jornada incluy\u00f3 una merienda, m\u00fasica y baile. \u201cLos nietos del coraz\u00f3n \u2013as\u00ed los llaman a quienes los acompa\u00f1an y animan\u2013 estuvieron presentes con temas mel\u00f3dicos, cumbias\u2026 La pasaron muy lindo. Se trata no s\u00f3lo de organizar actividades, sino de acompa\u00f1arlos cuando ellos lo piden. Eso tambi\u00e9n es parte del trabajo, de compartir el d\u00eda a d\u00eda, de encari\u00f1arse con las personas\u201d, sostuvo la directora, agradeciendo a toda la comisi\u00f3n organizadora y en especial al presidente del centro, Ignacio Retamozo.<\/p>\n<p style=\"font-weight: 400;\">\u201cMAYOR CONECTIVIDAD\u201d Y NUEVAS PROPUESTAS<\/p>\n<p style=\"font-weight: 400;\">De cara al \u00faltimo tramo del a\u00f1o, Ram\u00edrez adelant\u00f3 que esta semana se definir\u00e1 el cronograma de la segunda etapa del programa \u201cMayor Conectividad\u201d, que continuar\u00e1 en aquellos centros que as\u00ed lo soliciten.<\/p>\n<p style=\"font-weight: 400;\">\u201cLa invitaci\u00f3n est\u00e1 siempre abierta. No solo para centros privados, sino tambi\u00e9n para el Club de Adultos Mayores ubicado en calle Jos\u00e9 G\u00f3mez, al lado de la DPEC. All\u00ed tambi\u00e9n brindamos esta ense\u00f1anza, para que nadie quede afuera del programa. Y si Dios quiere, ya pensamos en reeditarlo el pr\u00f3ximo a\u00f1o\u201d, indic\u00f3.<\/p>\n<p style=\"font-weight: 400;\">Adem\u00e1s, record\u00f3 que los interesados pueden comunicarse para m\u00e1s informaci\u00f3n al n\u00famero de la oficina: 3777-821014.<\/p>\n<p style=\"font-weight: 400;\">En paralelo, con el acompa\u00f1amiento de profesionales de la Secretar\u00eda de Desarrollo Humano, se est\u00e1n llevando adelante charlas sobre nutrici\u00f3n saludable en distintos centros de adultos.<\/p>\n<p style=\"font-weight: 400;\">\u201cFue un pedido de los propios adultos. Quer\u00edan charlas adaptadas a sus patolog\u00edas m\u00e1s frecuentes. Con una licenciada en nutrici\u00f3n, se brindaron consejos y tips para encaminar una alimentaci\u00f3n saludable. Es una gu\u00eda que no reemplaza la consulta m\u00e9dica, pero les permite acceder a informaci\u00f3n valiosa\u201d, aclar\u00f3.<\/p>\n<p style=\"font-weight: 400;\">Una de las charlas pendientes ser\u00e1 sobre celiaqu\u00eda, y se dictar\u00e1 el pr\u00f3ximo lunes en el Centro Jubipen. A esto se suman clases de Zumba, ajedrez y otras actividades recreativas que ya est\u00e1n en marcha.<\/p>\n<p style=\"font-weight: 400;\">TALLERES PARA FAMILIAS Y REFERENTES AFECTIVOS<\/p>\n<p style=\"font-weight: 400;\">Finalmente, Ram\u00edrez destac\u00f3 el trabajo que se realiza con familias, instituciones y referentes afectivos a trav\u00e9s de talleres y espacios de contenci\u00f3n: \u201cTrabajamos con instituciones que nos piden este acompa\u00f1amiento, como el Instituto Orientaci\u00f3n Juvenil y el Centro de Promoci\u00f3n de Derechos. Brindamos charlas para guiar a las familias en la crianza y acompa\u00f1amiento de ni\u00f1os y adolescentes, con una licenciada en psicolog\u00eda. Se trata de construir una red, de saber que hay una oficina que escucha, que acompa\u00f1a, que camina junto a las familias\u201d.<\/p>\n<p style=\"font-weight: 400;\">\n<p style=\"font-weight: 400;\">Direcci\u00f3n de Prensa \u2013 Municipalidad de Goya<\/p>\n","protected":false},"excerpt":{"rendered":"<p>Con el cierre del receso invernal y el regreso a la rutina escolar y laboral, quedan las postales de propuestas que buscaron acompa\u00f1ar a ni\u00f1os y adolescentes durante el receso. En un contexto donde muchas familias enfrentan dificultades econ\u00f3micas, la creatividad y el compromiso social fueron claves para ofrecer espacios de contenci\u00f3n y disfrute. Una [&hellip;]<\/p>\n","protected":false},"author":2,"featured_media":25091,"comment_status":"closed","ping_status":"closed","sticky":false,"template":"","format":"standard","meta":{"footnotes":""},"categories":[56],"tags":[],"class_list":{"0":"post-25090","1":"post","2":"type-post","3":"status-publish","4":"format-standard","5":"has-post-thumbnail","7":"category-locales"},"_links":{"self":[{"href":"https:\/\/radiobitacora.com.ar\/web\/wp-json\/wp\/v2\/posts\/25090","targetHints":{"allow":["GET"]}}],"collection":[{"href":"https:\/\/radiobitacora.com.ar\/web\/wp-json\/wp\/v2\/posts"}],"about":[{"href":"https:\/\/radiobitacora.com.ar\/web\/wp-json\/wp\/v2\/types\/post"}],"author":[{"embeddable":true,"href":"https:\/\/radiobitacora.com.ar\/web\/wp-json\/wp\/v2\/users\/2"}],"replies":[{"embeddable":true,"href":"https:\/\/radiobitacora.com.ar\/web\/wp-json\/wp\/v2\/comments?post=25090"}],"version-history":[{"count":0,"href":"https:\/\/radiobitacora.com.ar\/web\/wp-json\/wp\/v2\/posts\/25090\/revisions"}],"wp:featuredmedia":[{"embeddable":true,"href":"https:\/\/radiobitacora.com.ar\/web\/wp-json\/wp\/v2\/media\/25091"}],"wp:attachment":[{"href":"https:\/\/radiobitacora.com.ar\/web\/wp-json\/wp\/v2\/media?parent=25090"}],"wp:term":[{"taxonomy":"category","embeddable":true,"href":"https:\/\/radiobitacora.com.ar\/web\/wp-json\/wp\/v2\/categories?post=25090"},{"taxonomy":"post_tag","embeddable":true,"href":"https:\/\/radiobitacora.com.ar\/web\/wp-json\/wp\/v2\/tags?post=25090"}],"curies":[{"name":"wp","href":"https:\/\/api.w.org\/{rel}","templated":true}]}}