{"id":25109,"date":"2025-07-28T20:40:09","date_gmt":"2025-07-28T23:40:09","guid":{"rendered":"https:\/\/radiobitacora.com.ar\/web\/?p=25109"},"modified":"2025-07-28T20:40:16","modified_gmt":"2025-07-28T23:40:16","slug":"conmebol-oficializo-la-finalissima-entre-la-seleccion-argentina-y-espana","status":"publish","type":"post","link":"https:\/\/radiobitacora.com.ar\/web\/2025\/07\/28\/conmebol-oficializo-la-finalissima-entre-la-seleccion-argentina-y-espana\/","title":{"rendered":"CONMEBOL OFICIALIZ\u00d3 LA FINALISSIMA ENTRE LA SELECCI\u00d3N ARGENTINA Y ESPA\u00d1A"},"content":{"rendered":"<p>La confederaci\u00f3n del f\u00fatbol sudamericano dio a conocer su cronograma de competencia para el inminente 2026 y dentro del mismo incluy\u00f3 -por primera vez de manera formal- el duelo entre el campe\u00f3n de la Copa Am\u00e9rica ante su par de la Eurocopa.<\/p>\n<div class=\"containerGrid\">\n<div class=\"col6 shareBar\"><\/div>\n<\/div>\n<figure class=\"kskddisable\" data-modal-description=\"Messi vs. Yamal, el duelo que podr\u00eda darse en la Finalissima entre la Selecci\u00f3n Argentina y Espa\u00f1a.&amp;nbsp;\" data-modal-image=\"https:\/\/media.tycsports.com\/files\/2024\/07\/12\/741042\/lamine-yamal-lionel-messi_w862.webp\"><img loading=\"lazy\" decoding=\"async\" class=\"mainImg r16x9 alignleft\" title=\"Lamine Yamal - Lionel Messi\" src=\"https:\/\/media.tycsports.com\/files\/2024\/07\/12\/741042\/lamine-yamal-lionel-messi_416x234.webp\" srcset=\"https:\/\/media.tycsports.com\/files\/2024\/07\/12\/741042\/lamine-yamal-lionel-messi_416x234.webp 960w,https:\/\/media.tycsports.com\/files\/2024\/07\/12\/741042\/lamine-yamal-lionel-messi_862x485.webp 1024w\" alt=\"Lamine Yamal - Lionel Messi\" width=\"416\" height=\"234\" \/><figcaption class=\"kskddisable\" data-kiosked-context-name=\"kskdUIContext_01k19pe1ga4r2cmfwr9gcak10w\">Messi vs. Yamal, el duelo que podr\u00eda darse en la Finalissima entre la Selecci\u00f3n Argentina y Espa\u00f1a.\u00a0<\/figcaption><div id=\"kskd01k19pe1k47swjwv8ne9vvcsyt\" class=\"kskdDiv kskdCls\" data-kiosked-role=\"anchor\" data-kiosked-type=\"in-line\" data-kioskid=\"01k19pe1k47swjwv8ne9vvcsyt\" data-kiosked-cntrid=\"12549_715e83fd3af2a754d66764d1b6367a27\">\n<div class=\"kskdDiv\" data-kiosked-role=\"boundary\">\n<div class=\"kskdDiv\" data-kioskid=\"01k19pe1k47swjwv8ne9vvcsyt\" data-kiosked-role=\"ad-container\">\n<div class=\"kskdDiv\" data-kskd-type=\"banner\" data-width=\"728\" data-height=\"90\" data-kskd-filled=\"false\"><\/div>\n<\/div>\n<\/div>\n<\/div>\n<\/figure>\n<p><b>La\u00a0<a href=\"https:\/\/www.tycsports.com\/seleccion-argentina\/la-finalissima-entre-seleccion-argentina-y-espana-tiene-fecha-todos-los-detalles-id674504.html\" target=\"_blank\" rel=\"noopener\">Finalissima entre la Selecci\u00f3n Argentina y Espa\u00f1a<\/a>\u00a0se jugar\u00e1 el pr\u00f3ximo a\u00f1o<\/b>. El duelo entre los campeones de Copa Am\u00e9rica y Eurocopa se disputar\u00e1 en la\u00a0<b>tercera semana de marzo del 2026<\/b>\u00a0y resta confirmar la sede,\u00a0<b>encuentro oficializado por Conmebol<\/b>\u00a0al dar a conocer su cronograma de competencia.<\/p>\n","protected":false},"excerpt":{"rendered":"<p>La confederaci\u00f3n del f\u00fatbol sudamericano dio a conocer su cronograma de competencia para el inminente 2026 y dentro del mismo incluy\u00f3 -por primera vez de manera formal- el duelo entre el campe\u00f3n de la Copa Am\u00e9rica ante su par de la Eurocopa. Messi vs. Yamal, el duelo que podr\u00eda darse en la Finalissima entre la [&hellip;]<\/p>\n","protected":false},"author":2,"featured_media":25110,"comment_status":"closed","ping_status":"closed","sticky":false,"template":"","format":"standard","meta":{"footnotes":""},"categories":[78],"tags":[],"class_list":{"0":"post-25109","1":"post","2":"type-post","3":"status-publish","4":"format-standard","5":"has-post-thumbnail","7":"category-deportes"},"_links":{"self":[{"href":"https:\/\/radiobitacora.com.ar\/web\/wp-json\/wp\/v2\/posts\/25109","targetHints":{"allow":["GET"]}}],"collection":[{"href":"https:\/\/radiobitacora.com.ar\/web\/wp-json\/wp\/v2\/posts"}],"about":[{"href":"https:\/\/radiobitacora.com.ar\/web\/wp-json\/wp\/v2\/types\/post"}],"author":[{"embeddable":true,"href":"https:\/\/radiobitacora.com.ar\/web\/wp-json\/wp\/v2\/users\/2"}],"replies":[{"embeddable":true,"href":"https:\/\/radiobitacora.com.ar\/web\/wp-json\/wp\/v2\/comments?post=25109"}],"version-history":[{"count":0,"href":"https:\/\/radiobitacora.com.ar\/web\/wp-json\/wp\/v2\/posts\/25109\/revisions"}],"wp:featuredmedia":[{"embeddable":true,"href":"https:\/\/radiobitacora.com.ar\/web\/wp-json\/wp\/v2\/media\/25110"}],"wp:attachment":[{"href":"https:\/\/radiobitacora.com.ar\/web\/wp-json\/wp\/v2\/media?parent=25109"}],"wp:term":[{"taxonomy":"category","embeddable":true,"href":"https:\/\/radiobitacora.com.ar\/web\/wp-json\/wp\/v2\/categories?post=25109"},{"taxonomy":"post_tag","embeddable":true,"href":"https:\/\/radiobitacora.com.ar\/web\/wp-json\/wp\/v2\/tags?post=25109"}],"curies":[{"name":"wp","href":"https:\/\/api.w.org\/{rel}","templated":true}]}}