{"id":25115,"date":"2025-07-29T12:04:37","date_gmt":"2025-07-29T15:04:37","guid":{"rendered":"https:\/\/radiobitacora.com.ar\/web\/?p=25115"},"modified":"2025-07-29T12:04:37","modified_gmt":"2025-07-29T15:04:37","slug":"murio-una-nieta-de-gustavo-yankelevich-y-cris-morena-en-el-choque-entre-un-velero-y-una-barcaza-en-miami-beach","status":"publish","type":"post","link":"https:\/\/radiobitacora.com.ar\/web\/2025\/07\/29\/murio-una-nieta-de-gustavo-yankelevich-y-cris-morena-en-el-choque-entre-un-velero-y-una-barcaza-en-miami-beach\/","title":{"rendered":"MURI\u00d3 UNA NIETA DE GUSTAVO YANKELEVICH Y CRIS MORENA EN EL CHOQUE ENTRE UN VELERO Y UNA BARCAZA EN MIAMI BEACH"},"content":{"rendered":"<header class=\"article-header-wrapper\">\n<div class=\"article-header\">\n<h2 class=\"article-subheadline text_align_left\">Fuentes de la investigaci\u00f3n confirmaron a Infobae que una de las v\u00edctimas es Mila, de 7 a\u00f1os, hija de Tom\u00e1s, el hermano de Romina Yan. En el mismo accidente falleci\u00f3 otra menor de nacionalidad argentina, de 13 a\u00f1os. Adem\u00e1s hay otras dos ni\u00f1as en grave estado<\/h2>\n<\/div>\n<\/header>\n<article class=\"article\">\n<div class=\"sharebar-container display_flex\">\n<div class=\"sharebar-buttons-container display_flex\">\n<div class=\"sharebar-buttons-separator\"><\/div>\n<p><button class=\"sharemenu-buttons display_flex\" aria-label=\"Compartir en Telegram\"><\/button><button class=\"sharemenu-buttons display_flex\" aria-label=\"Compartir en Linkedin\"><\/button><button class=\"sharemenu-buttons display_flex\" aria-label=\"Compartir en Twitter\"><\/button><button class=\"sharemenu-buttons display_flex\" aria-label=\"Compartir en Whatsapp\"><\/button><button class=\"sharemenu-buttons display_flex\" aria-label=\"Compartir en Facebook\"><\/button>Mila Yankelevich junto a Tom\u00e1s, su padre, y Cris Morena, su abuela.<\/div>\n<\/div>\n<div class=\"body-article \">\n<p class=\"paragraph\" data-mrf-recirculation=\"Links inline\"><a title=\"https:\/\/www.infobae.com\/estados-unidos\/2025\/07\/28\/tragedia-en-miami-beach-dos-ninos-muertos-tras-el-choque-entre-un-velero-y-una-barcaza\/\" href=\"https:\/\/www.infobae.com\/estados-unidos\/2025\/07\/28\/tragedia-en-miami-beach-dos-ninos-muertos-tras-el-choque-entre-un-velero-y-una-barcaza\/\" target=\"_blank\" rel=\"noopener noreferrer\" data-mrf-link=\"https:\/\/www.infobae.com\/estados-unidos\/2025\/07\/28\/tragedia-en-miami-beach-dos-ninos-muertos-tras-el-choque-entre-un-velero-y-una-barcaza\/\"><b>El choque entre un velero y una barcaza<\/b><\/a>, ocurrido este lunes en Miami Beach, provoc\u00f3 la muerte de dos ni\u00f1as argentinas, y una de ellas fue identificada como\u00a0<b>Mila Yankelevich<\/b>, la nieta menor del reconocido productor argentino de televisi\u00f3n,\u00a0<b>Gustavo Yankelevich<\/b>, y de la productora y actriz<b>\u00a0Cris Morena.<\/b><\/p>\n<div class=\"news-module\" data-mrf-recirculation=\"IL_2_GB_9O-QPaEgG0T7rEvhQ\" data-testid=\"text-html\" data-mrf-experience=\"IL_2_GB_9O-QPaEgG0T7rEvhQ\">\n<div class=\"recommended-card__image-container\"><\/div>\n<div class=\"recommended-card__info\"><span class=\"recommended-card__info-interest-you\">Te puede interesar:<\/span><span class=\"recommended-card__info-title\">Qu\u00e9 medidas deber\u00e1 aplicar la Argentina para que EEUU acepte incluirla entre los pa\u00edses que no necesitan visa<\/span><\/p>\n<div class=\"recommended-card__info-button recommended-card__info-button--deportes\"><\/div>\n<\/div>\n<\/div>\n<p class=\"paragraph\" data-mrf-recirculation=\"Links inline\">Fuentes del caso consultadas por\u00a0<b>Infobae\u00a0<\/b>confirmaron que la ni\u00f1a era hija de Tom\u00e1s Yankelevich, el hermano de Romina Yan. En febrero de este a\u00f1o, la peque\u00f1a hab\u00eda cumplido 7 a\u00f1os.<\/p>\n<div class=\"inline ad-wrapper\">\n<div class=\"dfpAd ad-inline\">\n<div id=\"infobae\/sociedad\/nota\/inline\" class=\"infobae\/sociedad\/nota\/inline arcad\" data-google-query-id=\"CJaxtvGq4o4DFV5c3QIdD9MA5Q\">\n<div id=\"google_ads_iframe_\/1058609\/infobae\/sociedad\/nota\/inline_0__container__\"><\/div>\n<\/div>\n<\/div>\n<\/div>\n<p class=\"paragraph\" data-mrf-recirculation=\"Links inline\">Seg\u00fan la informaci\u00f3n preliminar que difundi\u00f3 la\u00a0<b>Comisi\u00f3n de Conservaci\u00f3n de la Pesca y la Fauna de Florida (FWC)<\/b>, la tragedia ocurri\u00f3 ayer, alrededor de las 11:30 -hora local-, cuando la barcaza golpe\u00f3 al velero, provocando que la embarcaci\u00f3n se hundiera con sus seis ocupantes a bordo.<\/p>\n<div class=\"news-module\" data-mrf-recirculation=\"IL_wv5lqF4aQ7G5etrMMyn62Q\" data-testid=\"text-html\" data-mrf-experience=\"IL_wv5lqF4aQ7G5etrMMyn62Q\">\n<div class=\"recommended-card__info\"><span class=\"recommended-card__info-interest-you\">Te puede interesar:<\/span><span class=\"recommended-card__info-title\">El economista que m\u00e1s escucha Milei hizo su predicci\u00f3n para el futuro del d\u00f3lar<\/span><\/p>\n<div class=\"recommended-card__info-button recommended-card__info-button--deportes\"><\/div>\n<\/div>\n<\/div>\n<p class=\"paragraph\" data-mrf-recirculation=\"Links inline\">Mediante un comunicado difundido por las redes sociales, desde el Miami Yacht Club confirmaron que el incidente \u201c<b>involucr\u00f3 a j\u00f3venes participantes de la Fundaci\u00f3n de Vela Juvenil de Miami<\/b>\u201d, uno de los cuales era la peque\u00f1a Mila.<\/p>\n<div class=\"jwplayer-ctn\">\n<div>\n<div id=\"GHG3DY6JRRCJRGON6MX63HC3GE-custom_embed5\" class=\"jwplayer jw-reset jw-state-idle jw-stretch-uniform jw-flag-aspect-mode jw-breakpoint-4 jw-floating-dismissible jw-keep-thumbnail jw-flag-user-inactive\" tabindex=\"0\" role=\"application\" aria-label=\"Video Player - El Momento Del Choque De Una Barcaza Donde Murieron Dos Ni\u00f1os\" aria-describedby=\"jw-GHG3DY6JRRCJRGON6MX63HC3GE-custom_embed5-shortcuts-tooltip-explanation\" data-compass-listening=\"true\">\n<div class=\"jw-wrapper jw-reset\">\n<div class=\"jw-media jw-reset\"><\/div>\n<div class=\"jw-preview jw-reset\">\n<div class=\"jw-video-thumbnail-generated jw-video-thumbnail-container\"><\/div>\n<\/div>\n<div class=\"jw-controls jw-reset\">\n<div class=\"jw-display jw-reset\">\n<div class=\"jw-display-container jw-reset\">\n<div class=\"jw-display-controls jw-reset\">\n<div class=\"jw-display-icon-container jw-display-icon-display jw-reset\">\n<div class=\"jw-icon jw-icon-display jw-button-color jw-reset\" tabindex=\"0\" role=\"button\" aria-label=\"Reproducir\"><\/div>\n<\/div>\n<\/div>\n<\/div>\n<\/div>\n<div class=\"jw-nextup-container jw-reset\">\n<div class=\"jw-nextup jw-background-color jw-reset\">\n<div class=\"jw-nextup-tooltip jw-reset\"><\/div>\n<\/div>\n<\/div>\n<\/div>\n<\/div>\n<\/div>\n<\/div>\n<\/div>\n<p class=\"paragraph\" data-mrf-recirculation=\"Links inline\">\u201cEn este momento se est\u00e1n recopilando detalles y estamos recopilando activamente toda la informaci\u00f3n disponible. Nuestra prioridad es la seguridad y el bienestar de todos los involucrados, y estamos trabajando en estrecha colaboraci\u00f3n con las autoridades y organizaciones competentes para comprender completamente la situaci\u00f3n\u201d.<\/p>\n<div class=\"news-module\" data-mrf-recirculation=\"IL_JkB3GTBFTj2urpbOlzOORQ\" data-testid=\"text-html\" data-mrf-experience=\"IL_JkB3GTBFTj2urpbOlzOORQ\">\n<div class=\"recommended-card__info\"><span class=\"recommended-card__info-interest-you\">Te puede interesar:<\/span><span class=\"recommended-card__info-title\">Una hist\u00f3rica marca de indumentaria marplatense reduce su producci\u00f3n y despide trabajadores ante la baja de ventas<\/span><\/p>\n<div class=\"recommended-card__info-button recommended-card__info-button--deportes\"><\/div>\n<\/div>\n<\/div>\n<p class=\"paragraph\" data-mrf-recirculation=\"Links inline\">Seg\u00fan trascendi\u00f3 en los principales medios locales, el grupo de navegantes que viajaba a bordo del velero estaba conformado por cinco ni\u00f1os, con edades comprendidas entre los 7 y 13 a\u00f1os, entre ellos la peque\u00f1a Mila, y una mujer identificada como consejera del campamento.<b>\u00a0Dos ni\u00f1as murieron y otras dos menores se encuentran en grave estado<\/b>.<\/p>\n<p class=\"paragraph\" data-mrf-recirculation=\"Links inline\">El\u00a0<b>teniente Pete Sanchez<\/b>, portavoz del Departamento de Bomberos de Miami, detall\u00f3 que las autoridades recibieron varias llamadas reportando un accidente n\u00e1utico cerca de\u00a0<b>Hibiscus Island<\/b>\u00a0a las 11:16 de la ma\u00f1ana, en las que algunos informaban sobre una embarcaci\u00f3n parcialmente sumergida y personas desaparecidas.<\/p>\n<div class=\"visual__image\"><picture><source srcset=\"https:\/\/www.infobae.com\/resizer\/v2\/IRLJECL4W5GLBI5SCEEWH4R77I.jpg?auth=903d024cab7111c211d1778f607e474e9f158312d5b871c8445ed24a46aeb1de&amp;smart=true&amp;width=992&amp;height=554&amp;quality=85\" media=\"(min-width: 1000px)\" \/><source srcset=\"https:\/\/www.infobae.com\/resizer\/v2\/IRLJECL4W5GLBI5SCEEWH4R77I.jpg?auth=903d024cab7111c211d1778f607e474e9f158312d5b871c8445ed24a46aeb1de&amp;smart=true&amp;width=768&amp;height=429&amp;quality=85\" media=\"(min-width: 768px)\" \/><source srcset=\"https:\/\/www.infobae.com\/resizer\/v2\/IRLJECL4W5GLBI5SCEEWH4R77I.jpg?auth=903d024cab7111c211d1778f607e474e9f158312d5b871c8445ed24a46aeb1de&amp;smart=true&amp;width=577&amp;height=322&amp;quality=85\" media=\"(min-width: 580px)\" \/><source srcset=\"https:\/\/www.infobae.com\/resizer\/v2\/IRLJECL4W5GLBI5SCEEWH4R77I.jpg?auth=903d024cab7111c211d1778f607e474e9f158312d5b871c8445ed24a46aeb1de&amp;smart=true&amp;width=420&amp;height=234&amp;quality=85\" media=\"(min-width: 350px)\" \/><source srcset=\"https:\/\/www.infobae.com\/resizer\/v2\/IRLJECL4W5GLBI5SCEEWH4R77I.jpg?auth=903d024cab7111c211d1778f607e474e9f158312d5b871c8445ed24a46aeb1de&amp;smart=true&amp;width=350&amp;height=195&amp;quality=85\" media=\"(min-width: 80px)\" \/><img loading=\"lazy\" decoding=\"async\" class=\"global-image\" src=\"https:\/\/www.infobae.com\/resizer\/v2\/IRLJECL4W5GLBI5SCEEWH4R77I.jpg?auth=903d024cab7111c211d1778f607e474e9f158312d5b871c8445ed24a46aeb1de&amp;smart=true&amp;width=350&amp;height=195&amp;quality=85\" alt=\"Esta imagen tomada de un\" width=\"2978\" height=\"1662\" \/><\/picture>Esta imagen tomada de un video difundido por WSVN-TV muestra a la Unidad de Incendios y Rescate de Miami-Dade y otras embarcaciones alrededor de lo que parece una barcaza involucrada en un accidente con un grupo de ni\u00f1os y un adulto en un velero. (WSVN-TV v\u00eda AP)<\/div>\n<p class=\"paragraph\" data-mrf-recirculation=\"Links inline\">\u201cFue un d\u00eda dif\u00edcil para todos los involucrados\u201d, dijo el teniente S\u00e1nchez. Y en esa l\u00ednea, agreg\u00f3: \u201c<b>La mayor\u00eda de nosotros tenemos hijos, as\u00ed que es dif\u00edcil de ver<\/b>\u201d.<\/p>\n<p class=\"paragraph\" data-mrf-recirculation=\"Links inline\">Ante la gravedad del reporte, los equipos de emergencia solicitaron asistencia adicional y, gracias a la respuesta r\u00e1pida y coordinada de m\u00faltiples agencias, lograron recuperar a todos los involucrados en el agua.<\/p>\n<p class=\"paragraph\" data-mrf-recirculation=\"Links inline\">Seg\u00fan comunic\u00f3 la Guardia Costera de Estados Unidos, dos v\u00edctimas, de 7 -Mila Yankelevich- y 13 a\u00f1os, fueron declaradas muertas en el<b>\u00a0Jackson Memorial Hospital<\/b>. Luego, un segundo comunicado emitido este por la tarde dijo que \u201cuna (v\u00edctima) actualmente no responde\u201d.<\/p>\n<div class=\"visual__image\"><picture><source srcset=\"https:\/\/www.infobae.com\/resizer\/v2\/ABJW5HZYMVCYZFXZSEHM3Q377A.jpg?auth=6d3d22ea0b9263b647a431b6ae0508aa2b11b3e99bc712ac1dfd5d82fce9cfa4&amp;smart=true&amp;width=992&amp;height=769&amp;quality=85\" media=\"(min-width: 1000px)\" \/><source srcset=\"https:\/\/www.infobae.com\/resizer\/v2\/ABJW5HZYMVCYZFXZSEHM3Q377A.jpg?auth=6d3d22ea0b9263b647a431b6ae0508aa2b11b3e99bc712ac1dfd5d82fce9cfa4&amp;smart=true&amp;width=768&amp;height=595&amp;quality=85\" media=\"(min-width: 768px)\" \/><source srcset=\"https:\/\/www.infobae.com\/resizer\/v2\/ABJW5HZYMVCYZFXZSEHM3Q377A.jpg?auth=6d3d22ea0b9263b647a431b6ae0508aa2b11b3e99bc712ac1dfd5d82fce9cfa4&amp;smart=true&amp;width=577&amp;height=447&amp;quality=85\" media=\"(min-width: 580px)\" \/><source srcset=\"https:\/\/www.infobae.com\/resizer\/v2\/ABJW5HZYMVCYZFXZSEHM3Q377A.jpg?auth=6d3d22ea0b9263b647a431b6ae0508aa2b11b3e99bc712ac1dfd5d82fce9cfa4&amp;smart=true&amp;width=420&amp;height=325&amp;quality=85\" media=\"(min-width: 350px)\" \/><source srcset=\"https:\/\/www.infobae.com\/resizer\/v2\/ABJW5HZYMVCYZFXZSEHM3Q377A.jpg?auth=6d3d22ea0b9263b647a431b6ae0508aa2b11b3e99bc712ac1dfd5d82fce9cfa4&amp;smart=true&amp;width=350&amp;height=271&amp;quality=85\" media=\"(min-width: 80px)\" \/><img loading=\"lazy\" decoding=\"async\" class=\"global-image\" src=\"https:\/\/www.infobae.com\/resizer\/v2\/ABJW5HZYMVCYZFXZSEHM3Q377A.jpg?auth=6d3d22ea0b9263b647a431b6ae0508aa2b11b3e99bc712ac1dfd5d82fce9cfa4&amp;smart=true&amp;width=350&amp;height=271&amp;quality=85\" alt=\"Mila Yankelevich.\" width=\"764\" height=\"592\" \/><\/picture>Mila Yankelevich.<\/div>\n<p class=\"paragraph\" data-mrf-recirculation=\"Links inline\">Los sobrevivientes, cuatro ni\u00f1os y la consejera a cargo del grupo, fueron llevados al Club de Yates de Miami, mientras que los m\u00e9dicos m\u00e1s tarde llevaron a dos de los ni\u00f1os al hospital para recibir la atenci\u00f3n necesaria.<\/p>\n<p class=\"paragraph\" data-mrf-recirculation=\"Links inline\">En di\u00e1logo con el medio de noticias\u00a0<i>Local 10<\/i>, un participante, Enzo Piffaretti, de 9 a\u00f1os, dijo que observ\u00f3 la escena desde la orilla, y precis\u00f3 que el accidente ocurri\u00f3 durante la primera semana de un campamento de navegaci\u00f3n.<\/p>\n<p class=\"paragraph\" data-mrf-recirculation=\"Links inline\">\u201c<b>Era un gran bote de basura (barcaza), y la escapada (velero) estaba frente a \u00e9l y el bote no estaba prestando atenci\u00f3n, se estrell\u00f3 directamente contra ellos y todos salieron volando del bote<\/b>\u201d, dijo Enzo. \u201cDos fueron encontrados muy r\u00e1pido y tres de ellos tuvieron que ir al hospital\u201d, complet\u00f3 el ni\u00f1o.<\/p>\n<p class=\"paragraph\" data-mrf-recirculation=\"Links inline\">Por su parte, el video filmado por el noticiero\u00a0<i>Sky 10\u00a0<\/i>mostr\u00f3 a los m\u00e9dicos realizando compresiones tor\u00e1cicas en al menos una v\u00edctima, mientras que varios buzos fueron vistos en el agua.<\/p>\n<p class=\"paragraph\" data-mrf-recirculation=\"Links inline\">Las causas del incidente son investigadas por la Comisi\u00f3n de Pesca y Vida Silvestre de Florida y la Guardia Costera.<\/p>\n<div class=\"headline-wrapper\">\n<h2 class=\"header headline-class-h2\">Qui\u00e9n era Mila Yankelevich<\/h2>\n<\/div>\n<div class=\"visual__image\"><picture><source srcset=\"https:\/\/www.infobae.com\/resizer\/v2\/PBJBKW2TZNCRPGAYMTA5FG3BT4.jpg?auth=07617b7952449e66d91e8d4b102f7f1132b50252bc04feab8614b22b07771f2a&amp;smart=true&amp;width=992&amp;height=692&amp;quality=85\" media=\"(min-width: 1000px)\" \/><source srcset=\"https:\/\/www.infobae.com\/resizer\/v2\/PBJBKW2TZNCRPGAYMTA5FG3BT4.jpg?auth=07617b7952449e66d91e8d4b102f7f1132b50252bc04feab8614b22b07771f2a&amp;smart=true&amp;width=768&amp;height=536&amp;quality=85\" media=\"(min-width: 768px)\" \/><source srcset=\"https:\/\/www.infobae.com\/resizer\/v2\/PBJBKW2TZNCRPGAYMTA5FG3BT4.jpg?auth=07617b7952449e66d91e8d4b102f7f1132b50252bc04feab8614b22b07771f2a&amp;smart=true&amp;width=577&amp;height=402&amp;quality=85\" media=\"(min-width: 580px)\" \/><source srcset=\"https:\/\/www.infobae.com\/resizer\/v2\/PBJBKW2TZNCRPGAYMTA5FG3BT4.jpg?auth=07617b7952449e66d91e8d4b102f7f1132b50252bc04feab8614b22b07771f2a&amp;smart=true&amp;width=420&amp;height=293&amp;quality=85\" media=\"(min-width: 350px)\" \/><source srcset=\"https:\/\/www.infobae.com\/resizer\/v2\/PBJBKW2TZNCRPGAYMTA5FG3BT4.jpg?auth=07617b7952449e66d91e8d4b102f7f1132b50252bc04feab8614b22b07771f2a&amp;smart=true&amp;width=350&amp;height=244&amp;quality=85\" media=\"(min-width: 80px)\" \/><img loading=\"lazy\" decoding=\"async\" class=\"global-image\" src=\"https:\/\/www.infobae.com\/resizer\/v2\/PBJBKW2TZNCRPGAYMTA5FG3BT4.jpg?auth=07617b7952449e66d91e8d4b102f7f1132b50252bc04feab8614b22b07771f2a&amp;smart=true&amp;width=350&amp;height=244&amp;quality=85\" alt=\"Mila junto a Cris Morena,\" width=\"863\" height=\"602\" \/><\/picture>Mila junto a Cris Morena, su abuela paterna.<\/div>\n<p class=\"paragraph\" data-mrf-recirculation=\"Links inline\">Casado con\u00a0<b>Sof\u00eda Reca<\/b>, Tom\u00e1s Yankelevich, hermano de la fallecida Romina Yan, es padre de Inti y Mila, esta \u00faltima v\u00edctima fatal del tr\u00e1gico accidente n\u00e1utico ocurrido este lunes en Biscayne Bay, justo frente a la costa de Miami Beach.<\/p>\n<div class=\"undefined ad-wrapper\">\n<div class=\"dfpAd \">\n<div id=\"infobae\/sociedad\/nota\/undefined\" class=\"infobae\/sociedad\/nota\/undefined arcad\"><\/div>\n<\/div>\n<\/div>\n<p class=\"paragraph\" data-mrf-recirculation=\"Links inline\">Mila, la nieta menor de Cris Morena y Gustavo Yankelevich, hab\u00eda cumplido 7 a\u00f1os el pasado 12 de febrero.<\/p>\n<p class=\"paragraph\" data-mrf-recirculation=\"Links inline\">\u201cMila, mi ni\u00f1a con alas, mi hadita feliz y libre, acuariana so\u00f1ada y tan esperada\u2026 Nuestros momentos juntas llenos de bailes, canciones, inventando en la playa las formas de las nubes, tus preguntas incre\u00edbles\u2026\u00a0<b>Sos sol, libertad, abrazos, bella inquieta, dulce ni\u00f1a amada, especial, brillante nietita querida!!!<\/b>\u00a0Feliz d\u00eda! Feliz vida Feliz cumplea\u00f1os. Te amoooo siempre!!!\u201c, reza el posteo que la directora teatral le dedic\u00f3 en su cuenta de Instagram a Mila, con motivo de su natalicio.<\/p>\n<div class=\"visual__image\"><picture><source srcset=\"https:\/\/www.infobae.com\/resizer\/v2\/BDQJOUKFIJG4VGH4JBLVGPLHQU.jpg?auth=8d4492b4f9d3e76740a4ea28256373d013096da7e36319e50b7b6006c7547687&amp;smart=true&amp;width=992&amp;height=992&amp;quality=85\" media=\"(min-width: 1000px)\" \/><source srcset=\"https:\/\/www.infobae.com\/resizer\/v2\/BDQJOUKFIJG4VGH4JBLVGPLHQU.jpg?auth=8d4492b4f9d3e76740a4ea28256373d013096da7e36319e50b7b6006c7547687&amp;smart=true&amp;width=768&amp;height=768&amp;quality=85\" media=\"(min-width: 768px)\" \/><source srcset=\"https:\/\/www.infobae.com\/resizer\/v2\/BDQJOUKFIJG4VGH4JBLVGPLHQU.jpg?auth=8d4492b4f9d3e76740a4ea28256373d013096da7e36319e50b7b6006c7547687&amp;smart=true&amp;width=577&amp;height=577&amp;quality=85\" media=\"(min-width: 580px)\" \/><source srcset=\"https:\/\/www.infobae.com\/resizer\/v2\/BDQJOUKFIJG4VGH4JBLVGPLHQU.jpg?auth=8d4492b4f9d3e76740a4ea28256373d013096da7e36319e50b7b6006c7547687&amp;smart=true&amp;width=420&amp;height=420&amp;quality=85\" media=\"(min-width: 350px)\" \/><source srcset=\"https:\/\/www.infobae.com\/resizer\/v2\/BDQJOUKFIJG4VGH4JBLVGPLHQU.jpg?auth=8d4492b4f9d3e76740a4ea28256373d013096da7e36319e50b7b6006c7547687&amp;smart=true&amp;width=350&amp;height=350&amp;quality=85\" media=\"(min-width: 80px)\" \/><img loading=\"lazy\" decoding=\"async\" class=\"global-image\" src=\"https:\/\/www.infobae.com\/resizer\/v2\/BDQJOUKFIJG4VGH4JBLVGPLHQU.jpg?auth=8d4492b4f9d3e76740a4ea28256373d013096da7e36319e50b7b6006c7547687&amp;smart=true&amp;width=350&amp;height=350&amp;quality=85\" alt=\"El tierno posteo de Cris\" width=\"1080\" height=\"1080\" \/><\/picture>El tierno posteo de Cris Morena por el cumplea\u00f1os de su nieta Mila.<\/div>\n<p class=\"paragraph\" data-mrf-recirculation=\"Links inline\">Al momento del fatal accidente, Mila participaba de un campamento n\u00e1utico de la\u00a0<b>Miami Youth Sailing Foundation<\/b>, un \u00e1rea del Miami Yacht Club donde buscan apoyar tanto a los competidores serios como a navegantes recreativos, desde su infancia y en todos los niveles de habilidad.<\/p>\n<div class=\"undefined ad-wrapper\">\n<div class=\"dfpAd \">\n<div id=\"infobae\/sociedad\/nota\/undefined\" class=\"infobae\/sociedad\/nota\/undefined arcad\"><\/div>\n<\/div>\n<\/div>\n<p class=\"paragraph\" data-mrf-recirculation=\"Links inline\">\u201cLa misi\u00f3n de la Fundaci\u00f3n es animar a ni\u00f1os y adultos a\u00a0<b>experimentar la alegr\u00eda de la navegaci\u00f3n recreativa y\/o de competici\u00f3n<\/b>, los elementos esenciales del manejo de embarcaciones de alto rendimiento, la mariner\u00eda y la competici\u00f3n. Estos objetivos se logran animando a nuestros navegantes a aprender el valor de las lecciones para toda la vida que promueven el autoconocimiento, la comprensi\u00f3n y el aprecio por los dem\u00e1s\u201d, se\u00f1ala el sitio de la instituci\u00f3n.<\/p>\n<div class=\"visual__image\"><picture><source srcset=\"https:\/\/www.infobae.com\/resizer\/v2\/NE3KRPA6BJEDBAVXJ3CJ7MIZQA.jpg?auth=bc149ade5b8c3902c483074f62489f25a6e9bb2d7a952d2c28d3fa622696b2c7&amp;smart=true&amp;width=992&amp;height=982&amp;quality=85\" media=\"(min-width: 1000px)\" \/><source srcset=\"https:\/\/www.infobae.com\/resizer\/v2\/NE3KRPA6BJEDBAVXJ3CJ7MIZQA.jpg?auth=bc149ade5b8c3902c483074f62489f25a6e9bb2d7a952d2c28d3fa622696b2c7&amp;smart=true&amp;width=768&amp;height=760&amp;quality=85\" media=\"(min-width: 768px)\" \/><source srcset=\"https:\/\/www.infobae.com\/resizer\/v2\/NE3KRPA6BJEDBAVXJ3CJ7MIZQA.jpg?auth=bc149ade5b8c3902c483074f62489f25a6e9bb2d7a952d2c28d3fa622696b2c7&amp;smart=true&amp;width=577&amp;height=571&amp;quality=85\" media=\"(min-width: 580px)\" \/><source srcset=\"https:\/\/www.infobae.com\/resizer\/v2\/NE3KRPA6BJEDBAVXJ3CJ7MIZQA.jpg?auth=bc149ade5b8c3902c483074f62489f25a6e9bb2d7a952d2c28d3fa622696b2c7&amp;smart=true&amp;width=420&amp;height=416&amp;quality=85\" media=\"(min-width: 350px)\" \/><source srcset=\"https:\/\/www.infobae.com\/resizer\/v2\/NE3KRPA6BJEDBAVXJ3CJ7MIZQA.jpg?auth=bc149ade5b8c3902c483074f62489f25a6e9bb2d7a952d2c28d3fa622696b2c7&amp;smart=true&amp;width=350&amp;height=347&amp;quality=85\" media=\"(min-width: 80px)\" \/><img loading=\"lazy\" decoding=\"async\" class=\"global-image\" src=\"https:\/\/www.infobae.com\/resizer\/v2\/NE3KRPA6BJEDBAVXJ3CJ7MIZQA.jpg?auth=bc149ade5b8c3902c483074f62489f25a6e9bb2d7a952d2c28d3fa622696b2c7&amp;smart=true&amp;width=350&amp;height=347&amp;quality=85\" alt=\"Mila Yankelevich participaba de un\" width=\"1920\" height=\"1901\" \/><\/picture>Mila Yankelevich participaba de un campamento n\u00e1utico de la Miami Youth Sailing Foundation. (Imagen ilustrativa)<\/div>\n<div class=\"visual__image\"><picture><source srcset=\"https:\/\/www.infobae.com\/resizer\/v2\/YAMWVZXTYZAODMHVAVDVRHDMKU.jpg?auth=8cb34974f02517328dd74a5c697ae64d479b21b74b61c18f8d7e9912b567ce74&amp;smart=true&amp;width=992&amp;height=1240&amp;quality=85\" media=\"(min-width: 1000px)\" \/><source srcset=\"https:\/\/www.infobae.com\/resizer\/v2\/YAMWVZXTYZAODMHVAVDVRHDMKU.jpg?auth=8cb34974f02517328dd74a5c697ae64d479b21b74b61c18f8d7e9912b567ce74&amp;smart=true&amp;width=768&amp;height=960&amp;quality=85\" media=\"(min-width: 768px)\" \/><source srcset=\"https:\/\/www.infobae.com\/resizer\/v2\/YAMWVZXTYZAODMHVAVDVRHDMKU.jpg?auth=8cb34974f02517328dd74a5c697ae64d479b21b74b61c18f8d7e9912b567ce74&amp;smart=true&amp;width=577&amp;height=721&amp;quality=85\" media=\"(min-width: 580px)\" \/><source srcset=\"https:\/\/www.infobae.com\/resizer\/v2\/YAMWVZXTYZAODMHVAVDVRHDMKU.jpg?auth=8cb34974f02517328dd74a5c697ae64d479b21b74b61c18f8d7e9912b567ce74&amp;smart=true&amp;width=420&amp;height=525&amp;quality=85\" media=\"(min-width: 350px)\" \/><source srcset=\"https:\/\/www.infobae.com\/resizer\/v2\/YAMWVZXTYZAODMHVAVDVRHDMKU.jpg?auth=8cb34974f02517328dd74a5c697ae64d479b21b74b61c18f8d7e9912b567ce74&amp;smart=true&amp;width=350&amp;height=438&amp;quality=85\" media=\"(min-width: 80px)\" \/><img loading=\"lazy\" decoding=\"async\" class=\"global-image\" src=\"https:\/\/www.infobae.com\/resizer\/v2\/YAMWVZXTYZAODMHVAVDVRHDMKU.jpg?auth=8cb34974f02517328dd74a5c697ae64d479b21b74b61c18f8d7e9912b567ce74&amp;smart=true&amp;width=350&amp;height=438&amp;quality=85\" alt=\"El velero donde viajaba Mila\" width=\"1920\" height=\"2400\" \/><\/picture>El velero donde viajaba Mila fue embestido de lleno por una barcaza, y la ni\u00f1a, al igual que otros compa\u00f1eros, salieron despedidos hacia el mar.<\/div>\n<p class=\"paragraph\" data-mrf-recirculation=\"Links inline\">Seg\u00fan detalla la revista\u00a0<i>Pronto<\/i>, Tom\u00e1s Yankelevich y Sof\u00eda Reca se conocieron en una fiesta y\u00a0<b>se casaron en 20 de diciembre de 2008<\/b>,luego de un a\u00f1o de noviazgo El 24 de julio de 2010 naci\u00f3 Inti, en medio de un a\u00f1o lamentable para la familia: el 28 de septiembre, con solo 36 a\u00f1os, muri\u00f3 repentinamente Romina Yan. Pero ocho a\u00f1os despu\u00e9s naci\u00f3 Mila, quien le dio una inyecci\u00f3n an\u00edmica a la familia Yankelevich luego del fallecimiento de la actriz.<\/p>\n<\/div>\n<\/article>\n","protected":false},"excerpt":{"rendered":"<p>Fuentes de la investigaci\u00f3n confirmaron a Infobae que una de las v\u00edctimas es Mila, de 7 a\u00f1os, hija de Tom\u00e1s, el hermano de Romina Yan. En el mismo accidente falleci\u00f3 otra menor de nacionalidad argentina, de 13 a\u00f1os. Adem\u00e1s hay otras dos ni\u00f1as en grave estado Mila Yankelevich junto a Tom\u00e1s, su padre, y Cris [&hellip;]<\/p>\n","protected":false},"author":2,"featured_media":25116,"comment_status":"closed","ping_status":"closed","sticky":false,"template":"","format":"standard","meta":{"footnotes":""},"categories":[80,85],"tags":[],"class_list":{"0":"post-25115","1":"post","2":"type-post","3":"status-publish","4":"format-standard","5":"has-post-thumbnail","7":"category-internacionales","8":"category-sociales"},"_links":{"self":[{"href":"https:\/\/radiobitacora.com.ar\/web\/wp-json\/wp\/v2\/posts\/25115","targetHints":{"allow":["GET"]}}],"collection":[{"href":"https:\/\/radiobitacora.com.ar\/web\/wp-json\/wp\/v2\/posts"}],"about":[{"href":"https:\/\/radiobitacora.com.ar\/web\/wp-json\/wp\/v2\/types\/post"}],"author":[{"embeddable":true,"href":"https:\/\/radiobitacora.com.ar\/web\/wp-json\/wp\/v2\/users\/2"}],"replies":[{"embeddable":true,"href":"https:\/\/radiobitacora.com.ar\/web\/wp-json\/wp\/v2\/comments?post=25115"}],"version-history":[{"count":0,"href":"https:\/\/radiobitacora.com.ar\/web\/wp-json\/wp\/v2\/posts\/25115\/revisions"}],"wp:featuredmedia":[{"embeddable":true,"href":"https:\/\/radiobitacora.com.ar\/web\/wp-json\/wp\/v2\/media\/25116"}],"wp:attachment":[{"href":"https:\/\/radiobitacora.com.ar\/web\/wp-json\/wp\/v2\/media?parent=25115"}],"wp:term":[{"taxonomy":"category","embeddable":true,"href":"https:\/\/radiobitacora.com.ar\/web\/wp-json\/wp\/v2\/categories?post=25115"},{"taxonomy":"post_tag","embeddable":true,"href":"https:\/\/radiobitacora.com.ar\/web\/wp-json\/wp\/v2\/tags?post=25115"}],"curies":[{"name":"wp","href":"https:\/\/api.w.org\/{rel}","templated":true}]}}