{"id":25121,"date":"2025-07-29T19:05:11","date_gmt":"2025-07-29T22:05:11","guid":{"rendered":"https:\/\/radiobitacora.com.ar\/web\/?p=25121"},"modified":"2025-07-29T19:05:11","modified_gmt":"2025-07-29T22:05:11","slug":"cria-1ra-goya-policia-recupero-bicicleta-de-alta-gama","status":"publish","type":"post","link":"https:\/\/radiobitacora.com.ar\/web\/2025\/07\/29\/cria-1ra-goya-policia-recupero-bicicleta-de-alta-gama\/","title":{"rendered":"CRIA 1RA GOYA  POLIC\u00cdA RECUPER\u00d3 BICICLETA DE ALTA GAMA"},"content":{"rendered":"<p style=\"font-weight: 400;\">\n<p style=\"font-weight: 400;\">Efectivos policiales de la Comisar\u00eda 1ra de Goya, recuperaron en la ma\u00f1ana de hoy una bicicleta que fue sustra\u00edda en la v\u00edspera de la esquina de Juan E Mart\u00ednez y Jos\u00e9 G\u00f3mez, en el centro de Goya.<\/p>\n<p style=\"font-weight: 400;\">La bicicleta, se trata de una SLP, rodado 26, de color roja con negro y hab\u00eda sido dejada estacionada por el hijo de la denunciante, mientras estaba en una consulta odontol\u00f3gica y al salir se dio cuenta que se la hab\u00edan sustra\u00eddo.<\/p>\n<p style=\"font-weight: 400;\">Con la denuncia, de manera inmediata, se realizaron an\u00e1lisis de c\u00e1maras tanto del SIS 911 c\u00f3mo de c\u00e1maras privadas, pudiendo identificar a un sospechoso de haber sustra\u00eddo el rodado.<\/p>\n<p style=\"font-weight: 400;\">Con esta informaci\u00f3n y bajo las formalidades legales, en la ma\u00f1ana de hoy se recuper\u00f3 la bicicleta y se procedi\u00f3 a la aprehensi\u00f3n del sospechoso, quien es de apellido OBREG\u00d3N (a) OREJA, con domicilio en zona sur de la ciudad.<\/p>\n<p style=\"font-weight: 400;\">Mientras que el rodado ya fue devuelto a su propietaria, el aprehendido qued\u00f3 alojado en la Comisar\u00eda de menci\u00f3n.<\/p>\n<p style=\"font-weight: 400;\">\n<p style=\"font-weight: 400;\">\n<p style=\"font-weight: 400;\">\n<p style=\"font-weight: 400;\">Direcci\u00f3n de Prensa \u2013 Municipalidad de Goya.<\/p>\n","protected":false},"excerpt":{"rendered":"<p>Efectivos policiales de la Comisar\u00eda 1ra de Goya, recuperaron en la ma\u00f1ana de hoy una bicicleta que fue sustra\u00edda en la v\u00edspera de la esquina de Juan E Mart\u00ednez y Jos\u00e9 G\u00f3mez, en el centro de Goya. La bicicleta, se trata de una SLP, rodado 26, de color roja con negro y hab\u00eda sido dejada [&hellip;]<\/p>\n","protected":false},"author":2,"featured_media":25122,"comment_status":"closed","ping_status":"closed","sticky":false,"template":"","format":"standard","meta":{"footnotes":""},"categories":[79],"tags":[],"class_list":{"0":"post-25121","1":"post","2":"type-post","3":"status-publish","4":"format-standard","5":"has-post-thumbnail","7":"category-politica"},"_links":{"self":[{"href":"https:\/\/radiobitacora.com.ar\/web\/wp-json\/wp\/v2\/posts\/25121","targetHints":{"allow":["GET"]}}],"collection":[{"href":"https:\/\/radiobitacora.com.ar\/web\/wp-json\/wp\/v2\/posts"}],"about":[{"href":"https:\/\/radiobitacora.com.ar\/web\/wp-json\/wp\/v2\/types\/post"}],"author":[{"embeddable":true,"href":"https:\/\/radiobitacora.com.ar\/web\/wp-json\/wp\/v2\/users\/2"}],"replies":[{"embeddable":true,"href":"https:\/\/radiobitacora.com.ar\/web\/wp-json\/wp\/v2\/comments?post=25121"}],"version-history":[{"count":0,"href":"https:\/\/radiobitacora.com.ar\/web\/wp-json\/wp\/v2\/posts\/25121\/revisions"}],"wp:featuredmedia":[{"embeddable":true,"href":"https:\/\/radiobitacora.com.ar\/web\/wp-json\/wp\/v2\/media\/25122"}],"wp:attachment":[{"href":"https:\/\/radiobitacora.com.ar\/web\/wp-json\/wp\/v2\/media?parent=25121"}],"wp:term":[{"taxonomy":"category","embeddable":true,"href":"https:\/\/radiobitacora.com.ar\/web\/wp-json\/wp\/v2\/categories?post=25121"},{"taxonomy":"post_tag","embeddable":true,"href":"https:\/\/radiobitacora.com.ar\/web\/wp-json\/wp\/v2\/tags?post=25121"}],"curies":[{"name":"wp","href":"https:\/\/api.w.org\/{rel}","templated":true}]}}