{"id":25124,"date":"2025-07-29T19:06:52","date_gmt":"2025-07-29T22:06:52","guid":{"rendered":"https:\/\/radiobitacora.com.ar\/web\/?p=25124"},"modified":"2025-07-29T19:07:02","modified_gmt":"2025-07-29T22:07:02","slug":"mariano-hormaechea-acompano-el-inicio-de-reasfaltado-de-calle-jose-e-gomez","status":"publish","type":"post","link":"https:\/\/radiobitacora.com.ar\/web\/2025\/07\/29\/mariano-hormaechea-acompano-el-inicio-de-reasfaltado-de-calle-jose-e-gomez\/","title":{"rendered":"MARIANO HORMAECHEA ACOMPA\u00d1O EL INICIO DE REASFALTADO DE CALLE JOS\u00c9 E. GOMEZ"},"content":{"rendered":"<p style=\"font-weight: 400;\">Como estaba programado este martes, dieron inicio las obras de repavimentaci\u00f3n de calle Jos\u00e9 Eusebio G\u00f3mez, los trabajos en esta primera etapa alcanza en el tramo comprendido entre avenida Sarmiento y calle Baibiene. Esta obra permite mejorar las condiciones de transitabilidad otorgando mayor seguridad vial.<\/p>\n<p style=\"font-weight: 400;\">Mariano Hormaechea acompa\u00f1\u00f3 el inicio de esta importante intervenci\u00f3n que se realiza en forma conjunta entre la gesti\u00f3n municipal y el gobierno provincial. Las mejoras de infraestructura de esta v\u00eda es un compromiso para dar respuesta con el objetivo de mejorar las condiciones viales de esta importante calle de la ciudad, que en el sector del centro, es una arteria comercial importante de la ciudad.<\/p>\n<p><img loading=\"lazy\" decoding=\"async\" class=\"wp-image-25125 alignleft\" src=\"https:\/\/radiobitacora.com.ar\/web\/wp-content\/uploads\/2025\/07\/reasfaltado-Jose-Gomez-8.jpeg\" alt=\"\" width=\"357\" height=\"238\" srcset=\"https:\/\/radiobitacora.com.ar\/web\/wp-content\/uploads\/2025\/07\/reasfaltado-Jose-Gomez-8.jpeg 1600w, https:\/\/radiobitacora.com.ar\/web\/wp-content\/uploads\/2025\/07\/reasfaltado-Jose-Gomez-8-696x464.jpeg 696w, https:\/\/radiobitacora.com.ar\/web\/wp-content\/uploads\/2025\/07\/reasfaltado-Jose-Gomez-8-1068x712.jpeg 1068w, https:\/\/radiobitacora.com.ar\/web\/wp-content\/uploads\/2025\/07\/reasfaltado-Jose-Gomez-8-630x420.jpeg 630w\" sizes=\"auto, (max-width: 357px) 100vw, 357px\" \/><\/p>\n<p style=\"font-weight: 400;\">Las obras se realizan en el reasfaltado de calle Jos\u00e9 G\u00f3mez, se concertar\u00e1n en toda la extensi\u00f3n desde Sarmiento a Madariaga. Estos trabajos se realizan con la producci\u00f3n de asfalto en la Planta Asf\u00e1ltica recientemente instalada y presentada por el Gobernador Gustavo Vald\u00e9s, ubicada en Vialidad Provincial.<\/p>\n<p style=\"font-weight: 400;\">La operatividad de la mencionada planta proveer\u00e1 de material a la ciudad de Goya, Municipios de la regi\u00f3n y posibilitar\u00e1\u00a0 intervenir en reparaciones de rutas de este sector de la provincia.<\/p>\n<p style=\"font-weight: 400;\">Es oportuno destacar que los trabajos previos de bacheo, reparaci\u00f3n de losas de hormig\u00f3n armado en la mencionada calle, se realizan desde la Secretar\u00eda de Obras y Servicios P\u00fablicos de la Municipalidad de Goya, permitiendo otorgar condiciones en la base de la calle y lograr el reasfaltado.<\/p>\n<p><img loading=\"lazy\" decoding=\"async\" class=\"wp-image-25126 alignleft\" src=\"https:\/\/radiobitacora.com.ar\/web\/wp-content\/uploads\/2025\/07\/reasfaltado-Jose-Gomez-1.jpeg\" alt=\"\" width=\"381\" height=\"254\" srcset=\"https:\/\/radiobitacora.com.ar\/web\/wp-content\/uploads\/2025\/07\/reasfaltado-Jose-Gomez-1.jpeg 1600w, https:\/\/radiobitacora.com.ar\/web\/wp-content\/uploads\/2025\/07\/reasfaltado-Jose-Gomez-1-696x464.jpeg 696w, https:\/\/radiobitacora.com.ar\/web\/wp-content\/uploads\/2025\/07\/reasfaltado-Jose-Gomez-1-1068x712.jpeg 1068w, https:\/\/radiobitacora.com.ar\/web\/wp-content\/uploads\/2025\/07\/reasfaltado-Jose-Gomez-1-630x420.jpeg 630w\" sizes=\"auto, (max-width: 381px) 100vw, 381px\" \/><\/p>\n<p style=\"font-weight: 400;\">Adem\u00e1s la Municipalidad interviene a trav\u00e9s del PRODEGO en la cuadra que comprende Entre R\u00edos y Agust\u00edn P. Justo. En este sector se rectifican y reparan pluviales primarios.<\/p>\n<p style=\"font-weight: 400;\">La Secretar\u00eda de obras y servicios p\u00fablicos prosigue con el bacheo y reparaci\u00f3n de losas en otros sectores de esta calle, para dejar en condiciones para el posterior reasfaltado.<\/p>\n<p style=\"font-weight: 400;\">Mariano dialog\u00f3 con vecinos y comerciantes del lugar a quienes explic\u00f3 la metodolog\u00eda de trabajo y lo significativo de esta obra con las mejoras que se lograran beneficio de los goyanos.<\/p>\n<p style=\"font-weight: 400;\">Acompa\u00f1aron al intendente los concejales Sebastian Mazzaro; Gabriela Refojos; M\u00f3nica Cortinovis; Jorge Zorzoli. Adem\u00e1s de las vicepresidente 2\u00b0 del HCD Viv\u00edan Merlo.<\/p>\n<p style=\"font-weight: 400;\">Direcci\u00f3n de Prensa \u2013 Municipalidad de Goya.<\/p>\n","protected":false},"excerpt":{"rendered":"<p>Como estaba programado este martes, dieron inicio las obras de repavimentaci\u00f3n de calle Jos\u00e9 Eusebio G\u00f3mez, los trabajos en esta primera etapa alcanza en el tramo comprendido entre avenida Sarmiento y calle Baibiene. Esta obra permite mejorar las condiciones de transitabilidad otorgando mayor seguridad vial. Mariano Hormaechea acompa\u00f1\u00f3 el inicio de esta importante intervenci\u00f3n que [&hellip;]<\/p>\n","protected":false},"author":2,"featured_media":25127,"comment_status":"closed","ping_status":"closed","sticky":false,"template":"","format":"standard","meta":{"footnotes":""},"categories":[56],"tags":[],"class_list":{"0":"post-25124","1":"post","2":"type-post","3":"status-publish","4":"format-standard","5":"has-post-thumbnail","7":"category-locales"},"_links":{"self":[{"href":"https:\/\/radiobitacora.com.ar\/web\/wp-json\/wp\/v2\/posts\/25124","targetHints":{"allow":["GET"]}}],"collection":[{"href":"https:\/\/radiobitacora.com.ar\/web\/wp-json\/wp\/v2\/posts"}],"about":[{"href":"https:\/\/radiobitacora.com.ar\/web\/wp-json\/wp\/v2\/types\/post"}],"author":[{"embeddable":true,"href":"https:\/\/radiobitacora.com.ar\/web\/wp-json\/wp\/v2\/users\/2"}],"replies":[{"embeddable":true,"href":"https:\/\/radiobitacora.com.ar\/web\/wp-json\/wp\/v2\/comments?post=25124"}],"version-history":[{"count":0,"href":"https:\/\/radiobitacora.com.ar\/web\/wp-json\/wp\/v2\/posts\/25124\/revisions"}],"wp:featuredmedia":[{"embeddable":true,"href":"https:\/\/radiobitacora.com.ar\/web\/wp-json\/wp\/v2\/media\/25127"}],"wp:attachment":[{"href":"https:\/\/radiobitacora.com.ar\/web\/wp-json\/wp\/v2\/media?parent=25124"}],"wp:term":[{"taxonomy":"category","embeddable":true,"href":"https:\/\/radiobitacora.com.ar\/web\/wp-json\/wp\/v2\/categories?post=25124"},{"taxonomy":"post_tag","embeddable":true,"href":"https:\/\/radiobitacora.com.ar\/web\/wp-json\/wp\/v2\/tags?post=25124"}],"curies":[{"name":"wp","href":"https:\/\/api.w.org\/{rel}","templated":true}]}}