{"id":25130,"date":"2025-07-30T08:22:36","date_gmt":"2025-07-30T11:22:36","guid":{"rendered":"https:\/\/radiobitacora.com.ar\/web\/?p=25130"},"modified":"2025-07-30T08:22:36","modified_gmt":"2025-07-30T11:22:36","slug":"elena-cabrol-rumbo-al-nacional-de-newcom","status":"publish","type":"post","link":"https:\/\/radiobitacora.com.ar\/web\/2025\/07\/30\/elena-cabrol-rumbo-al-nacional-de-newcom\/","title":{"rendered":"ELENA CABROL RUMBO AL NACIONAL DE NEWCOM"},"content":{"rendered":"<p style=\"font-weight: 400;\">La jugadora de New Com integrante del equipo Goya Surub\u00ed fue convocada junto a Liliana Stortti para integrar la Selecci\u00f3n Correntina de esta disciplina, representando a la provincia en la instancia nacional que se disputar\u00e1 en Catamarca del 30 de julio al 2 de agosto, en la Categor\u00eda + 60.<\/p>\n<p style=\"font-weight: 400;\">\n<p style=\"font-weight: 400;\">Ambas deportistas\u00a0formar\u00e1n parte del equipo Tarag\u00fci que representar\u00e1 a Corrientes en este importante torneo que re\u00fane a los mejores equipos del pa\u00eds.<\/p>\n<p style=\"font-weight: 400;\">\n<p style=\"font-weight: 400;\">Elena Cabrol, en contacto con Radio Ciudad expres\u00f3 sentir \u201corgullo por la convocatoria para representar a Corrientes, esto es fruto del crecimiento de este deporte en nuestra ciudad\u201d.<\/p>\n<p style=\"font-weight: 400;\">\n<p style=\"font-weight: 400;\">En la entrevista agradeci\u00f3 el apoyo de la Municipalidad, de la Direcci\u00f3n de Deportes, e invit\u00f3 a los interesados en esta pr\u00e1ctica a concurrir al club AGDA, lugar de entrenamiento de este deporte. Justamente, en las instalaciones del club de la calle Alvear se concretar\u00e1 un encuentro provincial de car\u00e1cter amistoso el s\u00e1bado 2 de agosto, desde las 9 horas.<\/p>\n<p style=\"font-weight: 400;\">\n<p style=\"font-weight: 400;\">RUMBO AL NACIONAL<\/p>\n<p style=\"font-weight: 400;\">La jugadora goyana detall\u00f3: \u201cPartimos el mi\u00e9rcoles rumbo a Corrientes para viajar en horas de la noche a Catamarca, junto a las otras categor\u00edas: +40, +50, +60, +70 (78); ahora existe esta categor\u00eda (+40). Desde el a\u00f1o pasado se ha incorporado a la liga esta franja etaria\u201d, aclar\u00f3.<\/p>\n<p style=\"font-weight: 400;\">\n<p style=\"font-weight: 400;\">Consultada sobre c\u00f3mo surge la invitaci\u00f3n a ser parte de la Selecci\u00f3n Correntina, coment\u00f3: \u201cEl a\u00f1o pasado fuimos a Ituzaing\u00f3 para representar al equipo de Santa Ana; este a\u00f1o, en Alvear con nuestro equipo Goya Surub\u00ed, en un torneo zonal, en una categor\u00eda menos (+50). All\u00ed nos \u201cecharon el ojo\u201d, se han comunicado con la profesora Azul G\u00f3mez para informar sobre la convocatoria a integrar la selecci\u00f3n correntina\u201d.<\/p>\n<p style=\"font-weight: 400;\">\n<p style=\"font-weight: 400;\">\u201cEn Goya contamos con 64 personas que de manera sistem\u00e1tica concurren a AGDA a practicar el deporte, sumado a la actividad social, la necesidad de crear un v\u00ednculo social, festejar cumplea\u00f1os, entre otros acontecimientos\u201d, agreg\u00f3.<\/p>\n<p style=\"font-weight: 400;\">\n<p style=\"font-weight: 400;\">APORTE DE LA MUNICIPALIDAD<\/p>\n<p style=\"font-weight: 400;\">Elena Cabrol sostuvo: \u201cTras las gestiones hechas por la profe Azul (record\u00f3 que acompa\u00f1an a esta pr\u00e1ctica el profesor Daniel \u201cTape\u201d Lezcano), estamos agradecidas a la Direcci\u00f3n de Deportes por el aporte para nuestro traslado a Corrientes, sumando nuestro aporte personal para cubrir nuestra estad\u00eda en Catamarca\u201d.<\/p>\n<p style=\"font-weight: 400;\">\n<p style=\"font-weight: 400;\">TORNEO NACIONAL FEMENINO<\/p>\n<p style=\"font-weight: 400;\">La deportista coment\u00f3 sobre el certamen nacional y la zona que integran en dicha competencia: \u201cEste torneo es solo femenino; jugaremos en la zona junto a Madryn, C\u00f3rdoba y Salta. La informaci\u00f3n que tenemos es que son muy buenas jugadoras. Las \u201cchicas\u201d de Corrientes tienen varios a\u00f1os jugando juntas, son bicampeonas, nosotros integramos como refuerzo del plantel de la selecci\u00f3n de la provincia\u201d.<\/p>\n<p style=\"font-weight: 400;\">\n<p style=\"font-weight: 400;\">ENCUENTRO PROVINCIAL AMISTOSO EN AGDA<\/p>\n<p style=\"font-weight: 400;\">\u201cEl s\u00e1bado se ha programado en nuestra ciudad, desde las 9 horas, un encuentro provincial de car\u00e1cter amistoso con la participaci\u00f3n de equipos de Chavarr\u00eda y Esquina junto a nosotros\u201d, a\u00f1adi\u00f3.<\/p>\n<p style=\"font-weight: 400;\">\n<p style=\"font-weight: 400;\">NIVEL DE JUEGO Y ESP\u00cdRITU COMPETITIVO<\/p>\n<p style=\"font-weight: 400;\">En el di\u00e1logo en Radio Ciudad manifest\u00f3 su esp\u00edritu competitivo: \u201cJugamos, competimos, con lo que significa ser competitivo, de all\u00ed que contamos con dos niveles, competitivo y recreativo. Buscamos entender a los participantes para definir en qu\u00e9 grupo pueden practicar, as\u00ed definimos los tiempos, horarios, en los dos niveles\u201d.<\/p>\n<p style=\"font-weight: 400;\">\n<p style=\"font-weight: 400;\">\u201cYo adem\u00e1s participo de la Liga Goyana de V\u00f3ley en la Categor\u00eda Maxi -se\u00f1al\u00f3-, eso ayuda a tener este nivel de juego, de competencia, entiendo que es el factor que contribuye a esa din\u00e1mica de juego en el New Com\u201d.<\/p>\n<p style=\"font-weight: 400;\">\n<p style=\"font-weight: 400;\">Al final de la entrevista Elena Cabrol destac\u00f3 el apoyo municipal que permitir\u00e1 contar con otro espacio para el entrenamiento: \u201cGracias al aporte de la Municipalidad y el propio Club AGDA, estamos por contar con una nueva cancha, ser\u00e1 la tercera, donde estaba la cancha de p\u00e1del (Blindex) con medidas reglamentarias. Servir\u00e1 para entrenar, una cancha suplementaria que servir\u00e1 a AGDA para el b\u00e1squet, estamos agradecidos por esta colaboraci\u00f3n desde la Municipalidad\u201d.<\/p>\n<p style=\"font-weight: 400;\">\n<p style=\"font-weight: 400;\">Desde la Direcci\u00f3n de Deportes, junto al intendente Mariano Hormaechea expresaron: \u201cCelebramos que hoy dos representantes goyanas lleven su esfuerzo y pasi\u00f3n al nivel nacional.<\/p>\n<p style=\"font-weight: 400;\">\u00a1Felicitaciones Elena y Liliana por este logro! Son un verdadero orgullo para Goya, ejemplo de compromiso, energ\u00eda y amor por el deporte\u201d.<\/p>\n<p style=\"font-weight: 400;\">\n<p style=\"font-weight: 400;\">Direcci\u00f3n de Prensa-Municipalidad de Goya<\/p>\n","protected":false},"excerpt":{"rendered":"<p>La jugadora de New Com integrante del equipo Goya Surub\u00ed fue convocada junto a Liliana Stortti para integrar la Selecci\u00f3n Correntina de esta disciplina, representando a la provincia en la instancia nacional que se disputar\u00e1 en Catamarca del 30 de julio al 2 de agosto, en la Categor\u00eda + 60. Ambas deportistas\u00a0formar\u00e1n parte del equipo [&hellip;]<\/p>\n","protected":false},"author":2,"featured_media":25131,"comment_status":"closed","ping_status":"closed","sticky":false,"template":"","format":"standard","meta":{"footnotes":""},"categories":[78],"tags":[],"class_list":{"0":"post-25130","1":"post","2":"type-post","3":"status-publish","4":"format-standard","5":"has-post-thumbnail","7":"category-deportes"},"_links":{"self":[{"href":"https:\/\/radiobitacora.com.ar\/web\/wp-json\/wp\/v2\/posts\/25130","targetHints":{"allow":["GET"]}}],"collection":[{"href":"https:\/\/radiobitacora.com.ar\/web\/wp-json\/wp\/v2\/posts"}],"about":[{"href":"https:\/\/radiobitacora.com.ar\/web\/wp-json\/wp\/v2\/types\/post"}],"author":[{"embeddable":true,"href":"https:\/\/radiobitacora.com.ar\/web\/wp-json\/wp\/v2\/users\/2"}],"replies":[{"embeddable":true,"href":"https:\/\/radiobitacora.com.ar\/web\/wp-json\/wp\/v2\/comments?post=25130"}],"version-history":[{"count":0,"href":"https:\/\/radiobitacora.com.ar\/web\/wp-json\/wp\/v2\/posts\/25130\/revisions"}],"wp:featuredmedia":[{"embeddable":true,"href":"https:\/\/radiobitacora.com.ar\/web\/wp-json\/wp\/v2\/media\/25131"}],"wp:attachment":[{"href":"https:\/\/radiobitacora.com.ar\/web\/wp-json\/wp\/v2\/media?parent=25130"}],"wp:term":[{"taxonomy":"category","embeddable":true,"href":"https:\/\/radiobitacora.com.ar\/web\/wp-json\/wp\/v2\/categories?post=25130"},{"taxonomy":"post_tag","embeddable":true,"href":"https:\/\/radiobitacora.com.ar\/web\/wp-json\/wp\/v2\/tags?post=25130"}],"curies":[{"name":"wp","href":"https:\/\/api.w.org\/{rel}","templated":true}]}}