{"id":25133,"date":"2025-07-30T08:25:20","date_gmt":"2025-07-30T11:25:20","guid":{"rendered":"https:\/\/radiobitacora.com.ar\/web\/?p=25133"},"modified":"2025-07-30T08:26:33","modified_gmt":"2025-07-30T11:26:33","slug":"incorporacion-de-tecnologia-para-una-atencion-de-calidad","status":"publish","type":"post","link":"https:\/\/radiobitacora.com.ar\/web\/2025\/07\/30\/incorporacion-de-tecnologia-para-una-atencion-de-calidad\/","title":{"rendered":"INCORPORACI\u00d3N DE TECNOLOG\u00cdA PARA UNA ATENCI\u00d3N DE CALIDAD"},"content":{"rendered":"<p>Hospital Regional Goya<\/p>\n<p>El director del Hospital Regional Goya, Dr. Ra\u00fal Alejandro Mart\u00ednez, coment\u00f3 acerca de las inversiones en aparatolog\u00eda de \u00faltima generaci\u00f3n con el prop\u00f3sito de brindar una mejor calidad en la salud p\u00fablica.<\/p>\n<p>&nbsp;<\/p>\n<p>El facultativo se\u00f1al\u00f3 que \u201c<strong>un 90% de la poblaci\u00f3n asiste o recurre a la atenci\u00f3n en el Hospital P\u00fablico<\/strong>, en principio por las crisis en el sistema econ\u00f3mico y en las prestaciones de las Prepagas u obras sociales. Por otro lado, en el caso del Hospital de Goya, tiene un nivel de excelencia por encima del sector privado\u201d.<\/p>\n<p>&nbsp;<\/p>\n<p>Tambi\u00e9n destac\u00f3 el trabajo de formaci\u00f3n del recurso humano.<\/p>\n<p>&nbsp;<\/p>\n<p>INVERSI\u00d3N EN RECURSOS HUMANOS<\/p>\n<p>El Dr. Mart\u00ednez, asegur\u00f3: \u201cCualquier paciente con un cuadro grave, traumas, cardiovascular o neuroquir\u00fargico, concurre al hospital p\u00fablico porque le resuelve esa cuesti\u00f3n. Esto se debe al trabajo en la formaci\u00f3n de los recursos humanos; a partir del mes de agosto estaremos incorporando un neurocirujano, lo que nos resolver\u00e1 esas cuestiones neuroquir\u00fargicas que antes deb\u00edamos recurrir a la capital provincial\u201d.<\/p>\n<p>&nbsp;<\/p>\n<p>UN HOSPITAL ESCUELA<\/p>\n<p>\u201cEstamos satisfechos en lo que hemos logrado, como un hospital escuela tenemos los residentes que se est\u00e1n formando en cirug\u00eda, en pediatr\u00eda, en medicina general, en ginecolog\u00eda, Tocoginecolog\u00eda. M\u00e1s las residencias en enfermer\u00eda que hacen su especializaci\u00f3n en las \u00e1reas de terapia intensiva, obstetricia y pediatr\u00eda\u201d, agreg\u00f3.<\/p>\n<p>&nbsp;<\/p>\n<p>NUEVAS TECNOLOG\u00cdAS<\/p>\n<p>El director del hospital, sobre la incorporaci\u00f3n del Ec\u00f3grafo Institucional Multiprop\u00f3sito de \u00daltima Generaci\u00f3n, indic\u00f3: \u201cNosotros marcamos en esta incorporaci\u00f3n en institucional porque tiene una mayor capacidad, para responder al volumen de estudios que debemos realizar en el Hospital. Este ec\u00f3grafo es el que hace eco doppler vascular, que antes deb\u00edamos derivar a otros centros de salud\u201d.<\/p>\n<p>&nbsp;<\/p>\n<p>Consultado sobre el mam\u00f3grafo, explic\u00f3: \u201cUna deuda pendiente para con la poblaci\u00f3n: la realizaci\u00f3n de mamograf\u00eda. El inconveniente radicaba en el revelado de la placa radiogr\u00e1fica, alrededor de 2 a 3 meses estuvimos imposibilitados de hacer los estudios, porque el diagn\u00f3stico no era correcto o preciso. Ahora lo hemos recuperado, de todas maneras estamos trabajando para conseguir uno digital que nos permita agilizar ese diagn\u00f3stico, enviando a un m\u00f3vil o a una computadora. De all\u00ed el cuidado en las mamograf\u00edas, el tema del revelado, nos podr\u00edan dar un errado diagn\u00f3stico, por eso la espera. Desde la semana pasada est\u00e1 en funcionamiento\u201d.<\/p>\n<p>&nbsp;<\/p>\n<p>\u201cHay otros tipos de estudios para el diagn\u00f3stico de la cuesti\u00f3n mamaria, no solo el mam\u00f3grafo. El primer paso que recomendamos siempre es el autoexamen, palparse las mamas para saber si existe algo \u201craro\u201d para la consulta al m\u00e9dico, al ginec\u00f3logo. Esto son los aspectos que debemos considerar\u201d.<\/p>\n<p>&nbsp;<\/p>\n<p>Finalmente, el director del Hospital Regional Goya Dr. Ra\u00fal Mart\u00ednez, ante la recepci\u00f3n de varios \u201creclamos\u201d, se\u00f1al\u00f3: \u201cUno no escapa a las cr\u00edticas, nos ayudan a mejorar. Cuando surge un inconveniente solicitamos hacerlo por escrito, cumpliendo lo que establece la Ley, de all\u00ed la recomendaci\u00f3n de hacerlo por esa v\u00eda para tomar las medidas que correspondan ante esa situaci\u00f3n planteada. Siempre hemos tomado esas inquietudes para buscar mejorar la calidad de la atenci\u00f3n de algo fundamental, la salud de nuestra comunidad\u201d.<\/p>\n<p>&nbsp;<\/p>\n<p>Direcci\u00f3n de Prensa-Municipalidad de Goya<\/p>\n","protected":false},"excerpt":{"rendered":"<p>Hospital Regional Goya El director del Hospital Regional Goya, Dr. Ra\u00fal Alejandro Mart\u00ednez, coment\u00f3 acerca de las inversiones en aparatolog\u00eda de \u00faltima generaci\u00f3n con el prop\u00f3sito de brindar una mejor calidad en la salud p\u00fablica. &nbsp; El facultativo se\u00f1al\u00f3 que \u201cun 90% de la poblaci\u00f3n asiste o recurre a la atenci\u00f3n en el Hospital P\u00fablico, [&hellip;]<\/p>\n","protected":false},"author":2,"featured_media":25134,"comment_status":"closed","ping_status":"closed","sticky":false,"template":"","format":"standard","meta":{"footnotes":""},"categories":[69],"tags":[],"class_list":{"0":"post-25133","1":"post","2":"type-post","3":"status-publish","4":"format-standard","5":"has-post-thumbnail","7":"category-salud"},"_links":{"self":[{"href":"https:\/\/radiobitacora.com.ar\/web\/wp-json\/wp\/v2\/posts\/25133","targetHints":{"allow":["GET"]}}],"collection":[{"href":"https:\/\/radiobitacora.com.ar\/web\/wp-json\/wp\/v2\/posts"}],"about":[{"href":"https:\/\/radiobitacora.com.ar\/web\/wp-json\/wp\/v2\/types\/post"}],"author":[{"embeddable":true,"href":"https:\/\/radiobitacora.com.ar\/web\/wp-json\/wp\/v2\/users\/2"}],"replies":[{"embeddable":true,"href":"https:\/\/radiobitacora.com.ar\/web\/wp-json\/wp\/v2\/comments?post=25133"}],"version-history":[{"count":0,"href":"https:\/\/radiobitacora.com.ar\/web\/wp-json\/wp\/v2\/posts\/25133\/revisions"}],"wp:featuredmedia":[{"embeddable":true,"href":"https:\/\/radiobitacora.com.ar\/web\/wp-json\/wp\/v2\/media\/25134"}],"wp:attachment":[{"href":"https:\/\/radiobitacora.com.ar\/web\/wp-json\/wp\/v2\/media?parent=25133"}],"wp:term":[{"taxonomy":"category","embeddable":true,"href":"https:\/\/radiobitacora.com.ar\/web\/wp-json\/wp\/v2\/categories?post=25133"},{"taxonomy":"post_tag","embeddable":true,"href":"https:\/\/radiobitacora.com.ar\/web\/wp-json\/wp\/v2\/tags?post=25133"}],"curies":[{"name":"wp","href":"https:\/\/api.w.org\/{rel}","templated":true}]}}