{"id":25139,"date":"2025-07-30T14:47:47","date_gmt":"2025-07-30T17:47:47","guid":{"rendered":"https:\/\/radiobitacora.com.ar\/web\/?p=25139"},"modified":"2025-07-30T14:47:47","modified_gmt":"2025-07-30T17:47:47","slug":"avanzan-obras-en-predio-recuperado-por-el-municipio","status":"publish","type":"post","link":"https:\/\/radiobitacora.com.ar\/web\/2025\/07\/30\/avanzan-obras-en-predio-recuperado-por-el-municipio\/","title":{"rendered":"AVANZAN OBRAS EN PREDIO RECUPERADO POR EL MUNICIPIO"},"content":{"rendered":"<p style=\"font-weight: 400;\">Contin\u00faan los trabajos finales de recuperaci\u00f3n y puesta en valor del sector de Prefectura que a trav\u00e9s de un convenio, la gesti\u00f3n de Mariano Hormaechea recuper\u00f3 para el municipio y transformar este lugar contiguo a la Costanera en un paseo p\u00fablico.<\/p>\n<p style=\"font-weight: 400;\">Los trabajos que se realizan a trav\u00e9s de la Secretar\u00eda de Obras y Servicios P\u00fablicos de la Municipalidad de Goya consisten en el hormigonado de la plataforma lindante al muelle donde previamente PRODEGO en forma conjunta con dicha secretaria realizaron el relleno y compactaci\u00f3n del lugar en todo el sector donde se hab\u00eda producido socavaciones con hundimiento de losas.<\/p>\n<p><img loading=\"lazy\" decoding=\"async\" class=\"wp-image-25140 alignleft\" src=\"https:\/\/radiobitacora.com.ar\/web\/wp-content\/uploads\/2025\/07\/PREFECTURA-7.jpeg\" alt=\"\" width=\"327\" height=\"218\" srcset=\"https:\/\/radiobitacora.com.ar\/web\/wp-content\/uploads\/2025\/07\/PREFECTURA-7.jpeg 1600w, https:\/\/radiobitacora.com.ar\/web\/wp-content\/uploads\/2025\/07\/PREFECTURA-7-696x464.jpeg 696w, https:\/\/radiobitacora.com.ar\/web\/wp-content\/uploads\/2025\/07\/PREFECTURA-7-1068x712.jpeg 1068w, https:\/\/radiobitacora.com.ar\/web\/wp-content\/uploads\/2025\/07\/PREFECTURA-7-630x420.jpeg 630w\" sizes=\"auto, (max-width: 327px) 100vw, 327px\" \/><\/p>\n<p style=\"font-weight: 400;\">Las obras tambi\u00e9n se realizan en el sector interno del galp\u00f3n donde se interviene con la misma metodolog\u00eda de trabajo, dado los mismos problemas de suelo que hay en el lugar.<\/p>\n<p style=\"font-weight: 400;\">Una vez cumplimentado todas estas tareas de reparaci\u00f3n como se anunci\u00f3 oportunamente se habilitar\u00e1 el lugar para que los vecinos y turistas que nos visitan puedan disfrutar de este hermoso paseo a orillas de nuestro r\u00edo.<\/p>\n<p style=\"font-weight: 400;\">\n<p style=\"font-weight: 400;\">\n<p style=\"font-weight: 400;\">Direcci\u00f3n de Prensa \u2013 Municipalidad de Goya.<\/p>\n","protected":false},"excerpt":{"rendered":"<p>Contin\u00faan los trabajos finales de recuperaci\u00f3n y puesta en valor del sector de Prefectura que a trav\u00e9s de un convenio, la gesti\u00f3n de Mariano Hormaechea recuper\u00f3 para el municipio y transformar este lugar contiguo a la Costanera en un paseo p\u00fablico. Los trabajos que se realizan a trav\u00e9s de la Secretar\u00eda de Obras y Servicios [&hellip;]<\/p>\n","protected":false},"author":2,"featured_media":25141,"comment_status":"closed","ping_status":"closed","sticky":false,"template":"","format":"standard","meta":{"footnotes":""},"categories":[56],"tags":[],"class_list":{"0":"post-25139","1":"post","2":"type-post","3":"status-publish","4":"format-standard","5":"has-post-thumbnail","7":"category-locales"},"_links":{"self":[{"href":"https:\/\/radiobitacora.com.ar\/web\/wp-json\/wp\/v2\/posts\/25139","targetHints":{"allow":["GET"]}}],"collection":[{"href":"https:\/\/radiobitacora.com.ar\/web\/wp-json\/wp\/v2\/posts"}],"about":[{"href":"https:\/\/radiobitacora.com.ar\/web\/wp-json\/wp\/v2\/types\/post"}],"author":[{"embeddable":true,"href":"https:\/\/radiobitacora.com.ar\/web\/wp-json\/wp\/v2\/users\/2"}],"replies":[{"embeddable":true,"href":"https:\/\/radiobitacora.com.ar\/web\/wp-json\/wp\/v2\/comments?post=25139"}],"version-history":[{"count":0,"href":"https:\/\/radiobitacora.com.ar\/web\/wp-json\/wp\/v2\/posts\/25139\/revisions"}],"wp:featuredmedia":[{"embeddable":true,"href":"https:\/\/radiobitacora.com.ar\/web\/wp-json\/wp\/v2\/media\/25141"}],"wp:attachment":[{"href":"https:\/\/radiobitacora.com.ar\/web\/wp-json\/wp\/v2\/media?parent=25139"}],"wp:term":[{"taxonomy":"category","embeddable":true,"href":"https:\/\/radiobitacora.com.ar\/web\/wp-json\/wp\/v2\/categories?post=25139"},{"taxonomy":"post_tag","embeddable":true,"href":"https:\/\/radiobitacora.com.ar\/web\/wp-json\/wp\/v2\/tags?post=25139"}],"curies":[{"name":"wp","href":"https:\/\/api.w.org\/{rel}","templated":true}]}}