{"id":25143,"date":"2025-07-30T14:51:16","date_gmt":"2025-07-30T17:51:16","guid":{"rendered":"https:\/\/radiobitacora.com.ar\/web\/?p=25143"},"modified":"2025-07-30T14:51:16","modified_gmt":"2025-07-30T17:51:16","slug":"llega-por-primera-vez-taller-empretec-a-goya-corrientes","status":"publish","type":"post","link":"https:\/\/radiobitacora.com.ar\/web\/2025\/07\/30\/llega-por-primera-vez-taller-empretec-a-goya-corrientes\/","title":{"rendered":"\u00a1LLEGA POR PRIMERA VEZ TALLER EMPRETEC A GOYA, CORRIENTES!"},"content":{"rendered":"<p style=\"font-weight: 400;\">\n<p style=\"font-weight: 400;\">La Usina del Conocimiento (Parque Tecnol\u00f3gico Goya) ser\u00e1 sede del Taller de Desarrollo del Comportamiento Emprendedor, del 25 al 30 de agosto. Inscripciones abiertas hasta el 18 de agosto en\u00a0<a href=\"http:\/\/www.empretec.org.ar\/formacion\" data-saferedirecturl=\"https:\/\/www.google.com\/url?q=http:\/\/www.empretec.org.ar\/formacion&amp;source=gmail&amp;ust=1753983975061000&amp;usg=AOvVaw3l1R0tfSLsAKwsAQckztUo\">www.empretec.org.ar\/formacion<\/a><\/p>\n<p style=\"font-weight: 400;\">En conjunto con la Secretar\u00eda de Modernizaci\u00f3n de la Municipalidad de Goya y con el acompa\u00f1amiento del Club de Emprendedores de Goya y la Usina del Conocimiento, Fundaci\u00f3n Empretec organizar\u00e1 la primera edici\u00f3n local del Taller de Desarrollo del Comportamiento Emprendedor (DCE) \u2013 UNCTAD | Empretec, m\u00e1s conocido como Taller Empretec, a partir del pr\u00f3ximo 25 de agosto.<\/p>\n<p style=\"font-weight: 400;\">El Taller, que ya capacit\u00f3 a m\u00e1s de 9.400 emprendimientos argentinos desde 1988, est\u00e1 destinado a familiarizar a personas emprendedoras y l\u00edderes de empresas con los patrones de comportamiento del empresariado exitoso para que puedan identificar, reconocer y evaluar estos patrones en s\u00ed mismos y ser capaces de fortalecer aquellos que consideren necesarios, con el fin de aplicarlos en la gesti\u00f3n de sus propios negocios.<\/p>\n<p style=\"font-weight: 400;\">Esta nueva edici\u00f3n, gratuita y con cupos limitados, se llevar\u00e1 a cabo del 25 al 30 de agosto, de 14:00 a 22:00 hs en la Usina del Conocimiento (Parque Tecnol\u00f3gico Goya). Para preinscribirse al mismo es necesario completar el formulario disponible en\u00a0<a href=\"https:\/\/bit.ly\/Inscripcion_TallerDCE_Goya\" data-saferedirecturl=\"https:\/\/www.google.com\/url?q=https:\/\/bit.ly\/Inscripcion_TallerDCE_Goya&amp;source=gmail&amp;ust=1753983975061000&amp;usg=AOvVaw2VVXOzIffWQ-i--u3HKT7v\">https:\/\/bit.ly\/Inscripcion_TallerDCE_Goya<\/a>. A partir de all\u00ed, se realizar\u00e1 una preselecci\u00f3n, seguida de una entrevista virtual, para definir la confirmaci\u00f3n del grupo que formar\u00e1 parte del Taller Empretec.<\/p>\n<p style=\"font-weight: 400;\">El martes 12 de agosto a las 14:00 hs las personas interesadas en participar del Taller podr\u00e1n participar de una charla informativa virtual mediante Zoom ingresando con el siguiente link:\u00a0<a href=\"https:\/\/bit.ly\/Zoom_CharlaInformativa_TallerGoya\" data-saferedirecturl=\"https:\/\/www.google.com\/url?q=https:\/\/bit.ly\/Zoom_CharlaInformativa_TallerGoya&amp;source=gmail&amp;ust=1753983975061000&amp;usg=AOvVaw0ibPq-dk3VAS8FKU_oNcOx\">https:\/\/bit.ly\/Zoom_CharlaInformativa_TallerGoya<\/a><\/p>\n<p style=\"font-weight: 400;\">La metodolog\u00eda del Taller, dise\u00f1ada por la Conferencia de las Naciones Unidas sobre Comercio y Desarrollo (UNCTAD), plantea una formaci\u00f3n altamente interactiva que busca estimular rasgos y conductas que aumenten sus probabilidades de \u00e9xito en el desempe\u00f1o empresarial. Se basa en la presentaci\u00f3n de casos, actividades l\u00fadicas, cuestionarios y ejercicios de car\u00e1cter participativo, con lo que se logra que el participante ponga foco en sus habilidades y voluntad para buscar y alcanzar mejoras continuas en calidad, eficiencia y crecimiento.<\/p>\n<p style=\"font-weight: 400;\">\n<p style=\"font-weight: 400;\">\n<p style=\"font-weight: 400;\">\n<p style=\"font-weight: 400;\">\n<p style=\"font-weight: 400;\">Direcci\u00f3n de Prensa \u2013 Municipalidad de Goya.<\/p>\n","protected":false},"excerpt":{"rendered":"<p>La Usina del Conocimiento (Parque Tecnol\u00f3gico Goya) ser\u00e1 sede del Taller de Desarrollo del Comportamiento Emprendedor, del 25 al 30 de agosto. Inscripciones abiertas hasta el 18 de agosto en\u00a0www.empretec.org.ar\/formacion En conjunto con la Secretar\u00eda de Modernizaci\u00f3n de la Municipalidad de Goya y con el acompa\u00f1amiento del Club de Emprendedores de Goya y la Usina [&hellip;]<\/p>\n","protected":false},"author":2,"featured_media":25144,"comment_status":"closed","ping_status":"closed","sticky":false,"template":"","format":"standard","meta":{"footnotes":""},"categories":[56],"tags":[],"class_list":{"0":"post-25143","1":"post","2":"type-post","3":"status-publish","4":"format-standard","5":"has-post-thumbnail","7":"category-locales"},"_links":{"self":[{"href":"https:\/\/radiobitacora.com.ar\/web\/wp-json\/wp\/v2\/posts\/25143","targetHints":{"allow":["GET"]}}],"collection":[{"href":"https:\/\/radiobitacora.com.ar\/web\/wp-json\/wp\/v2\/posts"}],"about":[{"href":"https:\/\/radiobitacora.com.ar\/web\/wp-json\/wp\/v2\/types\/post"}],"author":[{"embeddable":true,"href":"https:\/\/radiobitacora.com.ar\/web\/wp-json\/wp\/v2\/users\/2"}],"replies":[{"embeddable":true,"href":"https:\/\/radiobitacora.com.ar\/web\/wp-json\/wp\/v2\/comments?post=25143"}],"version-history":[{"count":0,"href":"https:\/\/radiobitacora.com.ar\/web\/wp-json\/wp\/v2\/posts\/25143\/revisions"}],"wp:featuredmedia":[{"embeddable":true,"href":"https:\/\/radiobitacora.com.ar\/web\/wp-json\/wp\/v2\/media\/25144"}],"wp:attachment":[{"href":"https:\/\/radiobitacora.com.ar\/web\/wp-json\/wp\/v2\/media?parent=25143"}],"wp:term":[{"taxonomy":"category","embeddable":true,"href":"https:\/\/radiobitacora.com.ar\/web\/wp-json\/wp\/v2\/categories?post=25143"},{"taxonomy":"post_tag","embeddable":true,"href":"https:\/\/radiobitacora.com.ar\/web\/wp-json\/wp\/v2\/tags?post=25143"}],"curies":[{"name":"wp","href":"https:\/\/api.w.org\/{rel}","templated":true}]}}