{"id":25182,"date":"2025-08-01T09:24:09","date_gmt":"2025-08-01T12:24:09","guid":{"rendered":"https:\/\/radiobitacora.com.ar\/web\/?p=25182"},"modified":"2025-08-01T09:24:17","modified_gmt":"2025-08-01T12:24:17","slug":"con-el-uso-de-la-planta-asfaltica-estaremos-pavimentando-cuadras-en-distintos-barrios-de-la-ciudad","status":"publish","type":"post","link":"https:\/\/radiobitacora.com.ar\/web\/2025\/08\/01\/con-el-uso-de-la-planta-asfaltica-estaremos-pavimentando-cuadras-en-distintos-barrios-de-la-ciudad\/","title":{"rendered":"\u201cCON EL USO DE LA PLANTA ASF\u00c1LTICA ESTAREMOS PAVIMENTANDO CUADRAS EN DISTINTOS BARRIOS DE LA CIUDAD\u201d"},"content":{"rendered":"<p><em>Mariano Hormaechea lo manifest\u00f3 en el encuentro donde junto a los vecinos de la calle Cazadores Correntinos inauguraron una nueva cuadra del mita y mita.<\/em><\/p>\n<p>&nbsp;<\/p>\n<p>Los oradores presentes destacaron la importancia del trabajo articulado entre el sector p\u00fablico y el sector privado. \u00a0\u201cEste programa es exitoso porque permite afianzar la relaci\u00f3n del Estado con los vecinos\u201d afirm\u00f3 Mazzaro, e invit\u00f3 a apoyar este modelo de gesti\u00f3n de \u201ctrabajar juntos Estado y Vecinos\u201d.<\/p>\n<p><img loading=\"lazy\" decoding=\"async\" class=\"wp-image-25183 alignleft\" src=\"https:\/\/radiobitacora.com.ar\/web\/wp-content\/uploads\/2025\/08\/INAUGURACION-CAZADORES-CORRENTINOS-5.jpg\" alt=\"\" width=\"344\" height=\"229\" srcset=\"https:\/\/radiobitacora.com.ar\/web\/wp-content\/uploads\/2025\/08\/INAUGURACION-CAZADORES-CORRENTINOS-5.jpg 1600w, https:\/\/radiobitacora.com.ar\/web\/wp-content\/uploads\/2025\/08\/INAUGURACION-CAZADORES-CORRENTINOS-5-696x464.jpg 696w, https:\/\/radiobitacora.com.ar\/web\/wp-content\/uploads\/2025\/08\/INAUGURACION-CAZADORES-CORRENTINOS-5-1068x712.jpg 1068w, https:\/\/radiobitacora.com.ar\/web\/wp-content\/uploads\/2025\/08\/INAUGURACION-CAZADORES-CORRENTINOS-5-630x420.jpg 630w\" sizes=\"auto, (max-width: 344px) 100vw, 344px\" \/><\/p>\n<p>MARIANO HORMAECHEA<\/p>\n<p>En relaci\u00f3n al inicio de la obra de la nueva terminal de \u00f3mnibus de Goya, \u201cestamos arrancando para cumplir con esta primera etapa de la terminal. La otra noticia que se relaciona a esto de seguir hacia adelante, mirar el futuro, ver c\u00f3mo se desarrolla y crece la ciudad, es que estaremos reasfaltando las cuadras que nos comprometimos. Estamos haciendo 4 cuadras por d\u00eda, la semana pr\u00f3xima estaremos concluyendo\u201d.<\/p>\n<p>&nbsp;<\/p>\n<p>\u201cCon el secretario de Obras P\u00fablicas\u00a0<strong>estamos analizando el uso de esta Planta Asf\u00e1ltica para pavimentar cuadras de los barrios<\/strong>, que tengan cord\u00f3n cuneta, suelo consolidado, con el plan de enripiado de varios sectores. Esta es la forma de trabajar,\u00a0<strong>queremos dar continuidad a este proyecto<\/strong>, estoy acompa\u00f1ado de este gran equipo para avanzar, seguir adelante\u201d, concluy\u00f3 Hormaechea.<\/p>\n<p>&nbsp;<\/p>\n<p>Del acto de inauguraci\u00f3n de la calle Cazadores Correntinos, 260 metros de asfalto en hormig\u00f3n armado y renovaci\u00f3n del sistema lum\u00ednico, junto al jefe comunal participaron la vicepresidente 2\u00aa del HCD Vivian Merlo, el diputado provincial Jes\u00fas M\u00e9ndez Vernengo, funcionarios, concejales, vecinos de la cuadra y p\u00fablico en general.<\/p>\n<p>&nbsp;<\/p>\n<p>GER\u00d3NIMO DECOTTO<\/p>\n<p>En representaci\u00f3n de los vecinos, Ger\u00f3nimo Decotto agradeci\u00f3 esta importante obra que beneficia a los habitantes del barrio, y que sin dudas mejora la calidad de la ciudad.<\/p>\n<p>&nbsp;<\/p>\n<p>\u201cGracias Mariano por la receptividad,\u00a0<strong>este es el claro ejemplo del trabajo de los sectores p\u00fablico y privado<\/strong>, esto se ha gestado de una manera organizada, esto se replica en varios sectores de la ciudad, en distintos barrios. Gracias intendente\u201d, reiter\u00f3 Decotto antes de extender las felicitaciones a los vecinos del barrio.<\/p>\n<p>&nbsp;<\/p>\n<p>SEBASTI\u00c1N MAZZARO<\/p>\n<p><img loading=\"lazy\" decoding=\"async\" class=\"wp-image-25184 alignleft\" src=\"https:\/\/radiobitacora.com.ar\/web\/wp-content\/uploads\/2025\/08\/INAUGURACION-CAZADORES-CORRENTINOS-3.jpg\" alt=\"\" width=\"314\" height=\"209\" srcset=\"https:\/\/radiobitacora.com.ar\/web\/wp-content\/uploads\/2025\/08\/INAUGURACION-CAZADORES-CORRENTINOS-3.jpg 1600w, https:\/\/radiobitacora.com.ar\/web\/wp-content\/uploads\/2025\/08\/INAUGURACION-CAZADORES-CORRENTINOS-3-696x464.jpg 696w, https:\/\/radiobitacora.com.ar\/web\/wp-content\/uploads\/2025\/08\/INAUGURACION-CAZADORES-CORRENTINOS-3-1068x712.jpg 1068w, https:\/\/radiobitacora.com.ar\/web\/wp-content\/uploads\/2025\/08\/INAUGURACION-CAZADORES-CORRENTINOS-3-630x420.jpg 630w\" sizes=\"auto, (max-width: 314px) 100vw, 314px\" \/><\/p>\n<p>El concejal Sebasti\u00e1n Mazzaro felicit\u00f3 a los vecinos por el esfuerzo, por convocarse a trabajar por sus sue\u00f1os, y luego destac\u00f3: \u201cOtra obra m\u00e1s, caracter\u00edstica de la gesti\u00f3n que llevamos adelante desde el Municipio, de trabajar codo a codo con los vecinos\u201d.<\/p>\n<p>&nbsp;<\/p>\n<p>Sobre esta combinaci\u00f3n que se da entre los sectores p\u00fablico y privado para mejorar la calidad de vida de los vecinos, resalt\u00f3: \u201cEl sistema \u201cMita y Mita\u201d\u00a0<strong>es un programa exitoso porque permite esta relaci\u00f3n entre el estado y los vecinos<\/strong>, y de los vecinos entre s\u00ed, haciendo el esfuerzo conjunto para lograr el pavimento, principalmente. Es exitoso porque compromete al Estado una vez que los vecinos cuentan con los materiales para hacer la obra. Es el esfuerzo y la colaboraci\u00f3n de todos los vecinos\u201d.<\/p>\n<p>&nbsp;<\/p>\n<p>\u201cEs bueno recalcar que los objetivos se logran a partir de un acto de solidaridad, porque todos nos beneficiamos.\u00a0<strong>Sigamos apoyando, sigamos hacia adelante con este modelo de gesti\u00f3n, este\u00a0modo de trabajar en conjunto el estado con los vecinos<\/strong>\u201d, concluy\u00f3.<\/p>\n<p>&nbsp;<\/p>\n<p>CORTE DE CINTAS<\/p>\n<p>Para dejar habilitados los 260 metros de pavimento en hormig\u00f3n armado, el intendente Mariano Hormaechea, concejales, funcionarios municipales, legisladores y vecinos de esa zona de la ciudad, procedieron al corte de cintas.<\/p>\n<p>&nbsp;<\/p>\n<p>Direcci\u00f3n de Prensa \u2013 Municipalidad de Goya<\/p>\n","protected":false},"excerpt":{"rendered":"<p>Mariano Hormaechea lo manifest\u00f3 en el encuentro donde junto a los vecinos de la calle Cazadores Correntinos inauguraron una nueva cuadra del mita y mita. &nbsp; Los oradores presentes destacaron la importancia del trabajo articulado entre el sector p\u00fablico y el sector privado. \u00a0\u201cEste programa es exitoso porque permite afianzar la relaci\u00f3n del Estado con [&hellip;]<\/p>\n","protected":false},"author":2,"featured_media":25185,"comment_status":"closed","ping_status":"closed","sticky":false,"template":"","format":"standard","meta":{"footnotes":""},"categories":[56],"tags":[],"class_list":{"0":"post-25182","1":"post","2":"type-post","3":"status-publish","4":"format-standard","5":"has-post-thumbnail","7":"category-locales"},"_links":{"self":[{"href":"https:\/\/radiobitacora.com.ar\/web\/wp-json\/wp\/v2\/posts\/25182","targetHints":{"allow":["GET"]}}],"collection":[{"href":"https:\/\/radiobitacora.com.ar\/web\/wp-json\/wp\/v2\/posts"}],"about":[{"href":"https:\/\/radiobitacora.com.ar\/web\/wp-json\/wp\/v2\/types\/post"}],"author":[{"embeddable":true,"href":"https:\/\/radiobitacora.com.ar\/web\/wp-json\/wp\/v2\/users\/2"}],"replies":[{"embeddable":true,"href":"https:\/\/radiobitacora.com.ar\/web\/wp-json\/wp\/v2\/comments?post=25182"}],"version-history":[{"count":0,"href":"https:\/\/radiobitacora.com.ar\/web\/wp-json\/wp\/v2\/posts\/25182\/revisions"}],"wp:featuredmedia":[{"embeddable":true,"href":"https:\/\/radiobitacora.com.ar\/web\/wp-json\/wp\/v2\/media\/25185"}],"wp:attachment":[{"href":"https:\/\/radiobitacora.com.ar\/web\/wp-json\/wp\/v2\/media?parent=25182"}],"wp:term":[{"taxonomy":"category","embeddable":true,"href":"https:\/\/radiobitacora.com.ar\/web\/wp-json\/wp\/v2\/categories?post=25182"},{"taxonomy":"post_tag","embeddable":true,"href":"https:\/\/radiobitacora.com.ar\/web\/wp-json\/wp\/v2\/tags?post=25182"}],"curies":[{"name":"wp","href":"https:\/\/api.w.org\/{rel}","templated":true}]}}