{"id":25226,"date":"2025-08-02T17:48:09","date_gmt":"2025-08-02T20:48:09","guid":{"rendered":"https:\/\/radiobitacora.com.ar\/web\/?p=25226"},"modified":"2025-08-02T17:48:19","modified_gmt":"2025-08-02T20:48:19","slug":"alerta-en-peru-por-el-viaje-a-rusia-en-medio-de-la-guerra-con-ucrania","status":"publish","type":"post","link":"https:\/\/radiobitacora.com.ar\/web\/2025\/08\/02\/alerta-en-peru-por-el-viaje-a-rusia-en-medio-de-la-guerra-con-ucrania\/","title":{"rendered":"ALERTA EN PER\u00da POR EL VIAJE A RUSIA EN MEDIO DE LA GUERRA CON UCRANIA"},"content":{"rendered":"<section class=\"containerGrid\">\n<article class=\"col8\" data-type=\"region\" data-name=\"article-left-1\" data-columns=\"8\">El seleccionado sudamericano disputar\u00e1 dos amistosos en territorio ruso, en medio de un contexto marcado por recientes incidentes b\u00e9licos.<\/p>\n<div class=\"containerGrid\"><\/div>\n<p>Con dos amistosos confirmados en Rusia, la selecci\u00f3n de Per\u00fa ya tiene parte de su calendario resuelto para la \u00faltima fecha FIFA del a\u00f1o. Sin embargo, la elecci\u00f3n de San Petersburgo y Sochi como sedes genera preocupaci\u00f3n,\u00a0<b>luego de los ataques con drones\u00a0<\/b>sufridos por ambas ciudades en las \u00faltimas semanas.<\/p>\n<div id=\"ad-slot-inline1\" class=\"ad-slot-inline1 ad-slot\" data-adtype=\"inline1\" data-google-query-id=\"COPY_q__7I4DFRaEYQYd_N8PCQ\">\n<div id=\"google_ads_iframe_\/125006397\/tyc\/nota\/inline1_0__container__\"><\/div>\n<\/div>\n<div class=\"alsoReadContainer\">\n<h2 class=\"alsoReadText\">Locura en Bolivia a la espera de Brasil y el sue\u00f1o del Mundial: cinco d\u00edas de cola por una entrada<\/h2>\n<\/div>\n<p>&nbsp;<\/p>\n<p>El presidente de la Federaci\u00f3n Peruana, Agust\u00edn Lozano, confirm\u00f3 que los encuentros se disputar\u00e1n el 12 y el 18 de noviembre, ante Rusia y Chile respectivamente.<i><b>\u00a0\u201cEstamos en conversaciones para la fecha doble de octubre, a\u00fan no se ha cerrado, pero la de noviembre s\u00ed est\u00e1 cerrada\u201d<\/b><\/i>, declar\u00f3 el dirigente en di\u00e1logo con la prensa local.<\/p>\n<p>La inquietud se debe a los recientes episodios de violencia ocurridos en territorio ruso. El pasado 24 de julio,\u00a0<b>restos de drones interceptados por el ej\u00e9rcito provocaron la muerte de dos personas y varios heridos en Sochi<\/b>, donde se jugar\u00e1 el amistoso ante la Roja. La situaci\u00f3n volvi\u00f3 a repetirse pocos d\u00edas despu\u00e9s.<\/p>\n<div id=\"ad-slot-inline2\" class=\"ad-slot-inline_grande ad-slot\" data-adtype=\"inline_grande\" data-google-query-id=\"CIqejbD_7I4DFRaEYQYd_N8PCQ\">\n<div id=\"google_ads_iframe_\/125006397\/tyc\/nota\/inline2_0__container__\"><\/div>\n<\/div>\n<p>El 27 del mismo mes,\u00a0<b>San Petersburgo fue escenario de un ataque similar<\/b>, cuando una decena de drones ucranianos fue derribada en las inmediaciones de la ciudad. Durante las celebraciones por el D\u00eda de la Armada de Rusia, los restos de los artefactos<b>\u00a0causaron lesiones a al menos un civil<\/b>, seg\u00fan inform\u00f3 el gobernador Alexander Drozdenko.<\/p>\n<p>Adem\u00e1s de estos episodios puntuales,<b>\u00a0las constantes modificaciones en vuelos\u00a0<\/b>dentro del territorio ruso complican a\u00fan m\u00e1s el panorama. Desde el inicio del conflicto b\u00e9lico con Ucrania, el espacio a\u00e9reo ha estado condicionado por razones de seguridad.<\/p>\n<p>La situaci\u00f3n gener\u00f3 tal impacto en el pa\u00eds sudamericano que el diario peruano L\u00edbero reflej\u00f3 su preocupaci\u00f3n en la tapa del s\u00e1bado pasado, con una imagen de Pedro Gallese, Gianluca Lapadula y Luis Adv\u00edncula vestidos de militares bajo el t\u00edtulo:<b>\u00a0<i>\u201cPer\u00fa va a la guerra\u201d<\/i><\/b>.<\/p>\n<div id=\"ad-slot-inline3\" class=\"ad-slot-inline ad-slot\" data-adtype=\"inline\" data-google-query-id=\"COXY_q__7I4DFRaEYQYd_N8PCQ\">\n<div id=\"google_ads_iframe_\/125006397\/tyc\/nota\/inline3_0__container__\"><\/div>\n<\/div>\n<\/article>\n<aside class=\"col4 aside stickyAside\" data-type=\"region\" data-name=\"article-right-1\" data-columns=\"4\">\n<div class=\"asideAdWrapper\">\n<div id=\"ad-slot-bigbox2\" class=\"ad-slot-bigbox ad-slot\" data-adtype=\"bigbox\" data-google-query-id=\"COjY_q__7I4DFRaEYQYd_N8PCQ\">\n<div id=\"google_ads_iframe_\/125006397\/tyc\/nota\/bigbox2_0__container__\"><\/div>\n<\/div>\n<\/div>\n<\/aside>\n<\/section>\n<footer data-type=\"region\" data-name=\"footer\" data-columns=\"12\">\n<div class=\"containerGrid\">\n<div class=\"mainFooterNav col3\"><\/div>\n<\/div>\n<\/footer>\n<div id=\"ad-slot-footer\" class=\"ad-slot-footer adzone-fast-slot ad-slot\" data-adtype=\"footer\" data-google-query-id=\"COrY_q__7I4DFRaEYQYd_N8PCQ\"><\/div>\n","protected":false},"excerpt":{"rendered":"<p>El seleccionado sudamericano disputar\u00e1 dos amistosos en territorio ruso, en medio de un contexto marcado por recientes incidentes b\u00e9licos. Con dos amistosos confirmados en Rusia, la selecci\u00f3n de Per\u00fa ya tiene parte de su calendario resuelto para la \u00faltima fecha FIFA del a\u00f1o. Sin embargo, la elecci\u00f3n de San Petersburgo y Sochi como sedes genera [&hellip;]<\/p>\n","protected":false},"author":2,"featured_media":25227,"comment_status":"closed","ping_status":"closed","sticky":false,"template":"","format":"standard","meta":{"footnotes":""},"categories":[80],"tags":[],"class_list":{"0":"post-25226","1":"post","2":"type-post","3":"status-publish","4":"format-standard","5":"has-post-thumbnail","7":"category-internacionales"},"_links":{"self":[{"href":"https:\/\/radiobitacora.com.ar\/web\/wp-json\/wp\/v2\/posts\/25226","targetHints":{"allow":["GET"]}}],"collection":[{"href":"https:\/\/radiobitacora.com.ar\/web\/wp-json\/wp\/v2\/posts"}],"about":[{"href":"https:\/\/radiobitacora.com.ar\/web\/wp-json\/wp\/v2\/types\/post"}],"author":[{"embeddable":true,"href":"https:\/\/radiobitacora.com.ar\/web\/wp-json\/wp\/v2\/users\/2"}],"replies":[{"embeddable":true,"href":"https:\/\/radiobitacora.com.ar\/web\/wp-json\/wp\/v2\/comments?post=25226"}],"version-history":[{"count":0,"href":"https:\/\/radiobitacora.com.ar\/web\/wp-json\/wp\/v2\/posts\/25226\/revisions"}],"wp:featuredmedia":[{"embeddable":true,"href":"https:\/\/radiobitacora.com.ar\/web\/wp-json\/wp\/v2\/media\/25227"}],"wp:attachment":[{"href":"https:\/\/radiobitacora.com.ar\/web\/wp-json\/wp\/v2\/media?parent=25226"}],"wp:term":[{"taxonomy":"category","embeddable":true,"href":"https:\/\/radiobitacora.com.ar\/web\/wp-json\/wp\/v2\/categories?post=25226"},{"taxonomy":"post_tag","embeddable":true,"href":"https:\/\/radiobitacora.com.ar\/web\/wp-json\/wp\/v2\/tags?post=25226"}],"curies":[{"name":"wp","href":"https:\/\/api.w.org\/{rel}","templated":true}]}}