{"id":25235,"date":"2025-08-03T17:21:09","date_gmt":"2025-08-03T20:21:09","guid":{"rendered":"https:\/\/radiobitacora.com.ar\/web\/?p=25235"},"modified":"2025-08-03T17:21:09","modified_gmt":"2025-08-03T20:21:09","slug":"direccion-de-prevencion-de-adicciones","status":"publish","type":"post","link":"https:\/\/radiobitacora.com.ar\/web\/2025\/08\/03\/direccion-de-prevencion-de-adicciones\/","title":{"rendered":"DIRECCION DE PREVENCION DE ADICCIONES"},"content":{"rendered":"<p style=\"font-weight: 400;\">Un Trabajo permanente de asistencia a la comunidad<\/p>\n<p style=\"font-weight: 400;\">\u201cNuestras acciones est\u00e1n direccionadas a la reconstrucci\u00f3n de los lazos y v\u00ednculos sociales\u201d<\/p>\n<p style=\"font-weight: 400;\">\n<p style=\"font-weight: 400;\">La Directora de Prevenci\u00f3n en Adicciones Vanesa Morales, en el espacio radial, destac\u00f3 el trabajo de asistencia, acompa\u00f1amiento del Dispositivo Territorial Comunitario.<\/p>\n<p style=\"font-weight: 400;\">En el programa de la Direcci\u00f3n, la funcionaria puso en valor el espacio de formaci\u00f3n y capacitaci\u00f3n en oficios brindados por la Municipalidad a trav\u00e9s de la Direcci\u00f3n de Empleo y Capacitaci\u00f3n con el aval incluso de la Secretaria de Trabajo de la Provincia.<\/p>\n<p style=\"font-weight: 400;\">\n<p style=\"font-weight: 400;\">ESPACIO ABIERTO A LA COMUNIDAD<\/p>\n<p style=\"font-weight: 400;\">La Directora Municipal, considero: \u201cEs importante destacar que es un espacio abierto a la comunidad, el ejemplo es el grupo que adquiri\u00f3 conocimientos en Panader\u00eda B\u00e1sica, de esta manera hemos articulado ese trabajo con la Directora de Empleo M\u00f3nica Celes, han recibido la informaci\u00f3n sobre los microcr\u00e9ditos como emprendedores.\u201d<\/p>\n<p style=\"font-weight: 400;\">\n<p style=\"font-weight: 400;\">\u201cPara nosotros es fundamental que desarrollen este espacio de formaci\u00f3n continua, -acoto- porque es un \u00e1mbito promocional del ser humano, de prevenci\u00f3n, le permite desarrollar un proyecto de vida, en el caso espec\u00edfico de la poblaci\u00f3n del DTC contribuye a la reconstrucci\u00f3n de los lazos sociales, con un acompa\u00f1amiento, que lo prepara, entrena para la vida, para ese camino de asistencia de las personas que transitan por el consumo problem\u00e1tico.\u201d<\/p>\n<p style=\"font-weight: 400;\">\n<p style=\"font-weight: 400;\">PREVENCI\u00d3N Y ASISTENCIA<\/p>\n<p style=\"font-weight: 400;\">La funcionaria se\u00f1al\u00f3 la importancia de desarrollar actividades colectivas: \u201cNosotros ratificamos ese compromiso de estar disponible para toda la sociedad, el trabajo de prevenci\u00f3n y asistencia es necesario hacerlo de manera colectiva, s\u00f3lo no se puede, estas personas que recibieron sus certificaciones se convierten a agentes multiplicadores para dar a conocer estas actividades comunitarias.\u201d<\/p>\n<p style=\"font-weight: 400;\">\n<p style=\"font-weight: 400;\">CHARLAS, TALLERES CON DIFERENTES ORGANIZACIONES<\/p>\n<p style=\"font-weight: 400;\">Vanesa Morales, anticip\u00f3: \u201cEn esta segunda parte del a\u00f1o estamos con la planificaci\u00f3n para retomar las charlas de prevenci\u00f3n en los diferentes establecimientos educativos, siempre recibimos las inquietudes de organizaciones, instituciones, la semana pasada nos reunimos con integrantes de la pastoral de la capilla San Ram\u00f3n, donde hemos analizado oportunidades y fechas para concretar.<\/p>\n<p style=\"font-weight: 400;\">\n<p style=\"font-weight: 400;\">\u201cAgradezco la disponibilidad de la Secretaria de Educaci\u00f3n, -indic\u00f3- mantuvimos una charla con la Dra. Sonia Espina para preparar un espacio de formaci\u00f3n destinada a los docentes, valoramos la creaci\u00f3n de estas oportunidades que contribuye a que cada uno desde la funci\u00f3n y rol hagamos el aporte necesario\u201d<\/p>\n<p style=\"font-weight: 400;\">\n<p style=\"font-weight: 400;\">En el final del programa de Radio Ciudad, Vanesa Morales, coment\u00f3: \u201cCon la Direcci\u00f3n de Fortalecimiento Familiar, nos reunimos junto al Capell\u00e1n Sebasti\u00e1n Saucedo de la Iglesia Cristiana Pasi\u00f3n por las Almas, donde pusimos en conocimiento la actividad desarrollada por el Municipio, servicio, asesoramiento, con atenci\u00f3n libre, gratuita, basada en una decisi\u00f3n pol\u00edtica de poder estar cerca de estos sectores sociales.<\/p>\n<p style=\"font-weight: 400;\">\n<p style=\"font-weight: 400;\">Direcci\u00f3n de Prensa-Municipalidad de Goya<\/p>\n<p style=\"font-weight: 400;\">\n","protected":false},"excerpt":{"rendered":"<p>Un Trabajo permanente de asistencia a la comunidad \u201cNuestras acciones est\u00e1n direccionadas a la reconstrucci\u00f3n de los lazos y v\u00ednculos sociales\u201d La Directora de Prevenci\u00f3n en Adicciones Vanesa Morales, en el espacio radial, destac\u00f3 el trabajo de asistencia, acompa\u00f1amiento del Dispositivo Territorial Comunitario. En el programa de la Direcci\u00f3n, la funcionaria puso en valor el [&hellip;]<\/p>\n","protected":false},"author":2,"featured_media":25236,"comment_status":"closed","ping_status":"closed","sticky":false,"template":"","format":"standard","meta":{"footnotes":""},"categories":[56],"tags":[],"class_list":{"0":"post-25235","1":"post","2":"type-post","3":"status-publish","4":"format-standard","5":"has-post-thumbnail","7":"category-locales"},"_links":{"self":[{"href":"https:\/\/radiobitacora.com.ar\/web\/wp-json\/wp\/v2\/posts\/25235","targetHints":{"allow":["GET"]}}],"collection":[{"href":"https:\/\/radiobitacora.com.ar\/web\/wp-json\/wp\/v2\/posts"}],"about":[{"href":"https:\/\/radiobitacora.com.ar\/web\/wp-json\/wp\/v2\/types\/post"}],"author":[{"embeddable":true,"href":"https:\/\/radiobitacora.com.ar\/web\/wp-json\/wp\/v2\/users\/2"}],"replies":[{"embeddable":true,"href":"https:\/\/radiobitacora.com.ar\/web\/wp-json\/wp\/v2\/comments?post=25235"}],"version-history":[{"count":0,"href":"https:\/\/radiobitacora.com.ar\/web\/wp-json\/wp\/v2\/posts\/25235\/revisions"}],"wp:featuredmedia":[{"embeddable":true,"href":"https:\/\/radiobitacora.com.ar\/web\/wp-json\/wp\/v2\/media\/25236"}],"wp:attachment":[{"href":"https:\/\/radiobitacora.com.ar\/web\/wp-json\/wp\/v2\/media?parent=25235"}],"wp:term":[{"taxonomy":"category","embeddable":true,"href":"https:\/\/radiobitacora.com.ar\/web\/wp-json\/wp\/v2\/categories?post=25235"},{"taxonomy":"post_tag","embeddable":true,"href":"https:\/\/radiobitacora.com.ar\/web\/wp-json\/wp\/v2\/tags?post=25235"}],"curies":[{"name":"wp","href":"https:\/\/api.w.org\/{rel}","templated":true}]}}