{"id":25288,"date":"2025-08-05T09:03:30","date_gmt":"2025-08-05T12:03:30","guid":{"rendered":"https:\/\/radiobitacora.com.ar\/web\/?p=25288"},"modified":"2025-08-05T09:03:36","modified_gmt":"2025-08-05T12:03:36","slug":"jornada-de-prevencion-del-suicidio","status":"publish","type":"post","link":"https:\/\/radiobitacora.com.ar\/web\/2025\/08\/05\/jornada-de-prevencion-del-suicidio\/","title":{"rendered":"JORNADA DE PREVENCI\u00d3N DEL SUICIDIO"},"content":{"rendered":"<p>San PantalLa propuesta de la Direcci\u00f3n a cargo de la licenciada Sabrina Coronel fue presentada como un espacio de escucha, de identificaci\u00f3n de alertas y se\u00f1ales, y de desestigmatizaci\u00f3n de la salud mental.<\/p>\n<p><img loading=\"lazy\" decoding=\"async\" class=\"wp-image-25289 alignleft\" src=\"https:\/\/radiobitacora.com.ar\/web\/wp-content\/uploads\/2025\/08\/Jornada-preventiva-suicidio-en-San-Pantaleon-2.jpg\" alt=\"\" width=\"390\" height=\"520\" srcset=\"https:\/\/radiobitacora.com.ar\/web\/wp-content\/uploads\/2025\/08\/Jornada-preventiva-suicidio-en-San-Pantaleon-2.jpg 960w, https:\/\/radiobitacora.com.ar\/web\/wp-content\/uploads\/2025\/08\/Jornada-preventiva-suicidio-en-San-Pantaleon-2-696x928.jpg 696w, https:\/\/radiobitacora.com.ar\/web\/wp-content\/uploads\/2025\/08\/Jornada-preventiva-suicidio-en-San-Pantaleon-2-315x420.jpg 315w\" sizes=\"auto, (max-width: 390px) 100vw, 390px\" \/><\/p>\n<p>La jornada super\u00f3 todas las expectativas. Alba Blanco, madre que perdi\u00f3 a un hijo por suicidio y que ahora trabaja activamente en la concientizaci\u00f3n, brind\u00f3 un emotivo testimonio que conmovi\u00f3 a los asistentes y extendi\u00f3 la actividad m\u00e1s all\u00e1 del horario previsto.<\/p>\n<p>&nbsp;<\/p>\n<p>El taller, coordinado por el licenciado en Psicolog\u00eda Rodrigo Giordano, se enfoc\u00f3 en la escucha activa, la identificaci\u00f3n de se\u00f1ales de alerta y la desestigmatizaci\u00f3n de la salud mental.<\/p>\n<p>El \u00e9xito de la jornada impuls\u00f3 la planificaci\u00f3n de nuevas actividades en otras capillas de la ciudad.<\/p>\n<p>&nbsp;<\/p>\n<p>La Direcci\u00f3n de Salud Mental invita a la comunidad a acercarse al Centro Comunitario \u201cEnrique Pich\u00f3n Riviere\u201d, ubicado en Sarmiento y Jos\u00e9 Mar\u00eda Soto, para solicitar asesoramiento gratuito. El centro funciona de lunes a viernes de 7 a 13 horas y cuenta con profesionales, psic\u00f3logos y psiquiatras altamente capacitados, disponibles para la atenci\u00f3n.<\/p>\n<p>&nbsp;<\/p>\n<p>La licenciada Coronel resalt\u00f3 el compromiso de la Direcci\u00f3n con la comunidad y la importancia de romper el silencio en torno a la salud mental. Agradeci\u00f3 al p\u00e1rroco Juan Carlos Mendoza y a la comunidad de la capilla San Pantale\u00f3n, a Alba Blanco y al intendente municipal Dr. Mariano Hormaechea, al secretario de Desarrollo Humano Julio Canteros y al subsecretario Emilio Mart\u00ednez por su apoyo e impulso a esta iniciativa.<\/p>\n<p><img loading=\"lazy\" decoding=\"async\" class=\"wp-image-25290 alignleft\" src=\"https:\/\/radiobitacora.com.ar\/web\/wp-content\/uploads\/2025\/08\/Jornada-preventiva-suicidio-en-San-Pantaleon-5.jpg\" alt=\"\" width=\"377\" height=\"503\" srcset=\"https:\/\/radiobitacora.com.ar\/web\/wp-content\/uploads\/2025\/08\/Jornada-preventiva-suicidio-en-San-Pantaleon-5.jpg 3120w, https:\/\/radiobitacora.com.ar\/web\/wp-content\/uploads\/2025\/08\/Jornada-preventiva-suicidio-en-San-Pantaleon-5-696x928.jpg 696w, https:\/\/radiobitacora.com.ar\/web\/wp-content\/uploads\/2025\/08\/Jornada-preventiva-suicidio-en-San-Pantaleon-5-1068x1424.jpg 1068w, https:\/\/radiobitacora.com.ar\/web\/wp-content\/uploads\/2025\/08\/Jornada-preventiva-suicidio-en-San-Pantaleon-5-315x420.jpg 315w\" sizes=\"auto, (max-width: 377px) 100vw, 377px\" \/><\/p>\n<p>El Centro de Goya es \u00fanico en la provincia en ofrecer este servicio gratuito.<\/p>\n<p>&nbsp;<\/p>\n<p>Direcci\u00f3n de Prensa-Municipalidad de Goya<\/p>\n","protected":false},"excerpt":{"rendered":"<p>San PantalLa propuesta de la Direcci\u00f3n a cargo de la licenciada Sabrina Coronel fue presentada como un espacio de escucha, de identificaci\u00f3n de alertas y se\u00f1ales, y de desestigmatizaci\u00f3n de la salud mental. La jornada super\u00f3 todas las expectativas. Alba Blanco, madre que perdi\u00f3 a un hijo por suicidio y que ahora trabaja activamente en [&hellip;]<\/p>\n","protected":false},"author":2,"featured_media":25291,"comment_status":"closed","ping_status":"closed","sticky":false,"template":"","format":"standard","meta":{"footnotes":""},"categories":[56],"tags":[],"class_list":{"0":"post-25288","1":"post","2":"type-post","3":"status-publish","4":"format-standard","5":"has-post-thumbnail","7":"category-locales"},"_links":{"self":[{"href":"https:\/\/radiobitacora.com.ar\/web\/wp-json\/wp\/v2\/posts\/25288","targetHints":{"allow":["GET"]}}],"collection":[{"href":"https:\/\/radiobitacora.com.ar\/web\/wp-json\/wp\/v2\/posts"}],"about":[{"href":"https:\/\/radiobitacora.com.ar\/web\/wp-json\/wp\/v2\/types\/post"}],"author":[{"embeddable":true,"href":"https:\/\/radiobitacora.com.ar\/web\/wp-json\/wp\/v2\/users\/2"}],"replies":[{"embeddable":true,"href":"https:\/\/radiobitacora.com.ar\/web\/wp-json\/wp\/v2\/comments?post=25288"}],"version-history":[{"count":0,"href":"https:\/\/radiobitacora.com.ar\/web\/wp-json\/wp\/v2\/posts\/25288\/revisions"}],"wp:featuredmedia":[{"embeddable":true,"href":"https:\/\/radiobitacora.com.ar\/web\/wp-json\/wp\/v2\/media\/25291"}],"wp:attachment":[{"href":"https:\/\/radiobitacora.com.ar\/web\/wp-json\/wp\/v2\/media?parent=25288"}],"wp:term":[{"taxonomy":"category","embeddable":true,"href":"https:\/\/radiobitacora.com.ar\/web\/wp-json\/wp\/v2\/categories?post=25288"},{"taxonomy":"post_tag","embeddable":true,"href":"https:\/\/radiobitacora.com.ar\/web\/wp-json\/wp\/v2\/tags?post=25288"}],"curies":[{"name":"wp","href":"https:\/\/api.w.org\/{rel}","templated":true}]}}