{"id":25295,"date":"2025-08-05T09:12:24","date_gmt":"2025-08-05T12:12:24","guid":{"rendered":"https:\/\/radiobitacora.com.ar\/web\/?p=25295"},"modified":"2025-08-05T09:12:24","modified_gmt":"2025-08-05T12:12:24","slug":"fiesta-nacional-del-surubi-ya-hay-fecha-para-las-bodas-de-oro","status":"publish","type":"post","link":"https:\/\/radiobitacora.com.ar\/web\/2025\/08\/05\/fiesta-nacional-del-surubi-ya-hay-fecha-para-las-bodas-de-oro\/","title":{"rendered":"FIESTA NACIONAL DEL SURUB\u00cd: YA HAY FECHA PARA LAS BODAS DE ORO"},"content":{"rendered":"<p style=\"font-weight: 400;\">\n<p style=\"font-weight: 400;\">El intendente Mariano Hormaechea anunci\u00f3 que desde el 27 de abril al 3 de mayo se realizar\u00e1 la 50\u00aa FNS.<\/p>\n<p style=\"font-weight: 400;\">\n<p style=\"font-weight: 400;\">En declaraciones a la prensa, el intendente Mariano Hormaechea adelant\u00f3: \u201cEn el mes de junio, cuando dimos a conocer el informe financiero de la Fiesta del Surub\u00ed, hemos conversado con las barras pesqueras, el presidente de la Comisi\u00f3n Interclubes, que desde esta fecha (4 de agosto) se habilita la inscripci\u00f3n para la pr\u00f3xima edici\u00f3n de la Fiesta Nacional del Surub\u00ed. Para esa habilitaci\u00f3n necesitamos disponer la fecha de realizaci\u00f3n, y en ese sentido se ha fijado desde el 27 de abril hasta el 3 de mayo de 2026 la pr\u00f3xima edici\u00f3n de nuestra fiesta\u201d.<\/p>\n<p style=\"font-weight: 400;\">\n<p style=\"font-weight: 400;\">\u201cEs de p\u00fablico conocimiento que la fiesta se proyecta, se \u201cvende\u201d sola; y los pescadores esperan este anuncio para poder agendar, guardar la fecha para participar del Mundial de Pesca. Tambi\u00e9n con el prop\u00f3sito de organizarnos mejor, tener el tiempo necesario para preparar la 50\u00aa Fiesta Nacional del Surub\u00ed. El super\u00e1vit de la \u00faltima edici\u00f3n nos permite planificar la edici\u00f3n del 2026\u201d.<\/p>\n<p style=\"font-weight: 400;\">\n<p style=\"font-weight: 400;\">Direcci\u00f3n de Prensa \u2013 Municipalidad de Goya<\/p>\n","protected":false},"excerpt":{"rendered":"<p>El intendente Mariano Hormaechea anunci\u00f3 que desde el 27 de abril al 3 de mayo se realizar\u00e1 la 50\u00aa FNS. En declaraciones a la prensa, el intendente Mariano Hormaechea adelant\u00f3: \u201cEn el mes de junio, cuando dimos a conocer el informe financiero de la Fiesta del Surub\u00ed, hemos conversado con las barras pesqueras, el presidente [&hellip;]<\/p>\n","protected":false},"author":2,"featured_media":25296,"comment_status":"closed","ping_status":"closed","sticky":false,"template":"","format":"standard","meta":{"footnotes":""},"categories":[56],"tags":[],"class_list":{"0":"post-25295","1":"post","2":"type-post","3":"status-publish","4":"format-standard","5":"has-post-thumbnail","7":"category-locales"},"_links":{"self":[{"href":"https:\/\/radiobitacora.com.ar\/web\/wp-json\/wp\/v2\/posts\/25295","targetHints":{"allow":["GET"]}}],"collection":[{"href":"https:\/\/radiobitacora.com.ar\/web\/wp-json\/wp\/v2\/posts"}],"about":[{"href":"https:\/\/radiobitacora.com.ar\/web\/wp-json\/wp\/v2\/types\/post"}],"author":[{"embeddable":true,"href":"https:\/\/radiobitacora.com.ar\/web\/wp-json\/wp\/v2\/users\/2"}],"replies":[{"embeddable":true,"href":"https:\/\/radiobitacora.com.ar\/web\/wp-json\/wp\/v2\/comments?post=25295"}],"version-history":[{"count":0,"href":"https:\/\/radiobitacora.com.ar\/web\/wp-json\/wp\/v2\/posts\/25295\/revisions"}],"wp:featuredmedia":[{"embeddable":true,"href":"https:\/\/radiobitacora.com.ar\/web\/wp-json\/wp\/v2\/media\/25296"}],"wp:attachment":[{"href":"https:\/\/radiobitacora.com.ar\/web\/wp-json\/wp\/v2\/media?parent=25295"}],"wp:term":[{"taxonomy":"category","embeddable":true,"href":"https:\/\/radiobitacora.com.ar\/web\/wp-json\/wp\/v2\/categories?post=25295"},{"taxonomy":"post_tag","embeddable":true,"href":"https:\/\/radiobitacora.com.ar\/web\/wp-json\/wp\/v2\/tags?post=25295"}],"curies":[{"name":"wp","href":"https:\/\/api.w.org\/{rel}","templated":true}]}}