{"id":25348,"date":"2025-08-07T09:18:55","date_gmt":"2025-08-07T12:18:55","guid":{"rendered":"https:\/\/radiobitacora.com.ar\/web\/?p=25348"},"modified":"2025-08-07T09:18:55","modified_gmt":"2025-08-07T12:18:55","slug":"escritora-goyana-galardonada-en-resistencia-chaco","status":"publish","type":"post","link":"https:\/\/radiobitacora.com.ar\/web\/2025\/08\/07\/escritora-goyana-galardonada-en-resistencia-chaco\/","title":{"rendered":"ESCRITORA GOYANA GALARDONADA EN RESISTENCIA CHACO"},"content":{"rendered":"<p style=\"font-weight: 400;\">Premio dorado edici\u00f3n XIX<\/p>\n<p style=\"font-weight: 400;\">\n<p style=\"font-weight: 400;\">La escritora y poetisa Alicia \u00c1rnica de Nardelli, recibi\u00f3 dos estatuillas del Premio \u201cPirayu Dorado\u201d el pasado s\u00e1bado 2 de agosto, en la capital chaque\u00f1a.<\/p>\n<p style=\"font-weight: 400;\">Cada a\u00f1o, el primer s\u00e1bado de agosto, se hace entrega del &#8220;Premio Dorado&#8221; en Resistencia, Chaco<\/p>\n<p style=\"font-weight: 400;\">Alicia volvi\u00f3 a ser acreedora de dos premios, uno por su programa &#8220;De coraz\u00f3n a coraz\u00f3n&#8221; -22 a\u00f1os al aire- que se transmite por FM 90.7 Valentin Virasoro, cada s\u00e1bado a las 17:10 horas y otro por su libro N\u00b0 13 &#8220;Un llamado al Amor y a la Esperanza&#8221;, que a\u00fan est\u00e1 a presentarse en septiembre pr\u00f3ximo.<\/p>\n<p style=\"font-weight: 400;\">El acto de entrega fue el s\u00e1bado 2 de agosto a las 21:00 horas en Casa de las culturas de la ciudad de Resistencia, con presencia de escritores, comunicadores y gestores culturales de diversos rubros y variadas actividades de todo el pa\u00eds.<\/p>\n<p style=\"font-weight: 400;\">\n<p style=\"font-weight: 400;\">Vale mencionar que la escritora goyana Alicia \u00c1rnica de Nardelli, recibe este galard\u00f3n desde 2006, ya cuenta con un total de 31 estatuillas del Premio Dorado.<\/p>\n<p style=\"font-weight: 400;\">\n<p style=\"font-weight: 400;\">Desde el Consejo Directivo de la Biblioteca Popular \u201cDomingo Faustino Sarmiento\u201d expresaron el orgullo, alegr\u00eda y entusiasmo por las distinciones recibidas por parte de \u201cnuestra asociada\u201d.<\/p>\n<p style=\"font-weight: 400;\">\n<p style=\"font-weight: 400;\">\u201cNos sentimos felices y orgullosos de Alicia \u00c1rnica de Nardelli, quien con sus 83 a\u00f1os nos regala jovialidad, alegr\u00eda y esperanza en cada programa radial, en cada fecha clave y en cada obra literaria. \u00a1Merecidos premios! \u00a1Felicidades, Alicia!\u201d Concluye los augurios de la Biblioteca Sarmiento<\/p>\n<p style=\"font-weight: 400;\">\n<p style=\"font-weight: 400;\">Por su parte la destinataria de los premios, Alicia \u00c1rnica de Nardelli, expres\u00f3: \u201cDoy gracias al Periodista destacado, querido amigo Marcelo Lagranja que tiene una familia maravillosa y un equipo que lo acompa\u00f1a en todo su quehacer en los medios y los abrazo a todos por tanto cari\u00f1o que he recibido a lo largo de tantos a\u00f1os. Con mucho amor&#8230;\u201d<\/p>\n<p style=\"font-weight: 400;\">\n<p style=\"font-weight: 400;\">Direcci\u00f3n de Prensa-Municipalidad de Goya<\/p>\n","protected":false},"excerpt":{"rendered":"<p>Premio dorado edici\u00f3n XIX La escritora y poetisa Alicia \u00c1rnica de Nardelli, recibi\u00f3 dos estatuillas del Premio \u201cPirayu Dorado\u201d el pasado s\u00e1bado 2 de agosto, en la capital chaque\u00f1a. Cada a\u00f1o, el primer s\u00e1bado de agosto, se hace entrega del &#8220;Premio Dorado&#8221; en Resistencia, Chaco Alicia volvi\u00f3 a ser acreedora de dos premios, uno por [&hellip;]<\/p>\n","protected":false},"author":2,"featured_media":25349,"comment_status":"closed","ping_status":"closed","sticky":false,"template":"","format":"standard","meta":{"footnotes":""},"categories":[56],"tags":[],"class_list":{"0":"post-25348","1":"post","2":"type-post","3":"status-publish","4":"format-standard","5":"has-post-thumbnail","7":"category-locales"},"_links":{"self":[{"href":"https:\/\/radiobitacora.com.ar\/web\/wp-json\/wp\/v2\/posts\/25348","targetHints":{"allow":["GET"]}}],"collection":[{"href":"https:\/\/radiobitacora.com.ar\/web\/wp-json\/wp\/v2\/posts"}],"about":[{"href":"https:\/\/radiobitacora.com.ar\/web\/wp-json\/wp\/v2\/types\/post"}],"author":[{"embeddable":true,"href":"https:\/\/radiobitacora.com.ar\/web\/wp-json\/wp\/v2\/users\/2"}],"replies":[{"embeddable":true,"href":"https:\/\/radiobitacora.com.ar\/web\/wp-json\/wp\/v2\/comments?post=25348"}],"version-history":[{"count":0,"href":"https:\/\/radiobitacora.com.ar\/web\/wp-json\/wp\/v2\/posts\/25348\/revisions"}],"wp:featuredmedia":[{"embeddable":true,"href":"https:\/\/radiobitacora.com.ar\/web\/wp-json\/wp\/v2\/media\/25349"}],"wp:attachment":[{"href":"https:\/\/radiobitacora.com.ar\/web\/wp-json\/wp\/v2\/media?parent=25348"}],"wp:term":[{"taxonomy":"category","embeddable":true,"href":"https:\/\/radiobitacora.com.ar\/web\/wp-json\/wp\/v2\/categories?post=25348"},{"taxonomy":"post_tag","embeddable":true,"href":"https:\/\/radiobitacora.com.ar\/web\/wp-json\/wp\/v2\/tags?post=25348"}],"curies":[{"name":"wp","href":"https:\/\/api.w.org\/{rel}","templated":true}]}}