{"id":25387,"date":"2025-08-07T19:02:33","date_gmt":"2025-08-07T22:02:33","guid":{"rendered":"https:\/\/radiobitacora.com.ar\/web\/?p=25387"},"modified":"2025-08-07T19:16:09","modified_gmt":"2025-08-07T22:16:09","slug":"7a-bailanta-taco-y-suela-estara-este-domingo-en-club-deportivo-municipal","status":"publish","type":"post","link":"https:\/\/radiobitacora.com.ar\/web\/2025\/08\/07\/7a-bailanta-taco-y-suela-estara-este-domingo-en-club-deportivo-municipal\/","title":{"rendered":"7\u00aa BAILANTA &#8220;TACO Y SUELA&#8221; ESTAR\u00c1 ESTE DOMINGO EN CLUB DEPORTIVO MUNICIPAL"},"content":{"rendered":"<p style=\"font-weight: 400;\">Este domingo 10 de agosto desde las 15 horas se vuelve a editar un nuevo cap\u00edtulo del programa \u201cTaco y Suela\u201d, espacio itinerante que busca promover los artistas locales, acompa\u00f1ados de aquellos consagrados.<\/p>\n<p style=\"font-weight: 400;\">Con entrada gratuita, la 7\u00aa Bailanta &#8220;Taco y Suela&#8221; estar\u00e1 presente en Club Deportivo Municipal este domingo, en Ca\u00e1 Guaz\u00fa y avenida Eva Per\u00f3n, para todos los habitantes del sector Suroeste de la ciudad.<\/p>\n<p style=\"font-weight: 400;\">La idea es recorrer la ciudad y los parajes rurales de nuestro departamento. El Taco y Suela nos ayuda a descubrir el valor de nuestra m\u00fasica, con este espacio itinerante que busca promover los artistas locales, acompa\u00f1ados de aquellos consagrados, pensando en el acompa\u00f1amiento de las familias.<\/p>\n<p style=\"font-weight: 400;\">Se espera la puesta en escena de una obra de t\u00edteres &#8220;El buen curador y do\u00f1a Yuyito&#8221; de la Esc. Municipal de Teatro. Para los m\u00e1s grandes la actuaci\u00f3n de Los Menchos del Pago y La Gauchita Cumbiera. Est\u00e1n invitados feriantes, artesanos y emprendedores goyanos.<\/p>\n<p style=\"font-weight: 400;\">Desde la organizaci\u00f3n pidieron que los vecinos lleven silletas y ganas de bailar.<\/p>\n<p style=\"font-weight: 400;\">La propuesta municipal tiene el apoyo de Secretar\u00eda de Gobierno, de Direcci\u00f3n de Direcci\u00f3n de Cultura y de Promoci\u00f3n Social.<\/p>\n<p style=\"font-weight: 400;\">Direcci\u00f3n de Prensa \u2013 Municipalidad de Goya.<\/p>\n","protected":false},"excerpt":{"rendered":"<p>Este domingo 10 de agosto desde las 15 horas se vuelve a editar un nuevo cap\u00edtulo del programa \u201cTaco y Suela\u201d, espacio itinerante que busca promover los artistas locales, acompa\u00f1ados de aquellos consagrados. Con entrada gratuita, la 7\u00aa Bailanta &#8220;Taco y Suela&#8221; estar\u00e1 presente en Club Deportivo Municipal este domingo, en Ca\u00e1 Guaz\u00fa y avenida [&hellip;]<\/p>\n","protected":false},"author":2,"featured_media":25388,"comment_status":"closed","ping_status":"closed","sticky":false,"template":"","format":"standard","meta":{"footnotes":""},"categories":[1],"tags":[],"class_list":{"0":"post-25387","1":"post","2":"type-post","3":"status-publish","4":"format-standard","5":"has-post-thumbnail","7":"category-sin-categoria"},"_links":{"self":[{"href":"https:\/\/radiobitacora.com.ar\/web\/wp-json\/wp\/v2\/posts\/25387","targetHints":{"allow":["GET"]}}],"collection":[{"href":"https:\/\/radiobitacora.com.ar\/web\/wp-json\/wp\/v2\/posts"}],"about":[{"href":"https:\/\/radiobitacora.com.ar\/web\/wp-json\/wp\/v2\/types\/post"}],"author":[{"embeddable":true,"href":"https:\/\/radiobitacora.com.ar\/web\/wp-json\/wp\/v2\/users\/2"}],"replies":[{"embeddable":true,"href":"https:\/\/radiobitacora.com.ar\/web\/wp-json\/wp\/v2\/comments?post=25387"}],"version-history":[{"count":0,"href":"https:\/\/radiobitacora.com.ar\/web\/wp-json\/wp\/v2\/posts\/25387\/revisions"}],"wp:featuredmedia":[{"embeddable":true,"href":"https:\/\/radiobitacora.com.ar\/web\/wp-json\/wp\/v2\/media\/25388"}],"wp:attachment":[{"href":"https:\/\/radiobitacora.com.ar\/web\/wp-json\/wp\/v2\/media?parent=25387"}],"wp:term":[{"taxonomy":"category","embeddable":true,"href":"https:\/\/radiobitacora.com.ar\/web\/wp-json\/wp\/v2\/categories?post=25387"},{"taxonomy":"post_tag","embeddable":true,"href":"https:\/\/radiobitacora.com.ar\/web\/wp-json\/wp\/v2\/tags?post=25387"}],"curies":[{"name":"wp","href":"https:\/\/api.w.org\/{rel}","templated":true}]}}