{"id":25409,"date":"2025-08-08T09:30:05","date_gmt":"2025-08-08T12:30:05","guid":{"rendered":"https:\/\/radiobitacora.com.ar\/web\/?p=25409"},"modified":"2025-08-08T09:30:05","modified_gmt":"2025-08-08T12:30:05","slug":"emotiva-despedida-a-mia-la-perra-antinarcoticos-de-prefectura-que-se-retiro-tras-13-anos-de-servicio","status":"publish","type":"post","link":"https:\/\/radiobitacora.com.ar\/web\/2025\/08\/08\/emotiva-despedida-a-mia-la-perra-antinarcoticos-de-prefectura-que-se-retiro-tras-13-anos-de-servicio\/","title":{"rendered":"EMOTIVA DESPEDIDA A \u201cM\u00cdA\u201d, LA PERRA ANTINARC\u00d3TICOS DE PREFECTURA QUE SE RETIR\u00d3 TRAS 13 A\u00d1OS DE SERVICIO"},"content":{"rendered":"<p style=\"font-weight: 400;\">En una ceremonia realizada en la Prefectura Formosa, fue adoptada por su gu\u00eda, el cabo primero C\u00e9sar Abel Gordillo.<\/p>\n<p style=\"font-weight: 400;\">La Prefectura Naval Argentina despidi\u00f3 con honores a \u201cM\u00eda\u201d, una perra detectora de estupefacientes que durante m\u00e1s de una d\u00e9cada fue parte esencial en la lucha contra el narcotr\u00e1fico. Con nobleza, coraje y una sensibilidad \u00fanica, particip\u00f3 de innumerables procedimientos en la provincia de Formosa y distintas regiones del pa\u00eds, convirti\u00e9ndose en una figura querida y respetada por todos los que compartieron tiempo con ella.<\/p>\n<p style=\"font-weight: 400;\">\n<p style=\"font-weight: 400;\">Nacida el 28 de febrero de 2012 en la ciudad de Formosa, M\u00eda fue incorporada a la Instituci\u00f3n desde cachorra y destinada a la Divisi\u00f3n Perros en la Ciudad Aut\u00f3noma de Buenos Aires, donde inici\u00f3 su formaci\u00f3n especializada como agente canina. Tras completar su adiestramiento, comenz\u00f3 una carrera ejemplar al servicio de la seguridad.<\/p>\n<p style=\"font-weight: 400;\">\n<p style=\"font-weight: 400;\">Desde entonces, su labor no se detuvo: patrullajes fluviales, controles vehiculares, inspecciones en zonas costeras y tareas de inteligencia. M\u00eda siempre estuvo presente, alerta, lista para actuar con temple y eficacia, participando de diversos operativos contra el narcotr\u00e1fico.<\/p>\n<p style=\"font-weight: 400;\"><img loading=\"lazy\" decoding=\"async\" class=\"wp-image-25410 alignleft\" src=\"https:\/\/radiobitacora.com.ar\/web\/wp-content\/uploads\/2025\/08\/Despedida-a-Mia-Perra-Prefecturiana-3.jpg\" alt=\"\" width=\"443\" height=\"788\" srcset=\"https:\/\/radiobitacora.com.ar\/web\/wp-content\/uploads\/2025\/08\/Despedida-a-Mia-Perra-Prefecturiana-3.jpg 900w, https:\/\/radiobitacora.com.ar\/web\/wp-content\/uploads\/2025\/08\/Despedida-a-Mia-Perra-Prefecturiana-3-696x1237.jpg 696w, https:\/\/radiobitacora.com.ar\/web\/wp-content\/uploads\/2025\/08\/Despedida-a-Mia-Perra-Prefecturiana-3-236x420.jpg 236w\" sizes=\"auto, (max-width: 443px) 100vw, 443px\" \/><\/p>\n<p style=\"font-weight: 400;\">Cada uno de estos logros fue posible no solo gracias a su olfato preciso y su entrenamiento riguroso, sino sobre todo a su temple y a la conexi\u00f3n \u00fanica que forj\u00f3 con su gu\u00eda, el cabo primero C\u00e9sar Abel Gordillo, que decidi\u00f3 adoptarla.<\/p>\n<p style=\"font-weight: 400;\">\n<p style=\"font-weight: 400;\">Con mucha emoci\u00f3n, en una ceremonia realizada en la dependencia local, C\u00e9sar asumi\u00f3 la responsabilidad de brindarle un hogar c\u00e1lido, contenci\u00f3n afectiva y todos los cuidados que merece en esta nueva etapa de descanso. As\u00ed, M\u00eda seguir\u00e1 siendo parte de la gran familia prefecturiana.<\/p>\n<p style=\"font-weight: 400;\">\n<p style=\"font-weight: 400;\">Entre abrazos y miradas cargadas de emoci\u00f3n, se rindi\u00f3 homenaje a quien, sin decir una palabra, habl\u00f3 siempre con su entrega.<\/p>\n<p style=\"font-weight: 400;\">\n<p style=\"font-weight: 400;\">Direcci\u00f3n de Prensa-Municipalidad de Goya<\/p>\n","protected":false},"excerpt":{"rendered":"<p>En una ceremonia realizada en la Prefectura Formosa, fue adoptada por su gu\u00eda, el cabo primero C\u00e9sar Abel Gordillo. La Prefectura Naval Argentina despidi\u00f3 con honores a \u201cM\u00eda\u201d, una perra detectora de estupefacientes que durante m\u00e1s de una d\u00e9cada fue parte esencial en la lucha contra el narcotr\u00e1fico. Con nobleza, coraje y una sensibilidad \u00fanica, [&hellip;]<\/p>\n","protected":false},"author":2,"featured_media":25411,"comment_status":"closed","ping_status":"closed","sticky":false,"template":"","format":"standard","meta":{"footnotes":""},"categories":[56],"tags":[],"class_list":{"0":"post-25409","1":"post","2":"type-post","3":"status-publish","4":"format-standard","5":"has-post-thumbnail","7":"category-locales"},"_links":{"self":[{"href":"https:\/\/radiobitacora.com.ar\/web\/wp-json\/wp\/v2\/posts\/25409","targetHints":{"allow":["GET"]}}],"collection":[{"href":"https:\/\/radiobitacora.com.ar\/web\/wp-json\/wp\/v2\/posts"}],"about":[{"href":"https:\/\/radiobitacora.com.ar\/web\/wp-json\/wp\/v2\/types\/post"}],"author":[{"embeddable":true,"href":"https:\/\/radiobitacora.com.ar\/web\/wp-json\/wp\/v2\/users\/2"}],"replies":[{"embeddable":true,"href":"https:\/\/radiobitacora.com.ar\/web\/wp-json\/wp\/v2\/comments?post=25409"}],"version-history":[{"count":0,"href":"https:\/\/radiobitacora.com.ar\/web\/wp-json\/wp\/v2\/posts\/25409\/revisions"}],"wp:featuredmedia":[{"embeddable":true,"href":"https:\/\/radiobitacora.com.ar\/web\/wp-json\/wp\/v2\/media\/25411"}],"wp:attachment":[{"href":"https:\/\/radiobitacora.com.ar\/web\/wp-json\/wp\/v2\/media?parent=25409"}],"wp:term":[{"taxonomy":"category","embeddable":true,"href":"https:\/\/radiobitacora.com.ar\/web\/wp-json\/wp\/v2\/categories?post=25409"},{"taxonomy":"post_tag","embeddable":true,"href":"https:\/\/radiobitacora.com.ar\/web\/wp-json\/wp\/v2\/tags?post=25409"}],"curies":[{"name":"wp","href":"https:\/\/api.w.org\/{rel}","templated":true}]}}