{"id":25413,"date":"2025-08-08T09:38:53","date_gmt":"2025-08-08T12:38:53","guid":{"rendered":"https:\/\/radiobitacora.com.ar\/web\/?p=25413"},"modified":"2025-08-08T09:39:19","modified_gmt":"2025-08-08T12:39:19","slug":"25413","status":"publish","type":"post","link":"https:\/\/radiobitacora.com.ar\/web\/2025\/08\/08\/25413\/","title":{"rendered":"EL INTENDENTE MARIANO HORMAECHEA PRESIDI\u00d3 EL ACTO DE INAUGURACI\u00d3N DE PAVIMENTO EN BARRIO \u201cHEROES DE MALVINAS\u201d"},"content":{"rendered":"<p style=\"font-weight: 400;\">Programa \u201cMita y Mita\u201d<\/p>\n<p style=\"font-weight: 400;\">OTRO SUE\u00d1O CUMPLIDO<\/p>\n<p style=\"font-weight: 400;\">Antes de la inauguraci\u00f3n de la calle R Chiappe, entre Tucum\u00e1n y Evaristo Lopez, los vecinos del barrio junto al Intendente Municipal, funcionarios municipales, concejales plantaron \u00e1rbol de la especie chivato como parte del plan urbano de colocaci\u00f3n de especies aut\u00f3ctonas.<\/p>\n<p style=\"font-weight: 400;\"><img loading=\"lazy\" decoding=\"async\" class=\"wp-image-25414 alignleft\" src=\"https:\/\/radiobitacora.com.ar\/web\/wp-content\/uploads\/2025\/08\/Inauguracion-Cuadra-Barrio-Heroes-de-Malvinas-5-presidente-Graciela-Baini.jpg\" alt=\"\" width=\"339\" height=\"226\" srcset=\"https:\/\/radiobitacora.com.ar\/web\/wp-content\/uploads\/2025\/08\/Inauguracion-Cuadra-Barrio-Heroes-de-Malvinas-5-presidente-Graciela-Baini.jpg 1600w, https:\/\/radiobitacora.com.ar\/web\/wp-content\/uploads\/2025\/08\/Inauguracion-Cuadra-Barrio-Heroes-de-Malvinas-5-presidente-Graciela-Baini-696x464.jpg 696w, https:\/\/radiobitacora.com.ar\/web\/wp-content\/uploads\/2025\/08\/Inauguracion-Cuadra-Barrio-Heroes-de-Malvinas-5-presidente-Graciela-Baini-1068x712.jpg 1068w, https:\/\/radiobitacora.com.ar\/web\/wp-content\/uploads\/2025\/08\/Inauguracion-Cuadra-Barrio-Heroes-de-Malvinas-5-presidente-Graciela-Baini-630x420.jpg 630w\" sizes=\"auto, (max-width: 339px) 100vw, 339px\" \/><\/p>\n<p style=\"font-weight: 400;\">De la ceremonia realizada el jueves junto a Mariano Hormaechea, participaron el Vicepresidente 1\u00ba del HCD Concejal Marcelo Frattini; la presidente del Barrio Graciela Baini; el Concejal Sebastian Mazzaro; funcionarios municipales, provinciales, legisladores provinciales, concejales, presidentes barriales y vecinos.<\/p>\n<p style=\"font-weight: 400;\">El Intendente valor\u00f3 las obras realizada e invit\u00f3 a los vecinos a seguir \u201cTrabajando juntos hacia adelante\u201d<\/p>\n<p style=\"font-weight: 400;\">\u201cCada acci\u00f3n, cada compromiso asumido es para mejorar las condiciones de nuestro barrio, gracias Intendente por su constante colaboraci\u00f3n\u201d Indic\u00f3 la presidente del Barrio<\/p>\n<p style=\"font-weight: 400;\">\u201cEste Programa naci\u00f3 de la necesidad de los vecinos para mejorar la calidad de vida, ratificado en base a la Confianza Mutua\u201d Afirm\u00f3 el Concejal Marcelo Frattini<\/p>\n<p style=\"font-weight: 400;\">MARIANO HORMAECHEA<\/p>\n<p style=\"font-weight: 400;\"><img loading=\"lazy\" decoding=\"async\" class=\"wp-image-25415 alignright\" src=\"https:\/\/radiobitacora.com.ar\/web\/wp-content\/uploads\/2025\/08\/Inauguracion-Cuadra-Barrio-Heroes-de-Malvinas-9.jpg\" alt=\"\" width=\"359\" height=\"239\" srcset=\"https:\/\/radiobitacora.com.ar\/web\/wp-content\/uploads\/2025\/08\/Inauguracion-Cuadra-Barrio-Heroes-de-Malvinas-9.jpg 1600w, https:\/\/radiobitacora.com.ar\/web\/wp-content\/uploads\/2025\/08\/Inauguracion-Cuadra-Barrio-Heroes-de-Malvinas-9-696x464.jpg 696w, https:\/\/radiobitacora.com.ar\/web\/wp-content\/uploads\/2025\/08\/Inauguracion-Cuadra-Barrio-Heroes-de-Malvinas-9-1068x712.jpg 1068w, https:\/\/radiobitacora.com.ar\/web\/wp-content\/uploads\/2025\/08\/Inauguracion-Cuadra-Barrio-Heroes-de-Malvinas-9-630x420.jpg 630w\" sizes=\"auto, (max-width: 359px) 100vw, 359px\" \/><\/p>\n<p style=\"font-weight: 400;\">El Intendente Municipal agradeci\u00f3 el acompa\u00f1amiento de los funcionarios municipales, provinciales, legisladores provinciales, concejales, presidentes barriales y a todos los vecinos del Barrio H\u00e9roes de Malvinas, para sostener: \u201cVenimos de participar de una jornada intensa en la ciudad, la presidente hablaba del compromiso, desde la convocatoria que se hace desde la Comisi\u00f3n Vecinal, la solidaridad, el esfuerzo, de estar siempre, preocuparse por el barrio, esta es la esencia de lo que hacemos en la ciudad, porque tenemos puesta la camiseta de Goya, esto es el Mita y Mita, trabajando juntos, regulada en Ordenanza, en estos 3 a\u00f1os y medio venimos haciendo alrededor de 80 cuadras, con este exitoso programa, esto es un logro de trabajar juntos, nosotros como administraci\u00f3n municipal cuidamos los recursos de los vecinos, estamos ordenados, sin deudas, administramos de manera responsable esto nos permite avanzar con este programa, con las cuadras pavimentadas con recursos municipales, la provincia, ordenada puede hacer las inversiones para ayudarnos, se han logrado en ese sentido 200 cuadras, en la ciudad, esto es el resultado de ponernos la camiseta de la ciudad.\u201d<\/p>\n<p style=\"font-weight: 400;\">\u201cEn la agenda con el Gobernador en estos d\u00edas, muy intensa, avanzando, -prosigui\u00f3 el Intendente- mostrando lo que queremos hacer a los vecinos, seguimos ejecutando obras, planes, avanzamos en la construcci\u00f3n de la nueva terminal; inauguramos el Hospital Pedi\u00e1trico, un hecho hist\u00f3rico, all\u00ed acudimos ante una emergencia, ahora para atender a nuestros ni\u00f1os que tendr\u00e1n la necesaria asistencia por parte del m\u00e9dico, una ayuda a las familias de la ciudad y la regi\u00f3n, el \u00c1ngel de la Guarda es trascendental para responder a esas complejidades a nuestros ni\u00f1os, siempre miramos para adelante, hacia el futuro, la costanera avanza, estamos con muchas ganas, con muchas fuerzas para seguir hacia adelante, de manera clara, planificada, con un proyecto pol\u00edtico claro para la ciudad, tenemos el equipo para hacer, el equipo para tomar las decisiones para generar los cambios que necesita nuestra ciudad, gracias a todos y sigamos juntos hacia adelante.\u201d<\/p>\n<p style=\"font-weight: 400;\">GRACIELA BAINI<\/p>\n<p style=\"font-weight: 400;\">La presidente del Barrio \u201cH\u00e9roes Malvinas\u201d Graciela Baini, rese\u00f1o todas las acciones llevadas adelante para lograr este \u201csue\u00f1o\u201d como es el pavimento en hormig\u00f3n armado, para se\u00f1alar: \u201cAgradezco a todos por el esfuerzo, la solidaridad que manifiestan en cada acci\u00f3n para mejorar nuestro barrio, mi reconocimiento al Intendente Mariano Hormaechea, por la predisposici\u00f3n, por la colaboraci\u00f3n cuando requerimos de una ayuda, a seguir trabajando para tener una Goya, hermosa, bella, siempre asumiendo el compromiso, de cuidar, estas obras, las plantas, el agradecimiento a cada integrante de la comisi\u00f3n vecinal, porque esto es lo que somos nosotros un gran equipo, contamos con un Ex Combatiente de Malvinas (Salvador Ojeda), que hoy su combate es con las cuestiones de la vida de manera diaria, con un gran esp\u00edritu de colaboraci\u00f3n, cada uno hace su aporte para el barrio, por eso es bueno que sepan esta es la manera de trabajar en equipo. Gracias y trabajemos por el barrio, por nuestra ciudad.<\/p>\n<p style=\"font-weight: 400;\">LEONIDAS MEDINA<\/p>\n<p style=\"font-weight: 400;\">Uno de los vecinos del Barrio, Le\u00f3nidas Medina, emocionado, trato de definir sus sensaciones por esta obra: \u201cMe cuesta expresar todo lo que siento, lo que significa para nosotros contar con esta obra, sabemos que es parte de nuestro esfuerzo, las ganas, por eso gracias a todos por el aporte que cada uno hizo.<\/p>\n<p style=\"font-weight: 400;\">MARCELO FRATTINI<\/p>\n<p><img loading=\"lazy\" decoding=\"async\" class=\"wp-image-25416 alignleft\" src=\"https:\/\/radiobitacora.com.ar\/web\/wp-content\/uploads\/2025\/08\/Inauguracion-Cuadra-Barrio-Heroes-de-Malvinas-6.jpg\" alt=\"\" width=\"381\" height=\"254\" srcset=\"https:\/\/radiobitacora.com.ar\/web\/wp-content\/uploads\/2025\/08\/Inauguracion-Cuadra-Barrio-Heroes-de-Malvinas-6.jpg 1600w, https:\/\/radiobitacora.com.ar\/web\/wp-content\/uploads\/2025\/08\/Inauguracion-Cuadra-Barrio-Heroes-de-Malvinas-6-696x464.jpg 696w, https:\/\/radiobitacora.com.ar\/web\/wp-content\/uploads\/2025\/08\/Inauguracion-Cuadra-Barrio-Heroes-de-Malvinas-6-1068x712.jpg 1068w, https:\/\/radiobitacora.com.ar\/web\/wp-content\/uploads\/2025\/08\/Inauguracion-Cuadra-Barrio-Heroes-de-Malvinas-6-630x420.jpg 630w\" sizes=\"auto, (max-width: 381px) 100vw, 381px\" \/><\/p>\n<p style=\"font-weight: 400;\">El Vicepresidente 1\u00ba del HCD, el concejal Marcelo Frattini, destac\u00f3 es \u201cun orgullo tenerlos trabajando\u201d, en alusi\u00f3n a los combatientes de Malvinas.<\/p>\n<p style=\"font-weight: 400;\">En sus palabras rese\u00f1o: \u201cEste programa \u201cMita y Mita\u201d naci\u00f3 de los vecinos, con ganas de crecer, de vivir mejor, fue en ese momento que la Municipalidad con la gesti\u00f3n de Ignacio Osella llevo adelante este plan, buscando articular lo p\u00fablico y privado, por eso se busc\u00f3 la necesidad de normar, reglar para que esto se establezca a lo largo del tiempo, debemos recordar que en una \u00e9poca planteaban que se devolver\u00eda esos recursos para que sea la Municipalidad la encargada de hacer ese asfalto, volvi\u00f3 Ignacio; tuvo que recuperar la confianza de cada vecino, se logr\u00f3, Mariano (Hormaechea), dio la continuidad y duplico la cantidad de cord\u00f3n cuneta y pavimento, para brindar una mejor calidad de vida a los vecinos, hoy esta presentada una tercera etapa, es un tiempo que debemos entender que en este tiempo de decisi\u00f3n, mostramos un plan sustentable, en la continuidad de un proyecto claro, esto es algo que podemos exhibir en cada sector, en cada barrio de la ciudad, donde basamos este programa en algo que valoramos la confianza, sigamos trabajando juntos, hoy sumamos la Planta Asf\u00e1ltica para poder llegar a pavimentar cuadras para mejorar la calidad de vida de cada vecino, por eso mi agradecimiento a cada vecino porque generan, ratifican esa confianza hacia la Municipalidad, hacia Mariano, sigamos trabajando juntos.\u201d<\/p>\n<p style=\"font-weight: 400;\">CORTE DE CINTAS<\/p>\n<p style=\"font-weight: 400;\">Para dejar oficialmente habilitada e inaugurada la cuadra R Chiappe en el Barrio \u201cH\u00e9roes de Malvinas\u201d, el Intendente Mariano Hormaechea, junto a los vecinos, funcionarios municipales, provinciales, legisladores provinciales y concejales procedieron al tradicional corte de cintas.<\/p>\n<p style=\"font-weight: 400;\">Direcci\u00f3n de Prensa-Municipalidad de Goya<\/p>\n","protected":false},"excerpt":{"rendered":"<p>Programa \u201cMita y Mita\u201d OTRO SUE\u00d1O CUMPLIDO Antes de la inauguraci\u00f3n de la calle R Chiappe, entre Tucum\u00e1n y Evaristo Lopez, los vecinos del barrio junto al Intendente Municipal, funcionarios municipales, concejales plantaron \u00e1rbol de la especie chivato como parte del plan urbano de colocaci\u00f3n de especies aut\u00f3ctonas. De la ceremonia realizada el jueves junto [&hellip;]<\/p>\n","protected":false},"author":2,"featured_media":25417,"comment_status":"closed","ping_status":"closed","sticky":false,"template":"","format":"standard","meta":{"footnotes":""},"categories":[56],"tags":[],"class_list":{"0":"post-25413","1":"post","2":"type-post","3":"status-publish","4":"format-standard","5":"has-post-thumbnail","7":"category-locales"},"_links":{"self":[{"href":"https:\/\/radiobitacora.com.ar\/web\/wp-json\/wp\/v2\/posts\/25413","targetHints":{"allow":["GET"]}}],"collection":[{"href":"https:\/\/radiobitacora.com.ar\/web\/wp-json\/wp\/v2\/posts"}],"about":[{"href":"https:\/\/radiobitacora.com.ar\/web\/wp-json\/wp\/v2\/types\/post"}],"author":[{"embeddable":true,"href":"https:\/\/radiobitacora.com.ar\/web\/wp-json\/wp\/v2\/users\/2"}],"replies":[{"embeddable":true,"href":"https:\/\/radiobitacora.com.ar\/web\/wp-json\/wp\/v2\/comments?post=25413"}],"version-history":[{"count":0,"href":"https:\/\/radiobitacora.com.ar\/web\/wp-json\/wp\/v2\/posts\/25413\/revisions"}],"wp:featuredmedia":[{"embeddable":true,"href":"https:\/\/radiobitacora.com.ar\/web\/wp-json\/wp\/v2\/media\/25417"}],"wp:attachment":[{"href":"https:\/\/radiobitacora.com.ar\/web\/wp-json\/wp\/v2\/media?parent=25413"}],"wp:term":[{"taxonomy":"category","embeddable":true,"href":"https:\/\/radiobitacora.com.ar\/web\/wp-json\/wp\/v2\/categories?post=25413"},{"taxonomy":"post_tag","embeddable":true,"href":"https:\/\/radiobitacora.com.ar\/web\/wp-json\/wp\/v2\/tags?post=25413"}],"curies":[{"name":"wp","href":"https:\/\/api.w.org\/{rel}","templated":true}]}}