{"id":25420,"date":"2025-08-08T09:43:17","date_gmt":"2025-08-08T12:43:17","guid":{"rendered":"https:\/\/radiobitacora.com.ar\/web\/?p=25420"},"modified":"2025-08-08T09:43:17","modified_gmt":"2025-08-08T12:43:17","slug":"26o-encuentro-de-meditacion-sanacion-y-expansion","status":"publish","type":"post","link":"https:\/\/radiobitacora.com.ar\/web\/2025\/08\/08\/26o-encuentro-de-meditacion-sanacion-y-expansion\/","title":{"rendered":"26\u00ba ENCUENTRO DE MEDITACI\u00d3N, SANACI\u00d3N Y EXPANSI\u00d3N"},"content":{"rendered":"<p style=\"font-weight: 400;\">\n<p style=\"font-weight: 400;\">Con la organizaci\u00f3n de la Comunidad Conexi\u00f3n Natural, conformada por el Centro Terap\u00e9utico Los Meridianos, Om Shanti y So Ham Yoga, con el auspicio de la Municipalidad desde la Direcci\u00f3n de Cultura se realizar\u00e1 el 26\u00ba encuentro, el viernes 8 a las 19 horas en Casa de la Cultura.<\/p>\n<p style=\"font-weight: 400;\">La salida es hacia adentro, en este encuentro la motivaci\u00f3n para los ejercicios preparados se basa en Yama y Niyama Saucha: \u201cLa Pureza\u201d.<\/p>\n<p style=\"font-weight: 400;\">Se invita a los interesados en participar, con acceso libre y gratuito, viernes 8, en Casa de la Cultura a las 19 horas.<\/p>\n<p style=\"font-weight: 400;\">\n<p style=\"font-weight: 400;\">Direcci\u00f3n de Prensa-Municipalidad de Goya<\/p>\n","protected":false},"excerpt":{"rendered":"<p>Con la organizaci\u00f3n de la Comunidad Conexi\u00f3n Natural, conformada por el Centro Terap\u00e9utico Los Meridianos, Om Shanti y So Ham Yoga, con el auspicio de la Municipalidad desde la Direcci\u00f3n de Cultura se realizar\u00e1 el 26\u00ba encuentro, el viernes 8 a las 19 horas en Casa de la Cultura. La salida es hacia adentro, en [&hellip;]<\/p>\n","protected":false},"author":2,"featured_media":25421,"comment_status":"closed","ping_status":"closed","sticky":false,"template":"","format":"standard","meta":{"footnotes":""},"categories":[56],"tags":[],"class_list":{"0":"post-25420","1":"post","2":"type-post","3":"status-publish","4":"format-standard","5":"has-post-thumbnail","7":"category-locales"},"_links":{"self":[{"href":"https:\/\/radiobitacora.com.ar\/web\/wp-json\/wp\/v2\/posts\/25420","targetHints":{"allow":["GET"]}}],"collection":[{"href":"https:\/\/radiobitacora.com.ar\/web\/wp-json\/wp\/v2\/posts"}],"about":[{"href":"https:\/\/radiobitacora.com.ar\/web\/wp-json\/wp\/v2\/types\/post"}],"author":[{"embeddable":true,"href":"https:\/\/radiobitacora.com.ar\/web\/wp-json\/wp\/v2\/users\/2"}],"replies":[{"embeddable":true,"href":"https:\/\/radiobitacora.com.ar\/web\/wp-json\/wp\/v2\/comments?post=25420"}],"version-history":[{"count":0,"href":"https:\/\/radiobitacora.com.ar\/web\/wp-json\/wp\/v2\/posts\/25420\/revisions"}],"wp:featuredmedia":[{"embeddable":true,"href":"https:\/\/radiobitacora.com.ar\/web\/wp-json\/wp\/v2\/media\/25421"}],"wp:attachment":[{"href":"https:\/\/radiobitacora.com.ar\/web\/wp-json\/wp\/v2\/media?parent=25420"}],"wp:term":[{"taxonomy":"category","embeddable":true,"href":"https:\/\/radiobitacora.com.ar\/web\/wp-json\/wp\/v2\/categories?post=25420"},{"taxonomy":"post_tag","embeddable":true,"href":"https:\/\/radiobitacora.com.ar\/web\/wp-json\/wp\/v2\/tags?post=25420"}],"curies":[{"name":"wp","href":"https:\/\/api.w.org\/{rel}","templated":true}]}}