{"id":25437,"date":"2025-08-09T18:09:10","date_gmt":"2025-08-09T21:09:10","guid":{"rendered":"https:\/\/radiobitacora.com.ar\/web\/?p=25437"},"modified":"2025-08-09T18:09:19","modified_gmt":"2025-08-09T21:09:19","slug":"finaliza-obra-de-reparacion-de-losa-del-galpon-de-espacio-publico-recuperado-por-el-municipio","status":"publish","type":"post","link":"https:\/\/radiobitacora.com.ar\/web\/2025\/08\/09\/finaliza-obra-de-reparacion-de-losa-del-galpon-de-espacio-publico-recuperado-por-el-municipio\/","title":{"rendered":"FINALIZA OBRA DE REPARACI\u00d3N DE LOSA DEL GALP\u00d3N DE ESPACIO P\u00daBLICO RECUPERADO POR EL MUNICIPIO"},"content":{"rendered":"<p style=\"font-weight: 400;\">A trav\u00e9s de un trabajo conjunto entre PRODEGO y la Secretar\u00eda de Obras y Servicios P\u00fablicos de la Municipalidad de Goya, contin\u00faa con las tareas de reparaci\u00f3n del piso interior del galp\u00f3n ubicado en el sector recuperado por el municipio, en el muelle contiguo a la Prefectura.<\/p>\n<p><img loading=\"lazy\" decoding=\"async\" class=\"wp-image-25438 alignleft\" src=\"https:\/\/radiobitacora.com.ar\/web\/wp-content\/uploads\/2025\/08\/galpon-de-prefectura-3.jpeg\" alt=\"\" width=\"387\" height=\"218\" srcset=\"https:\/\/radiobitacora.com.ar\/web\/wp-content\/uploads\/2025\/08\/galpon-de-prefectura-3.jpeg 1600w, https:\/\/radiobitacora.com.ar\/web\/wp-content\/uploads\/2025\/08\/galpon-de-prefectura-3-696x392.jpeg 696w, https:\/\/radiobitacora.com.ar\/web\/wp-content\/uploads\/2025\/08\/galpon-de-prefectura-3-1068x601.jpeg 1068w, https:\/\/radiobitacora.com.ar\/web\/wp-content\/uploads\/2025\/08\/galpon-de-prefectura-3-747x420.jpeg 747w\" sizes=\"auto, (max-width: 387px) 100vw, 387px\" \/><\/p>\n<p style=\"font-weight: 400;\">Los trabajos actuales consisten en la colocaci\u00f3n de RCD (Arena Cemento) como base, para luego proceder al vertido de hormig\u00f3n, a cargo del personal de Obras P\u00fablicas. Esta intervenci\u00f3n forma parte de un plan integral de recuperaci\u00f3n del lugar, considerado estrat\u00e9gico dentro del paseo costero de la ciudad.<\/p>\n<p style=\"font-weight: 400;\">Antes de llegar a esta etapa, realizaron un importante saneamiento del sector, que hab\u00eda sido afectado por hundimientos en el terreno. Este paso previo fue indispensable para garantizar las condiciones necesarias que permitan reponer la losa de hormig\u00f3n, asegurando as\u00ed la estabilidad y durabilidad de la estructura.<\/p>\n<p style=\"font-weight: 400;\">Con estas acciones, el municipio avanza en la puesta en valor de uno de los puntos m\u00e1s representativos de la ribera goyana, buscando no solo mejorar la infraestructura existente, sino tambi\u00e9n potenciar el uso recreativo y tur\u00edstico de la zona.<\/p>\n<p style=\"font-weight: 400;\">Direcci\u00f3n de Prensa \u2013 Municipalidad de Goya.<\/p>\n","protected":false},"excerpt":{"rendered":"<p>A trav\u00e9s de un trabajo conjunto entre PRODEGO y la Secretar\u00eda de Obras y Servicios P\u00fablicos de la Municipalidad de Goya, contin\u00faa con las tareas de reparaci\u00f3n del piso interior del galp\u00f3n ubicado en el sector recuperado por el municipio, en el muelle contiguo a la Prefectura. Los trabajos actuales consisten en la colocaci\u00f3n de [&hellip;]<\/p>\n","protected":false},"author":2,"featured_media":25439,"comment_status":"closed","ping_status":"closed","sticky":false,"template":"","format":"standard","meta":{"footnotes":""},"categories":[56],"tags":[],"class_list":{"0":"post-25437","1":"post","2":"type-post","3":"status-publish","4":"format-standard","5":"has-post-thumbnail","7":"category-locales"},"_links":{"self":[{"href":"https:\/\/radiobitacora.com.ar\/web\/wp-json\/wp\/v2\/posts\/25437","targetHints":{"allow":["GET"]}}],"collection":[{"href":"https:\/\/radiobitacora.com.ar\/web\/wp-json\/wp\/v2\/posts"}],"about":[{"href":"https:\/\/radiobitacora.com.ar\/web\/wp-json\/wp\/v2\/types\/post"}],"author":[{"embeddable":true,"href":"https:\/\/radiobitacora.com.ar\/web\/wp-json\/wp\/v2\/users\/2"}],"replies":[{"embeddable":true,"href":"https:\/\/radiobitacora.com.ar\/web\/wp-json\/wp\/v2\/comments?post=25437"}],"version-history":[{"count":0,"href":"https:\/\/radiobitacora.com.ar\/web\/wp-json\/wp\/v2\/posts\/25437\/revisions"}],"wp:featuredmedia":[{"embeddable":true,"href":"https:\/\/radiobitacora.com.ar\/web\/wp-json\/wp\/v2\/media\/25439"}],"wp:attachment":[{"href":"https:\/\/radiobitacora.com.ar\/web\/wp-json\/wp\/v2\/media?parent=25437"}],"wp:term":[{"taxonomy":"category","embeddable":true,"href":"https:\/\/radiobitacora.com.ar\/web\/wp-json\/wp\/v2\/categories?post=25437"},{"taxonomy":"post_tag","embeddable":true,"href":"https:\/\/radiobitacora.com.ar\/web\/wp-json\/wp\/v2\/tags?post=25437"}],"curies":[{"name":"wp","href":"https:\/\/api.w.org\/{rel}","templated":true}]}}