{"id":25451,"date":"2025-08-09T18:16:22","date_gmt":"2025-08-09T21:16:22","guid":{"rendered":"https:\/\/radiobitacora.com.ar\/web\/?p=25451"},"modified":"2025-08-09T18:16:22","modified_gmt":"2025-08-09T21:16:22","slug":"escuela-de-teatro-municipal-presenta-obra-de-titeres-el-buen-curador-y-dona-remedios","status":"publish","type":"post","link":"https:\/\/radiobitacora.com.ar\/web\/2025\/08\/09\/escuela-de-teatro-municipal-presenta-obra-de-titeres-el-buen-curador-y-dona-remedios\/","title":{"rendered":"ESCUELA DE TEATRO MUNICIPAL PRESENTA OBRA DE T\u00cdTERES: \u201cEL BUEN CURADOR Y DO\u00d1A REMEDIOS\u201d"},"content":{"rendered":"<p style=\"font-weight: 400;\">Este domingo, en el marco de la 7\u00aa edici\u00f3n del programa \u201cTaco y Suela\u201d, la Escuela Municipal de Teatro lleva al Club Deportivo Municipal una propuesta esc\u00e9nica con teatro de t\u00edteres \u201cEl buen curador y do\u00f1a Remedios\u201d para el disfrute de toda la familia.<\/p>\n<p style=\"font-weight: 400;\">Este domingo 10 de agosto desde las 15 horas se vuelve a editar un nuevo cap\u00edtulo del programa \u201cTaco y Suela\u201d, espacio itinerante que busca promover los artistas locales, acompa\u00f1ados de aquellos consagrados.<\/p>\n<p style=\"font-weight: 400;\">\u201cLa Escuela Municipal de Teatro va a compartir con la gente de la zona sur \u201cEl buen curador\u201d es una obra de t\u00edteres actuado por Andrea Urrutia, M\u00e1ximo P\u00e1ez y Javier Camino, acompa\u00f1ando y disfrutando de una tarde de sol, son experiencias culturales que acercan el municipio a los barrios y al campo\u201d consider\u00f3 el profesor Javier Camino.<\/p>\n<p style=\"font-weight: 400;\">Entre los personajes de nuestras leyendas correntinas se presenta Do\u00f1a Remedios interpretada por el actor, M\u00e1ximo P\u00e1ez y los t\u00edteres Robertito y Rebeca.<\/p>\n<p style=\"font-weight: 400;\">El evento ser\u00e1 con entrada gratuita, en Ca\u00e1 Guaz\u00fa y avenida Eva Per\u00f3n, para todos los habitantes del sector Suroeste de la ciudad.<\/p>\n<p style=\"font-weight: 400;\">\u201cEstamos con todas las expectativas y agradecidos a Manuel Lito Zampar quien nos convoca para compartir este espect\u00e1culo que est\u00e1 pensado para presentarse en estos \u00e1mbitos al aire libre, con un sonido amplio, as\u00ed que todos van a poder disfrutar de esta obra de t\u00edteres\u201d reiter\u00f3.<\/p>\n<p style=\"font-weight: 400;\">Desde la organizaci\u00f3n pidieron que los vecinos lleven silletas. La propuesta municipal tiene el apoyo de Secretar\u00eda de Gobierno, Direcci\u00f3n de Cultura y de Promoci\u00f3n Social.<\/p>\n<p style=\"font-weight: 400;\">\u201cGUARDIANES DEL PARAN\u00c1&#8221;<\/p>\n<p style=\"font-weight: 400;\">En otro orden, el p\u00fablico pide el regreso de los \u201cGuardianes del Paran\u00e1&#8221;. Es la historia de un yaguaret\u00e9, una garza y un yacar\u00e9 que cuidan y protegen al r\u00edo.<\/p>\n<p style=\"font-weight: 400;\">Esta obra infantil con gran repercusi\u00f3n fue aclamada en la \u00faltima edici\u00f3n de la Feria del Libro de Goya. El trabajo esc\u00e9nico contribuye a tomar contacto con la naturaleza, con el R\u00edo Paran\u00e1, con su flora, fauna, una fuerte mirada al cuidado de los recursos naturales, nuestro medio ambiente, la recreaci\u00f3n teatral incentiva a que los ni\u00f1os tambi\u00e9n sean Guardianes de la Naturaleza, para poder cuidarla entre todos.<\/p>\n<p style=\"font-weight: 400;\">Estos personajes \u201cregresan\u201d a pedido del p\u00fablico infantil en los pr\u00f3ximos festejos del D\u00eda del Ni\u00f1o que organiza la Municipalidad de Goya en fecha a confirmar, adelant\u00f3 Javier Camino.<\/p>\n<p style=\"font-weight: 400;\">\u201cEstamos muy felices con los \u201cGuardianes del Paran\u00e1\u201d que se va a presentar seguramente en Costa Surub\u00ed, as\u00ed que ya vamos a tener bien el programa con el horario de ese d\u00eda. Los Guardianes vuelven con esta propuesta tan interesante sobre el cuidado del medio ambiente\u201d cerr\u00f3 el actor.<\/p>\n<p style=\"font-weight: 400;\">\n<p style=\"font-weight: 400;\">Direcci\u00f3n de Prensa \u2013 Municipalidad de Goya.<\/p>\n","protected":false},"excerpt":{"rendered":"<p>Este domingo, en el marco de la 7\u00aa edici\u00f3n del programa \u201cTaco y Suela\u201d, la Escuela Municipal de Teatro lleva al Club Deportivo Municipal una propuesta esc\u00e9nica con teatro de t\u00edteres \u201cEl buen curador y do\u00f1a Remedios\u201d para el disfrute de toda la familia. Este domingo 10 de agosto desde las 15 horas se vuelve [&hellip;]<\/p>\n","protected":false},"author":2,"featured_media":25452,"comment_status":"closed","ping_status":"closed","sticky":false,"template":"","format":"standard","meta":{"footnotes":""},"categories":[1],"tags":[],"class_list":{"0":"post-25451","1":"post","2":"type-post","3":"status-publish","4":"format-standard","5":"has-post-thumbnail","7":"category-sin-categoria"},"_links":{"self":[{"href":"https:\/\/radiobitacora.com.ar\/web\/wp-json\/wp\/v2\/posts\/25451","targetHints":{"allow":["GET"]}}],"collection":[{"href":"https:\/\/radiobitacora.com.ar\/web\/wp-json\/wp\/v2\/posts"}],"about":[{"href":"https:\/\/radiobitacora.com.ar\/web\/wp-json\/wp\/v2\/types\/post"}],"author":[{"embeddable":true,"href":"https:\/\/radiobitacora.com.ar\/web\/wp-json\/wp\/v2\/users\/2"}],"replies":[{"embeddable":true,"href":"https:\/\/radiobitacora.com.ar\/web\/wp-json\/wp\/v2\/comments?post=25451"}],"version-history":[{"count":0,"href":"https:\/\/radiobitacora.com.ar\/web\/wp-json\/wp\/v2\/posts\/25451\/revisions"}],"wp:featuredmedia":[{"embeddable":true,"href":"https:\/\/radiobitacora.com.ar\/web\/wp-json\/wp\/v2\/media\/25452"}],"wp:attachment":[{"href":"https:\/\/radiobitacora.com.ar\/web\/wp-json\/wp\/v2\/media?parent=25451"}],"wp:term":[{"taxonomy":"category","embeddable":true,"href":"https:\/\/radiobitacora.com.ar\/web\/wp-json\/wp\/v2\/categories?post=25451"},{"taxonomy":"post_tag","embeddable":true,"href":"https:\/\/radiobitacora.com.ar\/web\/wp-json\/wp\/v2\/tags?post=25451"}],"curies":[{"name":"wp","href":"https:\/\/api.w.org\/{rel}","templated":true}]}}