{"id":25464,"date":"2025-08-09T18:31:45","date_gmt":"2025-08-09T21:31:45","guid":{"rendered":"https:\/\/radiobitacora.com.ar\/web\/?p=25464"},"modified":"2025-08-09T18:32:03","modified_gmt":"2025-08-09T21:32:03","slug":"el-intendente-mariano-hormaechea-acompano-la-final-de-la-jornada-de-convivencia-estudiantil","status":"publish","type":"post","link":"https:\/\/radiobitacora.com.ar\/web\/2025\/08\/09\/el-intendente-mariano-hormaechea-acompano-la-final-de-la-jornada-de-convivencia-estudiantil\/","title":{"rendered":"EL INTENDENTE MARIANO HORMAECHEA ACOMPA\u00d1\u00d3 LA FINAL DE LA JORNADA DE CONVIVENCIA ESTUDIANTIL"},"content":{"rendered":"<p style=\"font-weight: 400;\">Jornada \u201cInterPromos\u201d<\/p>\n<p style=\"font-weight: 400;\">Gran participaci\u00f3n de los estudiantes secundarios de la ciudad y la zona rural en esta novedosa iniciativa impulsada desde la Municipalidad de Goya.<\/p>\n<p style=\"font-weight: 400;\">Desde las 8 horas del viernes 8 y hasta promediar la tarde se desarroll\u00f3 en el Predio de Campo Amigo esta propuesta ideada desde la Municipalidad de Goya, por medio de la Secretar\u00eda de Educaci\u00f3n con la intervenci\u00f3n de diferentes \u00e1reas municipales, Juventud, Deporte, Cultura, Obras P\u00fablicas, Acci\u00f3n Social,\u00a0Luminotecnia, entre otras.<\/p>\n<p style=\"font-weight: 400;\"><img loading=\"lazy\" decoding=\"async\" class=\"wp-image-25465 alignleft\" src=\"https:\/\/radiobitacora.com.ar\/web\/wp-content\/uploads\/2025\/08\/Jornada-InterPromos-18.jpg\" alt=\"\" width=\"311\" height=\"185\" srcset=\"https:\/\/radiobitacora.com.ar\/web\/wp-content\/uploads\/2025\/08\/Jornada-InterPromos-18.jpg 1600w, https:\/\/radiobitacora.com.ar\/web\/wp-content\/uploads\/2025\/08\/Jornada-InterPromos-18-696x414.jpg 696w, https:\/\/radiobitacora.com.ar\/web\/wp-content\/uploads\/2025\/08\/Jornada-InterPromos-18-1068x635.jpg 1068w, https:\/\/radiobitacora.com.ar\/web\/wp-content\/uploads\/2025\/08\/Jornada-InterPromos-18-706x420.jpg 706w\" sizes=\"auto, (max-width: 311px) 100vw, 311px\" \/><\/p>\n<p style=\"font-weight: 400;\">La convocatoria a los estudiantes del \u00faltimo a\u00f1o del nivel secundario tuvo una excelente respuesta por parte de los j\u00f3venes, encontrando interesante la proposici\u00f3n en el \u00e1mbito deportivo, recreativo, cultural, art\u00edstico, con la novedad de premiar la mejor \u201cchomba de la promoci\u00f3n\u201d, la mejor hinchada y la confecci\u00f3n de la mejor bandera.<\/p>\n<p style=\"font-weight: 400;\">En horas de la tarde, antes de finalizar esta convivencia estudiantil, acompa\u00f1aron a los j\u00f3venes el intendente Mariano Hormaechea, la secretaria de Educaci\u00f3n Sonia Espina, el secretario de Gobierno Pablo Fern\u00e1ndez, los directores de Juventud Gast\u00f3n Espinosa, de Deportes Alejandro Lago, junto a funcionarios y concejales de la Municipalidad.<\/p>\n<p style=\"font-weight: 400;\">MARIANO HORMAECHEA<\/p>\n<p><img loading=\"lazy\" decoding=\"async\" class=\"wp-image-25466 alignright\" src=\"https:\/\/radiobitacora.com.ar\/web\/wp-content\/uploads\/2025\/08\/Jornada-InterPromos-13.jpg\" alt=\"\" width=\"378\" height=\"252\" srcset=\"https:\/\/radiobitacora.com.ar\/web\/wp-content\/uploads\/2025\/08\/Jornada-InterPromos-13.jpg 1600w, https:\/\/radiobitacora.com.ar\/web\/wp-content\/uploads\/2025\/08\/Jornada-InterPromos-13-696x464.jpg 696w, https:\/\/radiobitacora.com.ar\/web\/wp-content\/uploads\/2025\/08\/Jornada-InterPromos-13-1068x712.jpg 1068w, https:\/\/radiobitacora.com.ar\/web\/wp-content\/uploads\/2025\/08\/Jornada-InterPromos-13-630x420.jpg 630w\" sizes=\"auto, (max-width: 378px) 100vw, 378px\" \/><\/p>\n<p style=\"font-weight: 400;\">El intendente Mariano Hormaechea, al saludar a los j\u00f3venes, agradeci\u00f3 la presencia a los rectores por el acompa\u00f1amiento, para destacar: \u201cGracias por disfrutar del encuentro en este hermoso predio; desde la Municipalidad queremos estar cerca de los estudiantes, siempre hemos acompa\u00f1ado diferentes programas junto a Uds. La \u201cInterPromos\u201d es como la previa de la Estudiantina, creada para juntarse, pasar una jornada, por eso es que agradecemos a cada uno de Uds., que son el futuro de nuestra ciudad\u201d.<\/p>\n<p style=\"font-weight: 400;\">Mariano Hormaechea anticip\u00f3: \u201cVenimos trabajando con Sonia (Espina) desde Educaci\u00f3n, con las direcciones de Juventud, de Deportes, y planteamos a los rectores la idea de estar cerca de los colegios para acompa\u00f1ar, potenciar\u2026 La estudiantina de Goya es un evento de los j\u00f3venes, nosotros acompa\u00f1amos para que sea m\u00e1s linda, as\u00ed como en otras localidades, que siga creciendo y convoque a j\u00f3venes de otras ciudades, esta es la idea que planteamos\u201d.<\/p>\n<p style=\"font-weight: 400;\"><img loading=\"lazy\" decoding=\"async\" class=\"wp-image-25467 alignleft\" src=\"https:\/\/radiobitacora.com.ar\/web\/wp-content\/uploads\/2025\/08\/Jornada-InterPromos-6.jpg\" alt=\"\" width=\"377\" height=\"251\" srcset=\"https:\/\/radiobitacora.com.ar\/web\/wp-content\/uploads\/2025\/08\/Jornada-InterPromos-6.jpg 1600w, https:\/\/radiobitacora.com.ar\/web\/wp-content\/uploads\/2025\/08\/Jornada-InterPromos-6-696x464.jpg 696w, https:\/\/radiobitacora.com.ar\/web\/wp-content\/uploads\/2025\/08\/Jornada-InterPromos-6-1068x712.jpg 1068w, https:\/\/radiobitacora.com.ar\/web\/wp-content\/uploads\/2025\/08\/Jornada-InterPromos-6-630x420.jpg 630w\" sizes=\"auto, (max-width: 377px) 100vw, 377px\" \/><\/p>\n<p style=\"font-weight: 400;\">Los ganadores de las distinciones previstas en esta jornada, son los siguientes:<\/p>\n<p style=\"font-weight: 400;\">Ganadores de la Jornada:<\/p>\n<p style=\"font-weight: 400;\">1\u00b0 Gregoria Morales ($700.000 la instituci\u00f3n $500.000 promo)<\/p>\n<p style=\"font-weight: 400;\">2\u00b0 G\u00fcemes de Tejada ($400.000 instituci\u00f3n $300.000 promo)<\/p>\n<p style=\"font-weight: 400;\">3\u00b0 EFA Coembot\u00e1 ($300.000 instituci\u00f3n $200.000 promo)<\/p>\n<p style=\"font-weight: 400;\">Ganadores de mejor Chomba<\/p>\n<p style=\"font-weight: 400;\">1\u00b0 Instituto Alberti $300.000 para la promo.<\/p>\n<p style=\"font-weight: 400;\">2\u00b0 G\u00fcemes de Tejada $200.000 para la promo.<\/p>\n<p style=\"font-weight: 400;\">3\u00b0 Normal $100.000 para la promo.<\/p>\n<p style=\"font-weight: 400;\">Mejor Bandera: G\u00fcemes de Tejada.<\/p>\n<p style=\"font-weight: 400;\">Mejor Hinchada: Colegio Secundario \u201cJuan Eusebio Torrent\u201d.<\/p>\n<p style=\"font-weight: 400;\">Una vez conocido a los ganadores de estos rubros, el intendente junto a los funcionarios municipales hicieron entrega de los correspondientes premios.<\/p>\n<p style=\"font-weight: 400;\">Direcci\u00f3n de Prensa-Municipalidad de Goya<\/p>\n","protected":false},"excerpt":{"rendered":"<p>Jornada \u201cInterPromos\u201d Gran participaci\u00f3n de los estudiantes secundarios de la ciudad y la zona rural en esta novedosa iniciativa impulsada desde la Municipalidad de Goya. Desde las 8 horas del viernes 8 y hasta promediar la tarde se desarroll\u00f3 en el Predio de Campo Amigo esta propuesta ideada desde la Municipalidad de Goya, por medio [&hellip;]<\/p>\n","protected":false},"author":2,"featured_media":25468,"comment_status":"closed","ping_status":"closed","sticky":false,"template":"","format":"standard","meta":{"footnotes":""},"categories":[78,1],"tags":[],"class_list":{"0":"post-25464","1":"post","2":"type-post","3":"status-publish","4":"format-standard","5":"has-post-thumbnail","7":"category-deportes","8":"category-sin-categoria"},"_links":{"self":[{"href":"https:\/\/radiobitacora.com.ar\/web\/wp-json\/wp\/v2\/posts\/25464","targetHints":{"allow":["GET"]}}],"collection":[{"href":"https:\/\/radiobitacora.com.ar\/web\/wp-json\/wp\/v2\/posts"}],"about":[{"href":"https:\/\/radiobitacora.com.ar\/web\/wp-json\/wp\/v2\/types\/post"}],"author":[{"embeddable":true,"href":"https:\/\/radiobitacora.com.ar\/web\/wp-json\/wp\/v2\/users\/2"}],"replies":[{"embeddable":true,"href":"https:\/\/radiobitacora.com.ar\/web\/wp-json\/wp\/v2\/comments?post=25464"}],"version-history":[{"count":0,"href":"https:\/\/radiobitacora.com.ar\/web\/wp-json\/wp\/v2\/posts\/25464\/revisions"}],"wp:featuredmedia":[{"embeddable":true,"href":"https:\/\/radiobitacora.com.ar\/web\/wp-json\/wp\/v2\/media\/25468"}],"wp:attachment":[{"href":"https:\/\/radiobitacora.com.ar\/web\/wp-json\/wp\/v2\/media?parent=25464"}],"wp:term":[{"taxonomy":"category","embeddable":true,"href":"https:\/\/radiobitacora.com.ar\/web\/wp-json\/wp\/v2\/categories?post=25464"},{"taxonomy":"post_tag","embeddable":true,"href":"https:\/\/radiobitacora.com.ar\/web\/wp-json\/wp\/v2\/tags?post=25464"}],"curies":[{"name":"wp","href":"https:\/\/api.w.org\/{rel}","templated":true}]}}