{"id":25513,"date":"2025-08-11T19:10:50","date_gmt":"2025-08-11T22:10:50","guid":{"rendered":"https:\/\/radiobitacora.com.ar\/web\/?p=25513"},"modified":"2025-08-11T19:17:38","modified_gmt":"2025-08-11T22:17:38","slug":"25513","status":"publish","type":"post","link":"https:\/\/radiobitacora.com.ar\/web\/2025\/08\/11\/25513\/","title":{"rendered":"DESDE ESTE JUEVES, PINTORES PAISAJISTAS DE TODO EL PA\u00cdS SE DAR\u00c1N CITA EN GOYA POR CONCURSO NACIONAL DE MANCHAS"},"content":{"rendered":"<p style=\"font-weight: 400;\">XXI Pintemos Goya 2025<\/p>\n<p style=\"font-weight: 400;\">Del 14 al 17 de agosto tendr\u00e1 lugar el 21\u00ba Encuentro de Pintores de todo el pa\u00eds \u201cPintemos Goya\u201d. Categor\u00edas como profesionales, aficionados, local, acuarela y ganador de ganadores retratar\u00e1n los encantos naturales de la localidad. Funcionarios lanzaron este lunes en el Palacio Municipal oficialmente el evento.<\/p>\n<p style=\"font-weight: 400;\">Con los paisajes de Goya como tema principal, este jueves inicia el Pintemos Goya, uno de los encuentros de artistas pl\u00e1sticos m\u00e1s importantes del pa\u00eds.<\/p>\n<p style=\"font-weight: 400;\">Este lunes, funcionarios municipales y organizadores, en el marco de una conferencia de prensa, lanzaron el evento invitando a artistas pl\u00e1sticos de todo el pa\u00eds a pintar los paisajes, su gente, cultura, naturaleza y costumbres de Goya.<\/p>\n<p style=\"font-weight: 400;\">El panel de anuncio estuvo encabezado por el Secretario de Gobierno, Pablo Fern\u00e1ndez; el Director de Cultura, Manuel Lito Zampar y el coordinador del Pintemos, Leonardo Ramirez Boll.<\/p>\n<p style=\"font-weight: 400;\">Se destac\u00f3 la presencia de la directora de Prevenci\u00f3n de Adicciones, Vanesa Morales, de la concejal Gabriela Refojos y de los hombres y mujeres de la prensa de la localidad.<\/p>\n<p style=\"font-weight: 400;\">LITO ZAMPAR<\/p>\n<p><img loading=\"lazy\" decoding=\"async\" class=\"wp-image-25514 alignleft\" src=\"https:\/\/radiobitacora.com.ar\/web\/wp-content\/uploads\/2025\/08\/PRESENTACION-PINTEMOS-GOYA-2025-4.jpeg\" alt=\"\" width=\"369\" height=\"246\" srcset=\"https:\/\/radiobitacora.com.ar\/web\/wp-content\/uploads\/2025\/08\/PRESENTACION-PINTEMOS-GOYA-2025-4.jpeg 1600w, https:\/\/radiobitacora.com.ar\/web\/wp-content\/uploads\/2025\/08\/PRESENTACION-PINTEMOS-GOYA-2025-4-696x464.jpeg 696w, https:\/\/radiobitacora.com.ar\/web\/wp-content\/uploads\/2025\/08\/PRESENTACION-PINTEMOS-GOYA-2025-4-1068x712.jpeg 1068w, https:\/\/radiobitacora.com.ar\/web\/wp-content\/uploads\/2025\/08\/PRESENTACION-PINTEMOS-GOYA-2025-4-630x420.jpeg 630w\" sizes=\"auto, (max-width: 369px) 100vw, 369px\" \/><\/p>\n<p style=\"font-weight: 400;\">En primer lugar, se mostr\u00f3 un video promocional del evento. Tras lo cual el Director de Cultura agradeci\u00f3 la presencia de los funcionarios y periodistas.<\/p>\n<p style=\"font-weight: 400;\">\u201cEsta nueva edici\u00f3n del Pintemos Goya no ser\u00eda posible sin la participaci\u00f3n de distintas \u00e1reas de la municipalidad como la Secretar\u00eda de Educaci\u00f3n, Direcci\u00f3n de Promoci\u00f3n Social, la Secretar\u00eda de Turismo, trabajando de distintas maneras con cada una de ellas\u201d.<\/p>\n<p style=\"font-weight: 400;\">En este punto puso el foco en la promoci\u00f3n del turismo por la visita de much\u00edsimos artistas y sus familias que arribar\u00e1n a Goya para participar del concurso.<\/p>\n<p style=\"font-weight: 400;\">\u201cTenemos referencia de que muchas hoster\u00edas y hoteles han reservado para este fin de semana que se acerca\u201d.<\/p>\n<p style=\"font-weight: 400;\">\u201cEste jueves desde las 8 de la ma\u00f1ana ser\u00e1 la recepci\u00f3n en Casa de la Cultura y se los espera como desde hace 20 a\u00f1os como ya es una tradici\u00f3n con chipa, torta frita y mate cocido con los que lo recibimos\u201d.<\/p>\n<p style=\"font-weight: 400;\">Zampar desarroll\u00f3 el ampl\u00edsimo cronograma de actividades que tendr\u00e1 lugar desde este jueves en distintos espacios naturales con City Tour, gastron\u00f3micos, recreativos y en la misma Casa de la Cultura con agasajos y festivales musicales los d\u00edas que dura el Pintemos.<\/p>\n<p style=\"font-weight: 400;\">\u201cEstamos con muy buena cantidad de inscriptos. Este a\u00f1o nuevamente con mayor participaci\u00f3n, once internos de la alcaid\u00eda van a estar participando, tal como lo vienen haciendo desde hace cuatro\u201d adelant\u00f3.<\/p>\n<p style=\"font-weight: 400;\">JURADO<\/p>\n<p style=\"font-weight: 400;\">Puntualiz\u00f3 que tal como todos los a\u00f1os, desde la organizaci\u00f3n se pone especial \u00e9nfasis en la selecci\u00f3n del jurado. En esta oportunidad van a estar encargados de esta dif\u00edcil misi\u00f3n los artistas pl\u00e1sticos: de R\u00edo Cuarto (Cba) el reconocido pintor argentino Jos\u00e9 P\u00e9rez Ansorena, de Resistencia (Chaco), Carmen Tenerani y de San Juan, Daniel Alfredo De Celia. Ellos son pintores reconocidos por toda la movida de artistas pl\u00e1sticos del pa\u00eds que recorren este tipo de concursos de manchas.<\/p>\n<p style=\"font-weight: 400;\">A su vez se va a contar en calidad de veedores con Carina Elizabeth Contreras, de Villa del Totoral (Cba) y con la Presidenta de la Sociedad Argentina de Artistas Pl\u00e1sticos, la Profesora Alejandra Zucconi.<\/p>\n<p style=\"font-weight: 400;\">El titular de Cultura aclar\u00f3 adem\u00e1s que todos los premios son aportados por el Gobierno Municipal para que los cuadros ganadores pasen a ser adquisici\u00f3n, llegando -de esta manera- a formar parte de los m\u00e1s de 350 cuadros que posee la Pinacoteca de la Casa de la Cultura.<\/p>\n<p style=\"font-weight: 400;\">Por \u00faltimo invit\u00f3 a todos los artistas pl\u00e1sticos de Goya y la regi\u00f3n \u201cque se sumen y pasen a vivir estos cuatros d\u00edas lo que vamos a vivir en Casa de la Cultura\u201d cerr\u00f3.<\/p>\n<p style=\"font-weight: 400;\">SECRETARIO PABLO FERN\u00c1NDEZ<\/p>\n<p><img loading=\"lazy\" decoding=\"async\" class=\"wp-image-25515 alignleft\" src=\"https:\/\/radiobitacora.com.ar\/web\/wp-content\/uploads\/2025\/08\/PRESENTACION-PINTEMOS-GOYA-2025-5.jpeg\" alt=\"\" width=\"337\" height=\"243\" srcset=\"https:\/\/radiobitacora.com.ar\/web\/wp-content\/uploads\/2025\/08\/PRESENTACION-PINTEMOS-GOYA-2025-5.jpeg 1477w, https:\/\/radiobitacora.com.ar\/web\/wp-content\/uploads\/2025\/08\/PRESENTACION-PINTEMOS-GOYA-2025-5-324x235.jpeg 324w, https:\/\/radiobitacora.com.ar\/web\/wp-content\/uploads\/2025\/08\/PRESENTACION-PINTEMOS-GOYA-2025-5-696x502.jpeg 696w, https:\/\/radiobitacora.com.ar\/web\/wp-content\/uploads\/2025\/08\/PRESENTACION-PINTEMOS-GOYA-2025-5-1068x771.jpeg 1068w, https:\/\/radiobitacora.com.ar\/web\/wp-content\/uploads\/2025\/08\/PRESENTACION-PINTEMOS-GOYA-2025-5-582x420.jpeg 582w\" sizes=\"auto, (max-width: 337px) 100vw, 337px\" \/><\/p>\n<p style=\"font-weight: 400;\">Por su parte, el Secretario de Gobierno, Pablo Fern\u00e1ndez acot\u00f3 a lo dicho por Zampar, haciendo menci\u00f3n al apoyo que se le da al Pintemos Goya desde la gesti\u00f3n \u201cpara movilizar y generar acciones en este \u00e1mbito cultural. Nosotros, junto al Intendente Mariano Hormaechea, creemos fuertemente, apostamos y pensamos que esto es pol\u00edtica de Estado. Recibimos turistas y pintores de distintas localidades del pa\u00eds esto, adem\u00e1s de ser un \u00e9xito como programa cultural, tambi\u00e9n genera un desarrollo econ\u00f3mico circular: trabaja el que tiene un hotel, un comercio gastron\u00f3mico, las empresas de transporte, as\u00ed que es muy importante\u201d enfatiz\u00f3. Adem\u00e1s de se\u00f1alar la fuerte inversi\u00f3n de la gesti\u00f3n municipal en la recuperaci\u00f3n del primer piso de Casa de la Cultura, lugar destinado a la Pinacoteca.<\/p>\n<p style=\"font-weight: 400;\">LEONARDO RAMIREZ BOLL<\/p>\n<p style=\"font-weight: 400;\">Antes de dar paso a la pregunta de los periodistas y medios de comunicaci\u00f3n presentes, el coordinador del Pintemos, Leonardo Ramirez Boll aclar\u00f3 que la Pinacoteca de la Casa de la Cultura funciona en la planta alta de la centenaria casona y est\u00e1 restaurada completamente gracias al apoyo presupuestario del municipio.<\/p>\n<p style=\"font-weight: 400;\">All\u00ed se encuentran &#8220;en guarda&#8221; m\u00e1s de 350 trabajos pict\u00f3ricos, debidamente acondicionados para preservar la calidad original de los cuadros. No son solo del Pintemos sino tambi\u00e9n donativos de los vecinos. Hay obras expuestas en el Edificio Municipal y en exposiciones que se realizan a lo largo del a\u00f1o en el marco de muestras colectivas.<\/p>\n<p style=\"font-weight: 400;\">La importancia de la participaci\u00f3n de pintores de Goya, en otros concursos en diferentes lugares del pa\u00eds hace de la convocatoria en el Pintemos Goya. En estos tiempos tan dif\u00edciles, es importante resaltar el esfuerzo de Artistas\u00a0 Pl\u00e1sticos de distintos lugares, para poder ser parte de la edici\u00f3n 2025.<\/p>\n<p style=\"font-weight: 400;\">CRONOGRAMA DE ACTIVIDADES<\/p>\n<p style=\"font-weight: 400;\">JUEVES 14<\/p>\n<p style=\"font-weight: 400;\">-8 hs<\/p>\n<p style=\"font-weight: 400;\">Recepci\u00f3n Participantes<\/p>\n<p style=\"font-weight: 400;\">Inscripci\u00f3n<\/p>\n<p style=\"font-weight: 400;\">Timbrado de Telas<\/p>\n<p style=\"font-weight: 400;\">Inicio Concurso<\/p>\n<p style=\"font-weight: 400;\">17,30 Coro Infanto Juvenil<\/p>\n<p style=\"font-weight: 400;\">19 hs Recepci\u00f3n obras en guarda<\/p>\n<p style=\"font-weight: 400;\">20 hs Casa de la Cultura &#8211; Pe\u00f1a de los Pintores<\/p>\n<p style=\"font-weight: 400;\">Polif\u00f3nico Municipal &#8220;Elidia Andino&#8221;<\/p>\n<p style=\"font-weight: 400;\">Pintura en vivo por Brian Fern\u00e1ndez<\/p>\n<p style=\"font-weight: 400;\">Los gauchos Litorale\u00f1os<\/p>\n<p style=\"font-weight: 400;\">Micr\u00f3fono abierto<\/p>\n<p style=\"font-weight: 400;\">VIERNES 15<\/p>\n<p style=\"font-weight: 400;\">8 hs<\/p>\n<p style=\"font-weight: 400;\">Recepci\u00f3n Participantes<\/p>\n<p style=\"font-weight: 400;\">Inscripci\u00f3n<\/p>\n<p style=\"font-weight: 400;\">Timbrado de Telas<\/p>\n<p style=\"font-weight: 400;\">Inicio Concurso<\/p>\n<p style=\"font-weight: 400;\">9 hs City Tours (arancelado)<\/p>\n<p style=\"font-weight: 400;\">17,30 Coro Infanto Juvenil<\/p>\n<p style=\"font-weight: 400;\">19 hs Recepci\u00f3n obras en guarda<\/p>\n<p style=\"font-weight: 400;\">21 hs Amore M\u00edo (Soc. Italiana)<\/p>\n<p style=\"font-weight: 400;\">S\u00c1BADO 16<\/p>\n<p style=\"font-weight: 400;\">8 hs Recepci\u00f3n Participantes<\/p>\n<p style=\"font-weight: 400;\">Inscripci\u00f3n<\/p>\n<p style=\"font-weight: 400;\">Timbrado de Telas<\/p>\n<p style=\"font-weight: 400;\">Inicio Concurso<\/p>\n<p style=\"font-weight: 400;\">9 hs Inicio Pintemos Goya Juvenil<\/p>\n<p style=\"font-weight: 400;\">10 hs Escuela de M\u00fasica Alcides Romero<\/p>\n<p style=\"font-weight: 400;\">18 hs Recepci\u00f3n obras en guarda<\/p>\n<p style=\"font-weight: 400;\">21 hs Cena Show<\/p>\n<p style=\"font-weight: 400;\">Orquesta Municipal<\/p>\n<p style=\"font-weight: 400;\">DOMINGO 17<\/p>\n<p style=\"font-weight: 400;\">10 hs Apertura Muestra<\/p>\n<p style=\"font-weight: 400;\">10,30 Entrega de premios<\/p>\n<p style=\"font-weight: 400;\">12 hs Retiro de Obras<\/p>\n<p style=\"font-weight: 400;\">Direcci\u00f3n de Prensa \u2013 Municipalidad de Goya.<\/p>\n","protected":false},"excerpt":{"rendered":"<p>XXI Pintemos Goya 2025 Del 14 al 17 de agosto tendr\u00e1 lugar el 21\u00ba Encuentro de Pintores de todo el pa\u00eds \u201cPintemos Goya\u201d. Categor\u00edas como profesionales, aficionados, local, acuarela y ganador de ganadores retratar\u00e1n los encantos naturales de la localidad. Funcionarios lanzaron este lunes en el Palacio Municipal oficialmente el evento. Con los paisajes de [&hellip;]<\/p>\n","protected":false},"author":2,"featured_media":25516,"comment_status":"closed","ping_status":"closed","sticky":false,"template":"","format":"standard","meta":{"footnotes":""},"categories":[56],"tags":[],"class_list":{"0":"post-25513","1":"post","2":"type-post","3":"status-publish","4":"format-standard","5":"has-post-thumbnail","7":"category-locales"},"_links":{"self":[{"href":"https:\/\/radiobitacora.com.ar\/web\/wp-json\/wp\/v2\/posts\/25513","targetHints":{"allow":["GET"]}}],"collection":[{"href":"https:\/\/radiobitacora.com.ar\/web\/wp-json\/wp\/v2\/posts"}],"about":[{"href":"https:\/\/radiobitacora.com.ar\/web\/wp-json\/wp\/v2\/types\/post"}],"author":[{"embeddable":true,"href":"https:\/\/radiobitacora.com.ar\/web\/wp-json\/wp\/v2\/users\/2"}],"replies":[{"embeddable":true,"href":"https:\/\/radiobitacora.com.ar\/web\/wp-json\/wp\/v2\/comments?post=25513"}],"version-history":[{"count":0,"href":"https:\/\/radiobitacora.com.ar\/web\/wp-json\/wp\/v2\/posts\/25513\/revisions"}],"wp:featuredmedia":[{"embeddable":true,"href":"https:\/\/radiobitacora.com.ar\/web\/wp-json\/wp\/v2\/media\/25516"}],"wp:attachment":[{"href":"https:\/\/radiobitacora.com.ar\/web\/wp-json\/wp\/v2\/media?parent=25513"}],"wp:term":[{"taxonomy":"category","embeddable":true,"href":"https:\/\/radiobitacora.com.ar\/web\/wp-json\/wp\/v2\/categories?post=25513"},{"taxonomy":"post_tag","embeddable":true,"href":"https:\/\/radiobitacora.com.ar\/web\/wp-json\/wp\/v2\/tags?post=25513"}],"curies":[{"name":"wp","href":"https:\/\/api.w.org\/{rel}","templated":true}]}}