{"id":25525,"date":"2025-08-12T09:41:57","date_gmt":"2025-08-12T12:41:57","guid":{"rendered":"https:\/\/radiobitacora.com.ar\/web\/?p=25525"},"modified":"2025-08-12T09:42:06","modified_gmt":"2025-08-12T12:42:06","slug":"cuatro-nombres-para-un-puesto-que-se-sabe-del-manager-de-boca","status":"publish","type":"post","link":"https:\/\/radiobitacora.com.ar\/web\/2025\/08\/12\/cuatro-nombres-para-un-puesto-que-se-sabe-del-manager-de-boca\/","title":{"rendered":"CUATRO NOMBRES PARA UN PUESTO: QU\u00c9 SE SABE DEL M\u00c1NAGER DE BOCA"},"content":{"rendered":"<p>Aunque Riquelme tiene decidido contratar a una figura que se sume a la estructura del f\u00fatbol tras la disoluci\u00f3n del Consejo, por ahora no se contact\u00f3 con ning\u00fan candidato e internamente aseguran que no tienen urgencias en resolverlo. \u00bfQu\u00e9 opciones baraja?<\/p>\n<div class=\"containerGrid\">\n<div class=\"col6 shareBar\"><\/div>\n<\/div>\n<figure class=\"kskddisable\" data-modal-description=\"Riquelme, en el sorteo de la fase de grupos del Mundial de Clubes.\" data-modal-image=\"https:\/\/media.tycsports.com\/files\/2025\/06\/11\/851637\/boca-riquelme-mundial-de-clubes_w862.webp\"><figcaption class=\"kskddisable\" data-kiosked-context-name=\"kskdUIContext_01k2f4mx531g8wagd8g7spmrf5\">Riquelme, en el sorteo de la fase de grupos del Mundial de Clubes.<\/figcaption><div id=\"kskd01k2f4mx71sq7mtt6ckqm29k5z\" class=\"kskdDiv kskdCls\" data-kiosked-role=\"anchor\" data-kiosked-type=\"in-line\" data-kioskid=\"01k2f4mx71sq7mtt6ckqm29k5z\" data-kiosked-cntrid=\"12549_28c8802f089a61c1d257f54fa452def1\">\n<div class=\"kskdDiv\" data-kiosked-role=\"boundary\">\n<div class=\"kskdDiv\" data-kioskid=\"01k2f4mx71sq7mtt6ckqm29k5z\" data-kiosked-role=\"ad-container\"><\/div>\n<\/div>\n<\/div>\n<\/figure>\n<p>El cl\u00e1sico con Racing dej\u00f3 de lado -por un rato- una de las cuestiones fundamentales que atraviesan al Mundo Boca hoy,\u00a0<a href=\"https:\/\/www.tycsports.com\/boca-juniors\/se-disolvio-el-consejo-de-boca-seguira-delgado-renunciaron-serna-y-cascini-id678302.html\" target=\"_blank\" rel=\"noopener\">tras la disoluci\u00f3n del Consejo de F\u00fatbol:<\/a>\u00a0<b>el futuro m\u00e1nager<\/b>. Ya sin Ra\u00fal Cascini ni Mauricio Serna, Juan Rom\u00e1n\u00a0<b>Riquelme tiene la decisi\u00f3n tomada de restructurar el \u00e1rea con esa figura\u00a0que acompa\u00f1e a Marcelo Delgado<\/b>, el \u00fanico que qued\u00f3 en funciones de la vieja guardia (el Patr\u00f3n Berm\u00fadez se hab\u00eda ido tiempo atr\u00e1s).<\/p>\n<div class=\"alsoReadContainer\">\n<h2 class=\"alsoReadText\">La poca efectividad de Boca y el dilema de Russo con los delanteros<\/h2>\n<\/div>\n<p><u>\u00bfC\u00f3mo est\u00e1 esa situaci\u00f3n?\u00a0<\/u>Por lo pronto, la informaci\u00f3n que surge del b\u00fanker del predio de Ezeiza es que el presidente, que se encuentra en el punto de mira del hincha como nunca por el turbulento presente del equipo,<b>\u00a0todav\u00eda no inici\u00f3 gestiones por ning\u00fan nombre en concreto.<\/b><\/p>\n<p>Seg\u00fan cuentan en el seno de la esfera Xeneize, es cuesti\u00f3n de d\u00edas que Riquelme tome la posta y levante el tel\u00e9fono para evaluar a\u00a0<a href=\"https:\/\/www.tycsports.com\/boca-juniors\/pros-y-contras-cuatro-candidatos-a-manager-boca-id678451.html\" target=\"_blank\" rel=\"noopener\">distintos candidatos<\/a>, presentarles su idea y luego escuchar una respuesta que le cuadre para terminar de elegir.<\/p>\n<p>De todas formas,\u00a0<b>las voces internas revelan que<i>\u00a0&#8220;no hay apuro&#8221;<\/i><\/b>y el proceso de rearmado post Consejo de F\u00fatbol no ser\u00e1 de la noche a la ma\u00f1ana, al margen de las urgencias deportivas y las exigencias de los hinchas cuya paciencia ya se agot\u00f3.<\/p>\n<div id=\"ad-slot-inline2\" class=\"ad-slot-inline_grande ad-slot\" data-adtype=\"inline_grande\" data-google-query-id=\"CLe6z5alhY8DFe49uQYdRA0oyw\">\n<div id=\"google_ads_iframe_\/125006397\/tyc\/nota\/inline2_0__container__\"><\/div>\n<\/div>\n<div id=\"video-genoa-870303\" class=\"videoPlayer genoa-async\" data-contentid=\"1788653\" data-share=\"https:\/\/www.tycsports.com\/boca-juniors\/como-sigue-la-busqueda-del-manager-en-boca-y-los-candidatos-de-riquelme-id679352.html\" data-playlist-related=\"true\" data-playlist=\"1788843,1788797,1788624,1788617,1788606\"><img loading=\"lazy\" decoding=\"async\" class=\"videoPlayerImg r16x9\" title=\"La reacci\u00f3n de Riquelme al gol de G\u00edmenez\" src=\"https:\/\/media.tycsports.com\/files\/2025\/08\/09\/870303\/la-reaccion-de-riquelme-al-gol-de-gimenez_416x234.webp\" srcset=\"https:\/\/media.tycsports.com\/files\/2025\/08\/09\/870303\/la-reaccion-de-riquelme-al-gol-de-gimenez_416x234.webp 960w,https:\/\/media.tycsports.com\/files\/2025\/08\/09\/870303\/la-reaccion-de-riquelme-al-gol-de-gimenez_862x485.webp 1024w\" alt=\"La reacci\u00f3n de Riquelme al gol de G\u00edmenez\" width=\"416\" height=\"234\" data-src=\"https:\/\/media.tycsports.com\/files\/2025\/08\/09\/870303\/la-reaccion-de-riquelme-al-gol-de-gimenez_416x234.webp\" data-srcset=\"https:\/\/media.tycsports.com\/files\/2025\/08\/09\/870303\/la-reaccion-de-riquelme-al-gol-de-gimenez_416x234.webp 960w,https:\/\/media.tycsports.com\/files\/2025\/08\/09\/870303\/la-reaccion-de-riquelme-al-gol-de-gimenez_862x485.webp 1024w\" \/><\/div>\n<p>Las principales versiones tienen a\u00a0<b>Jos\u00e9 Pekerman\u00a0como su opci\u00f3n predilecta y a\u00a0Carlos Navarro Montoya\u00a0como otra alternativa<\/b>\u00a0que gana fuerza, aunque en principio\u00a0<u>Rom\u00e1n sondear\u00eda a varios aspirantes al cargo.<\/u>\u00a0Por experiencia, credenciales y relaci\u00f3n con el Torero, el hist\u00f3rico DT es el que mayor asidero tiene.<\/p>\n<p>No obstante, la puja no solo se centra en esos candidatos.\u00a0<b>Alberto M\u00e1rcico<\/b>, gloria de Boca y uno de los ex jugadores que m\u00e1s banc\u00f3 a Riquelme en este duro momento de su gesti\u00f3n, tambi\u00e9n est\u00e1 en el radar junto a\u00a0<b>Claudio Borghi<\/b>, hoy parte del Comit\u00e9 Asesor de Argentinos y quien\u00a0<a href=\"https:\/\/www.tycsports.com\/boca-juniors\/la-inesperada-postura-de-borghi-sobre-ser-manager-de-boca-me-gustaria-volver-a-dirigir-id678509.html\" target=\"_blank\" rel=\"noopener\">tiene buena relaci\u00f3n con Rom\u00e1n porque lo dirigi\u00f3 en el Xeneize en 2010.<\/a><\/p>\n<div class=\"alsoReadContainer\">\n<h2 class=\"alsoReadText\">Ayrton Costa, Nicol\u00e1s Figal y Ander Herrera dejaron buenas noticias en el entrenamiento de Boca<\/h2>\n<\/div>\n<p><b>\u00bfFan\u00e1tico del Xeneize?\u00a0<\/b>Enterate\u00a0<b>todas las\u00a0<a href=\"https:\/\/www.tycsports.com\/boca-juniors.html\" target=\"_blank\" rel=\"noopener\">noticias de Boca Juniors<\/a><\/b>\u00a0a trav\u00e9s de\u00a0<b><a href=\"https:\/\/www.tycsports.com\/\" target=\"_blank\" rel=\"noopener\">TyC Sports<\/a><\/b>. Segu\u00ed nuestra p\u00e1gina en\u00a0<a href=\"https:\/\/www.facebook.com\/Boca-Juniors-en-TyC-Sports-115000173231312\/?utm_source=pienotaseo&amp;utm_medium=boca&amp;utm_campaign=facebook\" target=\"_blank\" rel=\"noopener\"><b>Facebook<\/b><\/a>\u00a0o\u00a0<b><a href=\"https:\/\/news.google.com\/publications\/CAAqBwgKMMi7kgswh_6nAw?oc=3&amp;ceid=AR:es-419?utm_source=pienotaseo&amp;utm_medium=boca&amp;utm_campaign=googlenews\" target=\"_blank\" rel=\"noopener\">Google News<\/a><\/b>. Tambi\u00e9n pod\u00e9s registrarte gratis e indicar tus\u00a0<a href=\"https:\/\/www.tycsports.com\/cognito_blank.html\"><b>preferencias para recibir notificaciones<\/b><\/a>\u00a0en tu browser o bajate nuestra APP (disponible en\u00a0<b><a href=\"https:\/\/play.google.com\/store\/apps\/details?id=com.mustmobile.tycmundial\" target=\"_blank\" rel=\"noopener\">Android<\/a>\u00a0<\/b>&amp;\u00a0<a href=\"https:\/\/itunes.apple.com\/ar\/app\/tyc-sports\/id887613794?mt=8?utm_source=pienotaseo&amp;utm_medium=boca&amp;utm_campaign=ios\" target=\"_blank\" rel=\"noopener\"><b>iOS<\/b><\/a>). Acced\u00e9 a todas las\u00a0<a href=\"https:\/\/tycsports.com\/estadisticas\/liga-profesional-de-futbol.html\" target=\"_blank\" rel=\"noopener\"><b>estad\u00edsticas de La liga profesional<\/b><\/a>\u00a0del f\u00fatbol Argentino.<\/p>\n","protected":false},"excerpt":{"rendered":"<p>Aunque Riquelme tiene decidido contratar a una figura que se sume a la estructura del f\u00fatbol tras la disoluci\u00f3n del Consejo, por ahora no se contact\u00f3 con ning\u00fan candidato e internamente aseguran que no tienen urgencias en resolverlo. \u00bfQu\u00e9 opciones baraja? Riquelme, en el sorteo de la fase de grupos del Mundial de Clubes. El [&hellip;]<\/p>\n","protected":false},"author":2,"featured_media":25526,"comment_status":"closed","ping_status":"closed","sticky":false,"template":"","format":"standard","meta":{"footnotes":""},"categories":[78,56],"tags":[],"class_list":{"0":"post-25525","1":"post","2":"type-post","3":"status-publish","4":"format-standard","5":"has-post-thumbnail","7":"category-deportes","8":"category-locales"},"_links":{"self":[{"href":"https:\/\/radiobitacora.com.ar\/web\/wp-json\/wp\/v2\/posts\/25525","targetHints":{"allow":["GET"]}}],"collection":[{"href":"https:\/\/radiobitacora.com.ar\/web\/wp-json\/wp\/v2\/posts"}],"about":[{"href":"https:\/\/radiobitacora.com.ar\/web\/wp-json\/wp\/v2\/types\/post"}],"author":[{"embeddable":true,"href":"https:\/\/radiobitacora.com.ar\/web\/wp-json\/wp\/v2\/users\/2"}],"replies":[{"embeddable":true,"href":"https:\/\/radiobitacora.com.ar\/web\/wp-json\/wp\/v2\/comments?post=25525"}],"version-history":[{"count":0,"href":"https:\/\/radiobitacora.com.ar\/web\/wp-json\/wp\/v2\/posts\/25525\/revisions"}],"wp:featuredmedia":[{"embeddable":true,"href":"https:\/\/radiobitacora.com.ar\/web\/wp-json\/wp\/v2\/media\/25526"}],"wp:attachment":[{"href":"https:\/\/radiobitacora.com.ar\/web\/wp-json\/wp\/v2\/media?parent=25525"}],"wp:term":[{"taxonomy":"category","embeddable":true,"href":"https:\/\/radiobitacora.com.ar\/web\/wp-json\/wp\/v2\/categories?post=25525"},{"taxonomy":"post_tag","embeddable":true,"href":"https:\/\/radiobitacora.com.ar\/web\/wp-json\/wp\/v2\/tags?post=25525"}],"curies":[{"name":"wp","href":"https:\/\/api.w.org\/{rel}","templated":true}]}}