{"id":25534,"date":"2025-08-13T09:29:57","date_gmt":"2025-08-13T12:29:57","guid":{"rendered":"https:\/\/radiobitacora.com.ar\/web\/?p=25534"},"modified":"2025-08-13T09:29:57","modified_gmt":"2025-08-13T12:29:57","slug":"repavimentacion-de-la-avenida-caa-guazu","status":"publish","type":"post","link":"https:\/\/radiobitacora.com.ar\/web\/2025\/08\/13\/repavimentacion-de-la-avenida-caa-guazu\/","title":{"rendered":"REPAVIMENTACI\u00d3N DE LA AVENIDA CA\u00c1 GUAZ\u00da"},"content":{"rendered":"<p style=\"font-weight: 400;\">\n<p style=\"font-weight: 400;\">En la ma\u00f1ana del martes dio inicio a los trabajos de reasfaltado de la avenida Ca\u00e1 Guaz\u00fa, con la intervenci\u00f3n de Vialidad Urbana.<\/p>\n<p style=\"font-weight: 400;\">Vale mencionar que la obra de concreto asf\u00e1ltico se desarrolla en virtud de la instalaci\u00f3n de la Planta Asf\u00e1ltica, en la Delegaci\u00f3n Goya de la Direcci\u00f3n Provincial de Vialidad.<\/p>\n<p style=\"font-weight: 400;\">De esta manera, se da cumplimiento a lo anunciado oportunamente por el intendente Mariano Hormaechea, aprovechando los beneficios otorgados por la recientemente inaugurada Planta Asf\u00e1ltica.<\/p>\n<p style=\"font-weight: 400;\">\n<p style=\"font-weight: 400;\">Atendiendo a estas obras, se solicita la necesaria colaboraci\u00f3n de los conductores al transitar por esa arteria; dejando aclarado que el tiempo que demanda el secado del concreto asf\u00e1ltico no excede m\u00e1s de 24 horas, lo cual permite realizar de manera \u00e1gil esta importante obra para nuestra ciudad.<\/p>\n<p style=\"font-weight: 400;\"><img loading=\"lazy\" decoding=\"async\" class=\"aligncenter size-full wp-image-25535\" src=\"https:\/\/radiobitacora.com.ar\/web\/wp-content\/uploads\/2025\/08\/reasfaltado-Avenida-Caa-Guazu-5.jpg\" alt=\"\" width=\"1600\" height=\"1066\" srcset=\"https:\/\/radiobitacora.com.ar\/web\/wp-content\/uploads\/2025\/08\/reasfaltado-Avenida-Caa-Guazu-5.jpg 1600w, https:\/\/radiobitacora.com.ar\/web\/wp-content\/uploads\/2025\/08\/reasfaltado-Avenida-Caa-Guazu-5-696x464.jpg 696w, https:\/\/radiobitacora.com.ar\/web\/wp-content\/uploads\/2025\/08\/reasfaltado-Avenida-Caa-Guazu-5-1068x712.jpg 1068w, https:\/\/radiobitacora.com.ar\/web\/wp-content\/uploads\/2025\/08\/reasfaltado-Avenida-Caa-Guazu-5-630x420.jpg 630w\" sizes=\"auto, (max-width: 1600px) 100vw, 1600px\" \/><\/p>\n<p style=\"font-weight: 400;\">Direcci\u00f3n de Prensa-Municipalidad de Goya<\/p>\n","protected":false},"excerpt":{"rendered":"<p>En la ma\u00f1ana del martes dio inicio a los trabajos de reasfaltado de la avenida Ca\u00e1 Guaz\u00fa, con la intervenci\u00f3n de Vialidad Urbana. Vale mencionar que la obra de concreto asf\u00e1ltico se desarrolla en virtud de la instalaci\u00f3n de la Planta Asf\u00e1ltica, en la Delegaci\u00f3n Goya de la Direcci\u00f3n Provincial de Vialidad. De esta manera, [&hellip;]<\/p>\n","protected":false},"author":2,"featured_media":25536,"comment_status":"closed","ping_status":"closed","sticky":false,"template":"","format":"standard","meta":{"footnotes":""},"categories":[56],"tags":[],"class_list":{"0":"post-25534","1":"post","2":"type-post","3":"status-publish","4":"format-standard","5":"has-post-thumbnail","7":"category-locales"},"_links":{"self":[{"href":"https:\/\/radiobitacora.com.ar\/web\/wp-json\/wp\/v2\/posts\/25534","targetHints":{"allow":["GET"]}}],"collection":[{"href":"https:\/\/radiobitacora.com.ar\/web\/wp-json\/wp\/v2\/posts"}],"about":[{"href":"https:\/\/radiobitacora.com.ar\/web\/wp-json\/wp\/v2\/types\/post"}],"author":[{"embeddable":true,"href":"https:\/\/radiobitacora.com.ar\/web\/wp-json\/wp\/v2\/users\/2"}],"replies":[{"embeddable":true,"href":"https:\/\/radiobitacora.com.ar\/web\/wp-json\/wp\/v2\/comments?post=25534"}],"version-history":[{"count":0,"href":"https:\/\/radiobitacora.com.ar\/web\/wp-json\/wp\/v2\/posts\/25534\/revisions"}],"wp:featuredmedia":[{"embeddable":true,"href":"https:\/\/radiobitacora.com.ar\/web\/wp-json\/wp\/v2\/media\/25536"}],"wp:attachment":[{"href":"https:\/\/radiobitacora.com.ar\/web\/wp-json\/wp\/v2\/media?parent=25534"}],"wp:term":[{"taxonomy":"category","embeddable":true,"href":"https:\/\/radiobitacora.com.ar\/web\/wp-json\/wp\/v2\/categories?post=25534"},{"taxonomy":"post_tag","embeddable":true,"href":"https:\/\/radiobitacora.com.ar\/web\/wp-json\/wp\/v2\/tags?post=25534"}],"curies":[{"name":"wp","href":"https:\/\/api.w.org\/{rel}","templated":true}]}}