{"id":25557,"date":"2025-08-13T19:54:35","date_gmt":"2025-08-13T22:54:35","guid":{"rendered":"https:\/\/radiobitacora.com.ar\/web\/?p=25557"},"modified":"2025-08-13T19:54:35","modified_gmt":"2025-08-13T22:54:35","slug":"lanzamiento-oficial-del-festejo-del-dia-del-nino-en-goya","status":"publish","type":"post","link":"https:\/\/radiobitacora.com.ar\/web\/2025\/08\/13\/lanzamiento-oficial-del-festejo-del-dia-del-nino-en-goya\/","title":{"rendered":"LANZAMIENTO OFICIAL DEL FESTEJO DEL &#8220;D\u00cdA DEL NI\u00d1O&#8221; EN GOYA"},"content":{"rendered":"<p>&nbsp;<\/p>\n<p>La Municipalidad de Goya invita a los medios de comunicaci\u00f3n para la cobertura del lanzamiento oficial del &#8220;D\u00eda del Ni\u00f1o&#8221;.<\/p>\n<p>El evento oficial se anunciar\u00e1 mediante una conferencia de prensa programada para este jueves 14 de agosto a las 11 horas en el Sal\u00f3n de Acuerdos del Palacio Municipal.<\/p>\n<p>Se invita a la presencia de medios, periodistas y comunicadores para dar cobertura a esta presentaci\u00f3n.<\/p>\n<p>&nbsp;<\/p>\n<p>Direcci\u00f3n de Prensa \u2013 Municipalidad de Goya.<\/p>\n","protected":false},"excerpt":{"rendered":"<p>&nbsp; La Municipalidad de Goya invita a los medios de comunicaci\u00f3n para la cobertura del lanzamiento oficial del &#8220;D\u00eda del Ni\u00f1o&#8221;. El evento oficial se anunciar\u00e1 mediante una conferencia de prensa programada para este jueves 14 de agosto a las 11 horas en el Sal\u00f3n de Acuerdos del Palacio Municipal. Se invita a la presencia [&hellip;]<\/p>\n","protected":false},"author":2,"featured_media":25558,"comment_status":"closed","ping_status":"closed","sticky":false,"template":"","format":"standard","meta":{"footnotes":""},"categories":[56],"tags":[],"class_list":{"0":"post-25557","1":"post","2":"type-post","3":"status-publish","4":"format-standard","5":"has-post-thumbnail","7":"category-locales"},"_links":{"self":[{"href":"https:\/\/radiobitacora.com.ar\/web\/wp-json\/wp\/v2\/posts\/25557","targetHints":{"allow":["GET"]}}],"collection":[{"href":"https:\/\/radiobitacora.com.ar\/web\/wp-json\/wp\/v2\/posts"}],"about":[{"href":"https:\/\/radiobitacora.com.ar\/web\/wp-json\/wp\/v2\/types\/post"}],"author":[{"embeddable":true,"href":"https:\/\/radiobitacora.com.ar\/web\/wp-json\/wp\/v2\/users\/2"}],"replies":[{"embeddable":true,"href":"https:\/\/radiobitacora.com.ar\/web\/wp-json\/wp\/v2\/comments?post=25557"}],"version-history":[{"count":0,"href":"https:\/\/radiobitacora.com.ar\/web\/wp-json\/wp\/v2\/posts\/25557\/revisions"}],"wp:featuredmedia":[{"embeddable":true,"href":"https:\/\/radiobitacora.com.ar\/web\/wp-json\/wp\/v2\/media\/25558"}],"wp:attachment":[{"href":"https:\/\/radiobitacora.com.ar\/web\/wp-json\/wp\/v2\/media?parent=25557"}],"wp:term":[{"taxonomy":"category","embeddable":true,"href":"https:\/\/radiobitacora.com.ar\/web\/wp-json\/wp\/v2\/categories?post=25557"},{"taxonomy":"post_tag","embeddable":true,"href":"https:\/\/radiobitacora.com.ar\/web\/wp-json\/wp\/v2\/tags?post=25557"}],"curies":[{"name":"wp","href":"https:\/\/api.w.org\/{rel}","templated":true}]}}