{"id":25583,"date":"2025-08-14T18:26:51","date_gmt":"2025-08-14T21:26:51","guid":{"rendered":"https:\/\/radiobitacora.com.ar\/web\/?p=25583"},"modified":"2025-08-14T18:26:51","modified_gmt":"2025-08-14T21:26:51","slug":"la-secretaria-de-educacion-genera-espacios-y-herramientas-para-la-comunidad-educativa","status":"publish","type":"post","link":"https:\/\/radiobitacora.com.ar\/web\/2025\/08\/14\/la-secretaria-de-educacion-genera-espacios-y-herramientas-para-la-comunidad-educativa\/","title":{"rendered":"LA SECRETAR\u00cdA DE EDUCACI\u00d3N GENERA ESPACIOS Y HERRAMIENTAS PARA LA COMUNIDAD EDUCATIVA"},"content":{"rendered":"<p style=\"font-weight: 400;\">La Secretar\u00eda de Educaci\u00f3n de la Municipalidad de Goya desarrolla, instrumenta y articula pol\u00edticas que tienen como fin principal garantizar el derecho a la educaci\u00f3n de calidad en todos los niveles, a trav\u00e9s de la inclusi\u00f3n e integraci\u00f3n social y la capacitaci\u00f3n profesional continua. \u201cNosotros como municipio podemos brindar herramientas y generar espacios para que los chicos tengan la oportunidad de vivir experiencias\u201d sintetiz\u00f3 este jueves la titular de esta oficina, doctora Sonia Espina.<\/p>\n<p style=\"font-weight: 400;\">Educaci\u00f3n tiene a su cargo el gobierno, la gesti\u00f3n y el compromiso de las escuelas municipales que funcionan bajo la \u00f3rbita de la Secretar\u00eda. Trabajar mancomunadamente con universidades en la mejora de la oferta acad\u00e9mica de la ciudad. La estrategia abarca -adem\u00e1s- la educaci\u00f3n formal y no formal, involucrando a la comunidad en acciones articuladas con \u00e1reas municipales y estatales.<\/p>\n<p style=\"font-weight: 400;\">\u201cUna de las mejores gestiones que hicimos fue mantener un contacto permanente con las instituciones educativas, tanto a nivel inicial, primario, secundario, terciario y universitario. As\u00ed que estamos al tanto de todos los movimientos e inquietudes de acuerdo a lo que las escuelas van necesitando, siempre dentro de los l\u00edmites que tenemos como municipio\u201d analiz\u00f3 este jueves la funcionaria.<\/p>\n<p style=\"font-weight: 400;\">Su proyecci\u00f3n social incluye actividades de extensi\u00f3n y vinculaci\u00f3n con la ciudadan\u00eda.<\/p>\n<p><img loading=\"lazy\" decoding=\"async\" class=\"wp-image-25584 alignleft\" src=\"https:\/\/radiobitacora.com.ar\/web\/wp-content\/uploads\/2025\/08\/NOTA-SONIA-1.jpeg\" alt=\"\" width=\"329\" height=\"229\" srcset=\"https:\/\/radiobitacora.com.ar\/web\/wp-content\/uploads\/2025\/08\/NOTA-SONIA-1.jpeg 1534w, https:\/\/radiobitacora.com.ar\/web\/wp-content\/uploads\/2025\/08\/NOTA-SONIA-1-100x70.jpeg 100w, https:\/\/radiobitacora.com.ar\/web\/wp-content\/uploads\/2025\/08\/NOTA-SONIA-1-696x484.jpeg 696w, https:\/\/radiobitacora.com.ar\/web\/wp-content\/uploads\/2025\/08\/NOTA-SONIA-1-1068x742.jpeg 1068w, https:\/\/radiobitacora.com.ar\/web\/wp-content\/uploads\/2025\/08\/NOTA-SONIA-1-604x420.jpeg 604w\" sizes=\"auto, (max-width: 329px) 100vw, 329px\" \/><\/p>\n<p style=\"font-weight: 400;\">2\u00aa MUESTRA DEPARTAMENTAL DE FERIA DE CIENCIA Y TECNOLOG\u00cdA<\/p>\n<p style=\"font-weight: 400;\">Este pasado mi\u00e9rcoles se llev\u00f3 a cabo en el Multiespacio Antonio Villarreal de Costa Surub\u00ed, la 2\u00aa Muestra Departamental de Feria de Ciencia y Tecnolog\u00eda. Se presentaron m\u00e1s de 200 proyectos de Ciencia y Tecnolog\u00eda. El evento educativo fue organizado por la Municipalidad de Goya, a trav\u00e9s de la Secretar\u00eda de Educaci\u00f3n en forma conjunta con la Coordinaci\u00f3n de Ciencia y Tecnolog\u00eda del Ministerio de Educaci\u00f3n de Corrientes.<\/p>\n<p style=\"font-weight: 400;\">\u201cSe gener\u00f3 un espacio donde las escuelas pudieron mostrar los trabajos que hacen en las Ferias de Ciencias de cada instituci\u00f3n, y que est\u00e1 incluida dentro de la curr\u00edcula acad\u00e9mica del a\u00f1o escolar, es parte de una competencia que tiene instancia local, zonal, regional, provincial y las escuelas trabajan durante todo el a\u00f1o\u201d explic\u00f3 la doctora Espina.<\/p>\n<p style=\"font-weight: 400;\">\u201cAdem\u00e1s se gener\u00f3 un lindo espacio para compartir con pares. Otros alumnos pudieron recorrer y conocer el trabajo de los alumnos y los padres tuvieron un lugar donde ir a ver el trabajo de sus hijos, entonces se gener\u00f3 todo este movimiento como el que tuvimos ayer\u201d reiter\u00f3.<\/p>\n<p style=\"font-weight: 400;\">Al finalizar la jornada, funcionarios, directivos y docentes entregaron reconocimientos y certificados de participaci\u00f3n a escuelas y proyectos \u201cas\u00ed que los chicos estaban felices cada vez que nombraban a su escuela y fue un momento muy lindo\u201d.<\/p>\n<p style=\"font-weight: 400;\">CONVIVENCIA ESCOLAR<\/p>\n<p style=\"font-weight: 400;\">Estas propuestas se pueden dar en un marco de desarrollo de pol\u00edticas p\u00fablicas, de promoci\u00f3n de la convivencia escolar, consolidaci\u00f3n de pol\u00edtica educativa que acompa\u00f1en a la comunidad escolar desde una perspectiva integral.<\/p>\n<p style=\"font-weight: 400;\">\u201cEl lazo que gener\u00f3 la Secretar\u00eda de Educaci\u00f3n con las escuelas es lo que permiti\u00f3 que nosotros tengamos conocimiento del trabajo que hacen a diario las escuelas, y eso permiti\u00f3 que hagamos eventos como esta Muestra Departamental, ver el esfuerzo y talento del alumnado y de los docentes, entonces empezamos a generar estas oportunidades\u201d enfatiz\u00f3.<\/p>\n<p style=\"font-weight: 400;\">PREMIO AL DOCENTE DESTACADO<\/p>\n<p style=\"font-weight: 400;\">Con este concepto de convivencia escolar, desde Educaci\u00f3n, se organizan una serie de eventos del que participa la comunidad educativa local. En uno de ellos se reconoce la labor docente y el esfuerzo del alumno. En este sentido es que la Municipalidad de Goya posee una propuesta que lleva varios a\u00f1os y que es reconocer al educador. Surge de la iniciativa de la Secretar\u00eda de Educaci\u00f3n, la decisi\u00f3n de nominar al docente destacado<\/p>\n<p style=\"font-weight: 400;\">Para la entrega de estas distinciones la Municipalidad de Goya pone en valor la funci\u00f3n social clave del docente: formar, ense\u00f1ar y transmitir un conocimiento, convencidos que todos los docentes de la ciudad son docentes destacados, pero en este mes especial &#8220;de la Educaci\u00f3n&#8221; es importante poner nombre y apellido a quienes diariamente entregan su labor y compromiso en las aulas.<\/p>\n<p style=\"font-weight: 400;\">\u201cLa semana que viene ya vamos a estar invitando por nota a todas las instituciones educativas para empezar a organizar la jornada del docente destacado que lo hacemos siempre entre el 11 y el 17 de septiembre, as\u00ed que ya vamos a estar organizando esto\u201d adelant\u00f3.<\/p>\n<p style=\"font-weight: 400;\">Otras propuestas que impulsa Educaci\u00f3n es la participaci\u00f3n en actividades durante todo el a\u00f1o como congresos educativos, talleres para alumnos, olimp\u00edadas de filosof\u00eda, tecnolog\u00eda, parlamento juvenil y concurso vial.<\/p>\n<p style=\"font-weight: 400;\">\u201cNosotros desde el Estado, de una u otra manera estamos presentes acompa\u00f1ando o d\u00e1ndole visibilidad a todos estos espacios\u201d.<\/p>\n<p style=\"font-weight: 400;\">JORNADA \u201cINTERPROMOS\u201d<\/p>\n<p style=\"font-weight: 400;\">Con gran participaci\u00f3n de los estudiantes secundarios de Goya y la Zona rural, la semana pasada se llev\u00f3 a cabo una jornada de convivencia estudiantil llamada InterPromos<\/p>\n<p style=\"font-weight: 400;\">Se desarroll\u00f3 en el Predio de Campo Amigo (Ex Massalin), esta propuesta ideada desde la Municipalidad de Goya, por medio de la Secretar\u00eda de Educaci\u00f3n con la intervenci\u00f3n de diferentes \u00e1reas municipales, Juventud, Deporte, Cultura; Obras P\u00fablicas, Luminotecnia, entre otras.<\/p>\n<p style=\"font-weight: 400;\">La convocatoria a los estudiantes del \u00faltimo a\u00f1o del nivel secundario tuvo una excelente respuesta por parte de los j\u00f3venes, encontrando interesante la proposici\u00f3n en el \u00e1mbito deportivo, recreativo, cultural, art\u00edstico.<\/p>\n<p style=\"font-weight: 400;\">\u201cEsto viene de la mano del trabajo que venimos haciendo con las escuelas. En su momento tambi\u00e9n hicimos los 8 Escalones que funcion\u00f3 muy bien al igual que la InterPromos que sali\u00f3 muy bien\u201d agreg\u00f3.<\/p>\n<p style=\"font-weight: 400;\">\u201cNosotros como municipio podemos brindar estas herramientas y generar espacios para que los chicos tengan la oportunidad de vivir esas experiencias\u201d.<\/p>\n<p style=\"font-weight: 400;\">CLINICA BLACK NAILS<\/p>\n<p style=\"font-weight: 400;\">Finalmente, la funcionaria sintetiz\u00f3 las \u00faltimas actividades que iniciaron esta semana en las escuelas municipales.<\/p>\n<p style=\"font-weight: 400;\">Hoy jueves -por ejemplo- en la Escuela Antonio R Villarreal se desarroll\u00f3 una cl\u00ednica a cargo de la Profesora Jesica Ben\u00edtez.<\/p>\n<p style=\"font-weight: 400;\">Los destinatarios de la jornada son estudiantes de los tres cursos de capacitaci\u00f3n en Manicura que se dictan en las escuelas municipales Antonio R Villarreal y Nuestra Se\u00f1ora de Itat\u00ed, con el prop\u00f3sito de fortalecer el trabajo en grupo y acercar los conocimientos sobre la T\u00e9cnica Black Nails Art. Vale destacar que el acceso para participar fue libre y gratuito.<\/p>\n<p style=\"font-weight: 400;\">Estas instituciones tambi\u00e9n iniciaron Cursos: expertos en manicura, blanqueria, maquillaje social, perfilado de cejas que son los cursos del momento.<\/p>\n<p style=\"font-weight: 400;\">\n<p style=\"font-weight: 400;\">\n<p style=\"font-weight: 400;\">Direcci\u00f3n de Prensa \u2013 Municipalidad de Goya.<\/p>\n","protected":false},"excerpt":{"rendered":"<p>La Secretar\u00eda de Educaci\u00f3n de la Municipalidad de Goya desarrolla, instrumenta y articula pol\u00edticas que tienen como fin principal garantizar el derecho a la educaci\u00f3n de calidad en todos los niveles, a trav\u00e9s de la inclusi\u00f3n e integraci\u00f3n social y la capacitaci\u00f3n profesional continua. \u201cNosotros como municipio podemos brindar herramientas y generar espacios para que [&hellip;]<\/p>\n","protected":false},"author":2,"featured_media":25585,"comment_status":"closed","ping_status":"closed","sticky":false,"template":"","format":"standard","meta":{"footnotes":""},"categories":[56],"tags":[],"class_list":{"0":"post-25583","1":"post","2":"type-post","3":"status-publish","4":"format-standard","5":"has-post-thumbnail","7":"category-locales"},"_links":{"self":[{"href":"https:\/\/radiobitacora.com.ar\/web\/wp-json\/wp\/v2\/posts\/25583","targetHints":{"allow":["GET"]}}],"collection":[{"href":"https:\/\/radiobitacora.com.ar\/web\/wp-json\/wp\/v2\/posts"}],"about":[{"href":"https:\/\/radiobitacora.com.ar\/web\/wp-json\/wp\/v2\/types\/post"}],"author":[{"embeddable":true,"href":"https:\/\/radiobitacora.com.ar\/web\/wp-json\/wp\/v2\/users\/2"}],"replies":[{"embeddable":true,"href":"https:\/\/radiobitacora.com.ar\/web\/wp-json\/wp\/v2\/comments?post=25583"}],"version-history":[{"count":0,"href":"https:\/\/radiobitacora.com.ar\/web\/wp-json\/wp\/v2\/posts\/25583\/revisions"}],"wp:featuredmedia":[{"embeddable":true,"href":"https:\/\/radiobitacora.com.ar\/web\/wp-json\/wp\/v2\/media\/25585"}],"wp:attachment":[{"href":"https:\/\/radiobitacora.com.ar\/web\/wp-json\/wp\/v2\/media?parent=25583"}],"wp:term":[{"taxonomy":"category","embeddable":true,"href":"https:\/\/radiobitacora.com.ar\/web\/wp-json\/wp\/v2\/categories?post=25583"},{"taxonomy":"post_tag","embeddable":true,"href":"https:\/\/radiobitacora.com.ar\/web\/wp-json\/wp\/v2\/tags?post=25583"}],"curies":[{"name":"wp","href":"https:\/\/api.w.org\/{rel}","templated":true}]}}