{"id":25593,"date":"2025-08-14T18:44:10","date_gmt":"2025-08-14T21:44:10","guid":{"rendered":"https:\/\/radiobitacora.com.ar\/web\/?p=25593"},"modified":"2025-08-14T18:44:26","modified_gmt":"2025-08-14T21:44:26","slug":"con-renovadas-propuestas-este-jueves-dio-inicio-el-mayor-concurso-de-manchas-del-nea","status":"publish","type":"post","link":"https:\/\/radiobitacora.com.ar\/web\/2025\/08\/14\/con-renovadas-propuestas-este-jueves-dio-inicio-el-mayor-concurso-de-manchas-del-nea\/","title":{"rendered":"CON RENOVADAS PROPUESTAS, ESTE JUEVES DIO INICIO EL MAYOR CONCURSO DE MANCHAS DEL NEA"},"content":{"rendered":"<p style=\"font-weight: 400;\">XXI Pintemos Goya 2025:<\/p>\n<p style=\"font-weight: 400;\">Este certamen, \u00fanico por sus caracter\u00edsticas, ha logrado instaurarse en la escena art\u00edstica regional y nacional, convocando a centenares de artistas del pa\u00eds, promoviendo as\u00ed una mirada federal en el campo de las artes.<\/p>\n<p style=\"font-weight: 400;\">Desde este jueves, pintores paisajistas de todo el pa\u00eds se dan cita por el concurso nacional de manchas \u201cPintemos Goya\u201d. Del 14 al 17 de agosto nuestra ciudad es sede del 21\u00ba Encuentro de Pintores de todo el pa\u00eds<\/p>\n<p><img loading=\"lazy\" decoding=\"async\" class=\"wp-image-25594 alignleft\" src=\"https:\/\/radiobitacora.com.ar\/web\/wp-content\/uploads\/2025\/08\/PINTEMOS-GOYA-2.jpeg\" alt=\"\" width=\"434\" height=\"289\" srcset=\"https:\/\/radiobitacora.com.ar\/web\/wp-content\/uploads\/2025\/08\/PINTEMOS-GOYA-2.jpeg 1600w, https:\/\/radiobitacora.com.ar\/web\/wp-content\/uploads\/2025\/08\/PINTEMOS-GOYA-2-696x464.jpeg 696w, https:\/\/radiobitacora.com.ar\/web\/wp-content\/uploads\/2025\/08\/PINTEMOS-GOYA-2-1068x712.jpeg 1068w, https:\/\/radiobitacora.com.ar\/web\/wp-content\/uploads\/2025\/08\/PINTEMOS-GOYA-2-630x420.jpeg 630w\" sizes=\"auto, (max-width: 434px) 100vw, 434px\" \/><\/p>\n<p style=\"font-weight: 400;\">En las categor\u00edas: profesionales, aficionados, local, acuarela y ganador de ganadores.<\/p>\n<p style=\"font-weight: 400;\">M\u00e1s de un centenar de pinceles retratan los encantos naturales de la localidad, paisajes, su gente, cultura, naturaleza y costumbres.<\/p>\n<p style=\"font-weight: 400;\">Este jueves a las 8 de la ma\u00f1ana, funcionarios municipales y organizadores dieron la bienvenida en la centenaria Casa de la Cultura con desayuno criollo consistente en tortas fritas y mate cocido a los primeros lienzos. Estos, luego del timbrado de telas se fueron ubicando dentro de la Casa de la Cultura y en el Patio de las Palmeras para empezar a desandar el camino de las manchas. Otros tantos artistas se repartieron en lugares emblem\u00e1ticos de la \u201cPetit Paris\u201d para retratar sus rincones hist\u00f3ricos y naturales como costa del Riacho Goya, plaza Mitre, Isla Las Damas y los paseos solariegos de la segunda ciudad de la provincia.<\/p>\n<p style=\"font-weight: 400;\">A las 20 horas est\u00e1 previsto en Casa de la Cultura la tradicional Pe\u00f1a de los Pintores con la participaci\u00f3n del Polif\u00f3nico Municipal &#8220;Elidia Andino&#8221;, Pintura en vivo por Brian Fern\u00e1ndez, la actuaci\u00f3n de Los Gauchos Litorale\u00f1os y micr\u00f3fono abierto. A esta gala, con buffet y servicio de cantina, est\u00e1n invitados todos aquellos que quieran disfrutar de un momento de m\u00fasica y danza junto a los artistas pl\u00e1sticos.<\/p>\n<p style=\"font-weight: 400;\">Cabe se\u00f1alar que este viernes, desde las 8 de la ma\u00f1ana, la organizaci\u00f3n seguir\u00e1 inscribiendo a los pintores locales y for\u00e1neos.<\/p>\n<p style=\"font-weight: 400;\">CRONOGRAMA DE ACTIVIDADES<\/p>\n<p style=\"font-weight: 400;\">VIERNES 15<\/p>\n<p style=\"font-weight: 400;\">8 hs<\/p>\n<p style=\"font-weight: 400;\">Recepci\u00f3n Participantes<\/p>\n<p style=\"font-weight: 400;\">Inscripci\u00f3n<\/p>\n<p style=\"font-weight: 400;\">Timbrado de Telas<\/p>\n<p style=\"font-weight: 400;\">Inicio Concurso<\/p>\n<p style=\"font-weight: 400;\">9 hs City Tours (arancelado)<\/p>\n<p style=\"font-weight: 400;\">17,30 Coro Infanto Juvenil<\/p>\n<p style=\"font-weight: 400;\">19 hs Recepci\u00f3n obras en guarda<\/p>\n<p style=\"font-weight: 400;\">21 hs Amore M\u00edo (Soc. Italiana)<\/p>\n<p style=\"font-weight: 400;\">S\u00c1BADO 16<\/p>\n<p style=\"font-weight: 400;\">8 hs Recepci\u00f3n Participantes<\/p>\n<p style=\"font-weight: 400;\">Inscripci\u00f3n<\/p>\n<p style=\"font-weight: 400;\">Timbrado de Telas<\/p>\n<p style=\"font-weight: 400;\">Inicio Concurso<\/p>\n<p style=\"font-weight: 400;\">9 hs Inicio Pintemos Goya Juvenil<\/p>\n<p style=\"font-weight: 400;\">10 hs Escuela de M\u00fasica Alcides Romero<\/p>\n<p style=\"font-weight: 400;\">18 hs Recepci\u00f3n obras en guarda<\/p>\n<p style=\"font-weight: 400;\">21 hs Cena Show<\/p>\n<p style=\"font-weight: 400;\">Orquesta Municipal<\/p>\n<p style=\"font-weight: 400;\">DOMINGO 17<\/p>\n<p style=\"font-weight: 400;\">10 hs Apertura Muestra<\/p>\n<p style=\"font-weight: 400;\">10,30 Entrega de premios<\/p>\n<p style=\"font-weight: 400;\">12 hs Retiro de Obras<\/p>\n<p style=\"font-weight: 400;\">Direcci\u00f3n de Prensa &#8211; Municipalidad de Goya.<\/p>\n","protected":false},"excerpt":{"rendered":"<p>XXI Pintemos Goya 2025: Este certamen, \u00fanico por sus caracter\u00edsticas, ha logrado instaurarse en la escena art\u00edstica regional y nacional, convocando a centenares de artistas del pa\u00eds, promoviendo as\u00ed una mirada federal en el campo de las artes. Desde este jueves, pintores paisajistas de todo el pa\u00eds se dan cita por el concurso nacional de [&hellip;]<\/p>\n","protected":false},"author":2,"featured_media":25595,"comment_status":"closed","ping_status":"closed","sticky":false,"template":"","format":"standard","meta":{"footnotes":""},"categories":[56],"tags":[],"class_list":{"0":"post-25593","1":"post","2":"type-post","3":"status-publish","4":"format-standard","5":"has-post-thumbnail","7":"category-locales"},"_links":{"self":[{"href":"https:\/\/radiobitacora.com.ar\/web\/wp-json\/wp\/v2\/posts\/25593","targetHints":{"allow":["GET"]}}],"collection":[{"href":"https:\/\/radiobitacora.com.ar\/web\/wp-json\/wp\/v2\/posts"}],"about":[{"href":"https:\/\/radiobitacora.com.ar\/web\/wp-json\/wp\/v2\/types\/post"}],"author":[{"embeddable":true,"href":"https:\/\/radiobitacora.com.ar\/web\/wp-json\/wp\/v2\/users\/2"}],"replies":[{"embeddable":true,"href":"https:\/\/radiobitacora.com.ar\/web\/wp-json\/wp\/v2\/comments?post=25593"}],"version-history":[{"count":0,"href":"https:\/\/radiobitacora.com.ar\/web\/wp-json\/wp\/v2\/posts\/25593\/revisions"}],"wp:featuredmedia":[{"embeddable":true,"href":"https:\/\/radiobitacora.com.ar\/web\/wp-json\/wp\/v2\/media\/25595"}],"wp:attachment":[{"href":"https:\/\/radiobitacora.com.ar\/web\/wp-json\/wp\/v2\/media?parent=25593"}],"wp:term":[{"taxonomy":"category","embeddable":true,"href":"https:\/\/radiobitacora.com.ar\/web\/wp-json\/wp\/v2\/categories?post=25593"},{"taxonomy":"post_tag","embeddable":true,"href":"https:\/\/radiobitacora.com.ar\/web\/wp-json\/wp\/v2\/tags?post=25593"}],"curies":[{"name":"wp","href":"https:\/\/api.w.org\/{rel}","templated":true}]}}