{"id":25598,"date":"2025-08-14T18:46:42","date_gmt":"2025-08-14T21:46:42","guid":{"rendered":"https:\/\/radiobitacora.com.ar\/web\/?p=25598"},"modified":"2025-08-14T18:46:42","modified_gmt":"2025-08-14T21:46:42","slug":"este-viernes-no-habra-atencion-al-publico-en-la-municipalidad-de-goya","status":"publish","type":"post","link":"https:\/\/radiobitacora.com.ar\/web\/2025\/08\/14\/este-viernes-no-habra-atencion-al-publico-en-la-municipalidad-de-goya\/","title":{"rendered":"ESTE VIERNES NO HABR\u00c1 ATENCI\u00d3N AL P\u00daBLICO EN LA MUNICIPALIDAD DE GOYA"},"content":{"rendered":"<p style=\"font-weight: 400;\">\n<p style=\"font-weight: 400;\">El Gobierno nacional estableci\u00f3 un d\u00eda no laborable con fines tur\u00edsticos este viernes 15 de agosto.<\/p>\n<p style=\"font-weight: 400;\">La Municipalidad de Goya informa que sus oficinas de atenci\u00f3n al p\u00fablico permanecer\u00e1n cerradas este viernes en el marco del asueto con fines tur\u00edsticos establecido a nivel nacional.<\/p>\n<p style=\"font-weight: 400;\">El 15 de agosto recuerda tambi\u00e9n la batalla de La Vuelta de Obligado, un hecho hist\u00f3rico que forma parte del calendario nacional.<\/p>\n<p style=\"font-weight: 400;\">Adem\u00e1s la Municipalidad de Goya comunica que la prestaci\u00f3n de servicios esenciales\u00a0 se mantendr\u00e1n guardias en las dependencias municipales que as\u00ed lo requieran.<\/p>\n<p style=\"font-weight: 400;\">\n<p style=\"font-weight: 400;\">\n<p style=\"font-weight: 400;\">Direcci\u00f3n de Prensa \u2013 Municipalidad de Goya.<\/p>\n","protected":false},"excerpt":{"rendered":"<p>El Gobierno nacional estableci\u00f3 un d\u00eda no laborable con fines tur\u00edsticos este viernes 15 de agosto. La Municipalidad de Goya informa que sus oficinas de atenci\u00f3n al p\u00fablico permanecer\u00e1n cerradas este viernes en el marco del asueto con fines tur\u00edsticos establecido a nivel nacional. El 15 de agosto recuerda tambi\u00e9n la batalla de La Vuelta [&hellip;]<\/p>\n","protected":false},"author":2,"featured_media":25599,"comment_status":"closed","ping_status":"closed","sticky":false,"template":"","format":"standard","meta":{"footnotes":""},"categories":[56],"tags":[],"class_list":{"0":"post-25598","1":"post","2":"type-post","3":"status-publish","4":"format-standard","5":"has-post-thumbnail","7":"category-locales"},"_links":{"self":[{"href":"https:\/\/radiobitacora.com.ar\/web\/wp-json\/wp\/v2\/posts\/25598","targetHints":{"allow":["GET"]}}],"collection":[{"href":"https:\/\/radiobitacora.com.ar\/web\/wp-json\/wp\/v2\/posts"}],"about":[{"href":"https:\/\/radiobitacora.com.ar\/web\/wp-json\/wp\/v2\/types\/post"}],"author":[{"embeddable":true,"href":"https:\/\/radiobitacora.com.ar\/web\/wp-json\/wp\/v2\/users\/2"}],"replies":[{"embeddable":true,"href":"https:\/\/radiobitacora.com.ar\/web\/wp-json\/wp\/v2\/comments?post=25598"}],"version-history":[{"count":0,"href":"https:\/\/radiobitacora.com.ar\/web\/wp-json\/wp\/v2\/posts\/25598\/revisions"}],"wp:featuredmedia":[{"embeddable":true,"href":"https:\/\/radiobitacora.com.ar\/web\/wp-json\/wp\/v2\/media\/25599"}],"wp:attachment":[{"href":"https:\/\/radiobitacora.com.ar\/web\/wp-json\/wp\/v2\/media?parent=25598"}],"wp:term":[{"taxonomy":"category","embeddable":true,"href":"https:\/\/radiobitacora.com.ar\/web\/wp-json\/wp\/v2\/categories?post=25598"},{"taxonomy":"post_tag","embeddable":true,"href":"https:\/\/radiobitacora.com.ar\/web\/wp-json\/wp\/v2\/tags?post=25598"}],"curies":[{"name":"wp","href":"https:\/\/api.w.org\/{rel}","templated":true}]}}