{"id":25630,"date":"2025-08-18T19:49:25","date_gmt":"2025-08-18T22:49:25","guid":{"rendered":"https:\/\/radiobitacora.com.ar\/web\/?p=25630"},"modified":"2025-08-18T19:49:25","modified_gmt":"2025-08-18T22:49:25","slug":"este-martes-el-exitoso-programa-municipal-cumple-10-anos-de-servicio-gratuito","status":"publish","type":"post","link":"https:\/\/radiobitacora.com.ar\/web\/2025\/08\/18\/este-martes-el-exitoso-programa-municipal-cumple-10-anos-de-servicio-gratuito\/","title":{"rendered":"ESTE MARTES, EL EXITOSO PROGRAMA MUNICIPAL CUMPLE 10 A\u00d1OS DE SERVICIO GRATUITO\u00a0"},"content":{"rendered":"<p style=\"font-weight: 400;\">Espalda Saludable:<\/p>\n<p style=\"font-weight: 400;\">\n<p style=\"font-weight: 400;\">Este martes 19 de agosto desde las 9: 30 horas, en el CIC Sur se realizar\u00e1 un acto para festejar por los \u201c10 A\u00f1os de Espalda Saludable\u201d. El intendente municipal, Mariano Hormaechea y el subsecretario de APS, Emilio Mart\u00ednez encabezar\u00e1n la ceremonia.<\/p>\n<p style=\"font-weight: 400;\">Los problemas de espalda son la principal consulta a neur\u00f3logos, traumat\u00f3logos y kinesi\u00f3logos y la octava causa de visita al m\u00e9dico, superando a la fiebre, los dolores de rodilla y de cabeza.<\/p>\n<p style=\"font-weight: 400;\">El dolor de espalda constituye un padecimiento muy frecuente, se estima que entre el 60 y 90% de la poblaci\u00f3n sufre dolor lumbar en alg\u00fan momento a lo largo de su vida. Pero no solo en la poblaci\u00f3n general, sino tambi\u00e9n en la laboral (individuos entre 20 y 65 a\u00f1os), siendo uno de los principales motivos de ausentismo y de discapacidad. Incluso ha llegado a ser la primera causa de incapacidad en menores de 45 a\u00f1os.<\/p>\n<p style=\"font-weight: 400;\">Durante estos 10 a\u00f1os, el programa municipal ha estado siempre presente, apoyando a quienes trabajan con esfuerzo f\u00edsico, a los sectores m\u00e1s vulnerables y sin cobertura de salud privada.<\/p>\n<p style=\"font-weight: 400;\">Este enfoque del mencionado programa es llevado adelante por el kinesi\u00f3logo, licenciado Martin Moro en el CIC Sur.<\/p>\n<p style=\"font-weight: 400;\">Se demostr\u00f3 que determinadas ocupaciones est\u00e1n relacionadas con mayor frecuencia con el dolor de espalda, y con la aparici\u00f3n de la lumbalgia como es el trabajo rural -por ejemplo- por los factores de riesgo que conlleva esta labor como: levantar cargas pesadas, realizar trabajos f\u00edsicos importantes o actitudes posturales repetitivas.<\/p>\n<p style=\"font-weight: 400;\">SUBSECRETARIO DE APS<\/p>\n<p style=\"font-weight: 400;\">\u201cEn atenci\u00f3n primaria de la salud el dolor de espalda es una de las dolencias m\u00e1s comunes y de visita de pacientes a diario en CIC Sur\u201d opin\u00f3 el doctor Emilio Mart\u00ednez.<\/p>\n<p style=\"font-weight: 400;\">\u201cTenemos una poblaci\u00f3n rural importante con lumbalgia que es uno de los problemas m\u00e1s comunes por el cual consulta la gente y este programa trata de dar soluciones y es lo que nosotros pregonamos desde Atenci\u00f3n Primaria de la Salud que es la prevenci\u00f3n y la promoci\u00f3n de h\u00e1bitos saludables\u201d consider\u00f3 Mart\u00ednez.<\/p>\n<p style=\"font-weight: 400;\">\u201cEste programa est\u00e1 orientado al servicio de la gente que no posee cobertura m\u00e9dica, que necesita este tipo de atenci\u00f3n. Llevando la equidad como bandera, tratando de que los servicios de salud lleguen a los que menos tienen, que es nuestra poblaci\u00f3n objetivo: la m\u00e1s vulnerable\u201d se\u00f1al\u00f3 el funcionario.<\/p>\n<p style=\"font-weight: 400;\">\u201cPor eso estamos con nuestras siete salas en los barrios perif\u00e9ricos de la ciudad y donde la salud municipal es totalmente gratuita\u201d remarc\u00f3.<\/p>\n<p style=\"font-weight: 400;\">Agradeci\u00f3 la atenci\u00f3n profesional de la doctora Julieta Pitton y del licenciado Moro quienes llevan adelante este programa que este martes va a cumplir 10 a\u00f1os de servicio a la ciudadan\u00eda. En este sentido invit\u00f3 a acompa\u00f1ar esta jornada a los vecinos del CIC Sur, a periodistas y Medios de Comunicaci\u00f3n, pacientes y a la comunidad toda.<\/p>\n<p style=\"font-weight: 400;\">PROGRAMA DE ACTO<\/p>\n<p style=\"font-weight: 400;\">9:30 horas: Recepci\u00f3n de invitados y prensa<\/p>\n<p style=\"font-weight: 400;\">10:00 horas: Palabras de Bienvenida a cargo del Coordinador del Programa Lic. Martin Moro; palabras a cargo del Secretario de Desarrollo Humano Julio Canteros, el Subsecretario de Salud Dr. Emilio Mart\u00ednez y el Intendente Mariano Hormaechea.<\/p>\n<p style=\"font-weight: 400;\">-El Coordinador har\u00e1 un breve balance e historia del Programa. Presentaci\u00f3n de resultados e impacto en la Comunidad.<\/p>\n<p style=\"font-weight: 400;\">&#8211; \u201cDiabetes, Enfermedad Silenciosa: Acciones y Resultados, Gesti\u00f3n L\u00ednea PNM y Cs\u201d a cargo de la Dra. Julieta Pitton<\/p>\n<p style=\"font-weight: 400;\">10:45 horas: Testimonios de Pacientes invitados<\/p>\n<p style=\"font-weight: 400;\">11:00 horas: Refrigerio de cierre.<\/p>\n<p style=\"font-weight: 400;\">Fotos y agradecimiento final<\/p>\n<p style=\"font-weight: 400;\">\n<p style=\"font-weight: 400;\">\n<p style=\"font-weight: 400;\">\n<p style=\"font-weight: 400;\">\u00a0Direcci\u00f3n de Prensa \u2013 Municipalidad de Goya<\/p>\n<p style=\"font-weight: 400;\">\n","protected":false},"excerpt":{"rendered":"<p>Espalda Saludable: Este martes 19 de agosto desde las 9: 30 horas, en el CIC Sur se realizar\u00e1 un acto para festejar por los \u201c10 A\u00f1os de Espalda Saludable\u201d. El intendente municipal, Mariano Hormaechea y el subsecretario de APS, Emilio Mart\u00ednez encabezar\u00e1n la ceremonia. Los problemas de espalda son la principal consulta a neur\u00f3logos, traumat\u00f3logos [&hellip;]<\/p>\n","protected":false},"author":2,"featured_media":25631,"comment_status":"closed","ping_status":"closed","sticky":false,"template":"","format":"standard","meta":{"footnotes":""},"categories":[56],"tags":[],"class_list":{"0":"post-25630","1":"post","2":"type-post","3":"status-publish","4":"format-standard","5":"has-post-thumbnail","7":"category-locales"},"_links":{"self":[{"href":"https:\/\/radiobitacora.com.ar\/web\/wp-json\/wp\/v2\/posts\/25630","targetHints":{"allow":["GET"]}}],"collection":[{"href":"https:\/\/radiobitacora.com.ar\/web\/wp-json\/wp\/v2\/posts"}],"about":[{"href":"https:\/\/radiobitacora.com.ar\/web\/wp-json\/wp\/v2\/types\/post"}],"author":[{"embeddable":true,"href":"https:\/\/radiobitacora.com.ar\/web\/wp-json\/wp\/v2\/users\/2"}],"replies":[{"embeddable":true,"href":"https:\/\/radiobitacora.com.ar\/web\/wp-json\/wp\/v2\/comments?post=25630"}],"version-history":[{"count":0,"href":"https:\/\/radiobitacora.com.ar\/web\/wp-json\/wp\/v2\/posts\/25630\/revisions"}],"wp:featuredmedia":[{"embeddable":true,"href":"https:\/\/radiobitacora.com.ar\/web\/wp-json\/wp\/v2\/media\/25631"}],"wp:attachment":[{"href":"https:\/\/radiobitacora.com.ar\/web\/wp-json\/wp\/v2\/media?parent=25630"}],"wp:term":[{"taxonomy":"category","embeddable":true,"href":"https:\/\/radiobitacora.com.ar\/web\/wp-json\/wp\/v2\/categories?post=25630"},{"taxonomy":"post_tag","embeddable":true,"href":"https:\/\/radiobitacora.com.ar\/web\/wp-json\/wp\/v2\/tags?post=25630"}],"curies":[{"name":"wp","href":"https:\/\/api.w.org\/{rel}","templated":true}]}}