{"id":25700,"date":"2025-08-22T09:39:16","date_gmt":"2025-08-22T12:39:16","guid":{"rendered":"https:\/\/radiobitacora.com.ar\/web\/?p=25700"},"modified":"2025-08-22T09:39:16","modified_gmt":"2025-08-22T12:39:16","slug":"estudiantes-del-ultimo-ano-de-la-escuela-tecnica-arq-francisco-pinaroli-conocieron-los-avances-de-la-nueva-costanera","status":"publish","type":"post","link":"https:\/\/radiobitacora.com.ar\/web\/2025\/08\/22\/estudiantes-del-ultimo-ano-de-la-escuela-tecnica-arq-francisco-pinaroli-conocieron-los-avances-de-la-nueva-costanera\/","title":{"rendered":"ESTUDIANTES DEL \u00daLTIMO A\u00d1O DE LA ESCUELA T\u00c9CNICA \u201cARQ. FRANCISCO PINAROLI\u201d CONOCIERON LOS AVANCES DE LA NUEVA COSTANERA"},"content":{"rendered":"<p style=\"font-weight: 400;\">\n<p style=\"font-weight: 400;\">Como parte de su plan de estudios, los alumnos del 7\u00ba a\u00f1o de la escuela t\u00e9cnica visitaron y observaron en terreno la obra de la nueva costanera local.<\/p>\n<p style=\"font-weight: 400;\">\n<p style=\"font-weight: 400;\">Continuando con el desarrollo de Gesti\u00f3n de Riesgo H\u00eddrico, en \u00e9sta oportunidad se realiz\u00f3 la recorrida por la obra con los estudiantes, profesores y directivos de la instituci\u00f3n educativa, entre quienes se destaca su rectora, la Arq. Lidia Mochi, y el profesor de Instalaciones, Construcciones Met\u00e1licas, de Madera y Proyecto, Arq. Aldo Roberto Pucheta.<\/p>\n<p style=\"font-weight: 400;\"><img loading=\"lazy\" decoding=\"async\" class=\"aligncenter size-full wp-image-25701\" src=\"https:\/\/radiobitacora.com.ar\/web\/wp-content\/uploads\/2025\/08\/VISITA-DE-ESC-TECNICA-A-LA-COSTANERA-9.jpg\" alt=\"\" width=\"1600\" height=\"900\" srcset=\"https:\/\/radiobitacora.com.ar\/web\/wp-content\/uploads\/2025\/08\/VISITA-DE-ESC-TECNICA-A-LA-COSTANERA-9.jpg 1600w, https:\/\/radiobitacora.com.ar\/web\/wp-content\/uploads\/2025\/08\/VISITA-DE-ESC-TECNICA-A-LA-COSTANERA-9-696x392.jpg 696w, https:\/\/radiobitacora.com.ar\/web\/wp-content\/uploads\/2025\/08\/VISITA-DE-ESC-TECNICA-A-LA-COSTANERA-9-1068x601.jpg 1068w, https:\/\/radiobitacora.com.ar\/web\/wp-content\/uploads\/2025\/08\/VISITA-DE-ESC-TECNICA-A-LA-COSTANERA-9-747x420.jpg 747w\" sizes=\"auto, (max-width: 1600px) 100vw, 1600px\" \/><\/p>\n<p style=\"font-weight: 400;\">En la visita a la mega obra, acompa\u00f1\u00f3 la observaci\u00f3n de los trabajos el intendente Mariano Hormaechea, quien dio a conocer detalles y explic\u00f3 los avances de esta fundamental e importante obra, acompa\u00f1ado por el concejal Sebasti\u00e1n Mazzaro, el director de Prensa Ra\u00fal Alejandro Medina, el coordinador de Comunicaci\u00f3n Digital Juan Pablo Mart\u00ednez, el administrador del PRODEGO Ing. Gustavo Gabiassi y el jefe de Obras, Ing. Mat\u00edas Diez. Estos \u00faltimos brindaron aspectos t\u00e9cnicos de la Nueva Costanera y puesta en valor de la plaza Italia.<\/p>\n<p style=\"font-weight: 400;\">\n<p style=\"font-weight: 400;\">MARIANO HORMAECHEA<\/p>\n<p style=\"font-weight: 400;\">El intendente Mariano Hormaechea, al tomar contacto con los estudiantes, la rectora y profesor de la Escuela T\u00e9cnica, rese\u00f1\u00f3: \u201cEstamos haciendo diferentes recorridas donde podemos mostrar los avances de esta mega obra, nuestra nueva costanera, y ya lo hicimos con la prensa, los concejales, la c\u00e1mara empresarial, comercial\u2026; y en este caso, aunque conocemos la ansiedad, la misma que tenemos nosotros para que concluya, no se trata solo de observar, sino de que sirva en el aspecto educativo en ese proceso suyos de aprendizaje\u201d.<\/p>\n<p style=\"font-weight: 400;\">\n<p style=\"font-weight: 400;\">\u201cNo obstante, es bueno remontarnos a c\u00f3mo surge esta propuesta: en el a\u00f1o 2022, el socavamiento de 40 metros, con algunas consecuencias, a partir de ah\u00ed el gobernador Gustavo Vald\u00e9s, en el HCD, nos convoc\u00f3 a los goyanos para informar la decisi\u00f3n de hacer una nueva costanera a partir de esa contingencia. Desde ese momento se comenz\u00f3 a trabajar en la contenci\u00f3n con la volcada de camiones de piedra bas\u00e1ltica, con una extensi\u00f3n de 400 metros, hasta el N\u00e1utico; con la intervenci\u00f3n del PROGEDO, Y respetando el proyecto ejecutivo de defensa\u201d.<\/p>\n<p style=\"font-weight: 400;\">\n<p style=\"font-weight: 400;\">\u201cA partir de esa iniciativa del Gobierno se llam\u00f3 a licitaci\u00f3n para que la empresa adjudicada comience esta obra. Se fueron dando cada una de las etapas, incluyendo la revalorizaci\u00f3n de la plaza Italia, con una mirada diferente, la visi\u00f3n de darle prioridad al peat\u00f3n, de tener una ventana al r\u00edo. Los detalles t\u00e9cnicos recibir\u00e1n de parte del jefe t\u00e9cnico de la empresa, lo importante es que sepan que\u00a0<strong>el Gobierno Provincial planific\u00f3 darnos esta nueva costanera, y nosotros fuimos trabajando para complementar esta mega obra<\/strong>. En ese sentido hemos recuperado el espacio de la Prefectura, con la firma correspondiente, as\u00ed contaremos con otro espacio costero\u201d.<\/p>\n<p style=\"font-weight: 400;\"><img loading=\"lazy\" decoding=\"async\" class=\"aligncenter size-full wp-image-25702\" src=\"https:\/\/radiobitacora.com.ar\/web\/wp-content\/uploads\/2025\/08\/VISITA-DE-ESC-TECNICA-A-LA-COSTANERA-6.jpg\" alt=\"\" width=\"1600\" height=\"900\" srcset=\"https:\/\/radiobitacora.com.ar\/web\/wp-content\/uploads\/2025\/08\/VISITA-DE-ESC-TECNICA-A-LA-COSTANERA-6.jpg 1600w, https:\/\/radiobitacora.com.ar\/web\/wp-content\/uploads\/2025\/08\/VISITA-DE-ESC-TECNICA-A-LA-COSTANERA-6-696x392.jpg 696w, https:\/\/radiobitacora.com.ar\/web\/wp-content\/uploads\/2025\/08\/VISITA-DE-ESC-TECNICA-A-LA-COSTANERA-6-1068x601.jpg 1068w, https:\/\/radiobitacora.com.ar\/web\/wp-content\/uploads\/2025\/08\/VISITA-DE-ESC-TECNICA-A-LA-COSTANERA-6-747x420.jpg 747w\" sizes=\"auto, (max-width: 1600px) 100vw, 1600px\" \/><\/p>\n<p style=\"font-weight: 400;\">\u201c<strong>En el mismo rumbo tenemos proyectado ampliar ese paseo costero hacia el norte de la ciudad<\/strong>, con esta nueva visi\u00f3n, no de espalda sino de frente al r\u00edo, teniendo en cuenta el crecimiento de la ciudad,\u00a0<strong>para darle el valor para la oferta tur\u00edstica\u201d.<\/strong><\/p>\n<p style=\"font-weight: 400;\"><strong>\u00a0<\/strong><\/p>\n<p style=\"font-weight: 400;\">\u201cPor eso es bueno que Uds. como estudiantes puedan conocer en pleno trabajo los avances de esta obra y pueda ser de utilidad para su formaci\u00f3n como egresados de la Escuela T\u00e9cnica\u201d, destac\u00f3 Hormaechea.<\/p>\n<p style=\"font-weight: 400;\">\n<p style=\"font-weight: 400;\">Como parte del proceso de aprendizaje de los estudiantes del \u00faltimo a\u00f1o de su formaci\u00f3n t\u00e9cnica, en la asignatura construcciones,\u00a0<strong>pudieron hacer su pr\u00e1ctica con la colocaci\u00f3n de los adoquines que forman parte de la superficie del paseo<\/strong>. Esta pr\u00e1ctica desarrollada por los j\u00f3venes, futuros egresados de la Escuela T\u00e9cnica \u201cArq. Francisco Pinaroli\u201d, se efectu\u00f3 bajo el control, seguridad y supervisi\u00f3n del personal t\u00e9cnico de la Empresa Constructora, GINSA S.A., de su jefe t\u00e9cnico Ing. Mat\u00edas Diez y el profesor de la materia respectiva, Instalaciones, Construcciones Met\u00e1licas y de Madera y Proyecto, Arq. Aldo Roberto Pucheta.<\/p>\n<p style=\"font-weight: 400;\">\n<p style=\"font-weight: 400;\">La rectora del establecimiento Arq. Lidia Mochi agradeci\u00f3 la invitaci\u00f3n del intendente Mariano Hormaechea para poder observar la obra en territorio y permitir que los j\u00f3venes estudiantes de la Esc. T\u00e9cnica, por etapa, puedan desarrollar los conocimientos adquiridos en el aula y el taller de la instituci\u00f3n.<\/p>\n<p style=\"font-weight: 400;\">\n<p style=\"font-weight: 400;\">Direcci\u00f3n de Prensa &#8211; Municipalidad de Goya<\/p>\n<p style=\"font-weight: 400;\">\n","protected":false},"excerpt":{"rendered":"<p>Como parte de su plan de estudios, los alumnos del 7\u00ba a\u00f1o de la escuela t\u00e9cnica visitaron y observaron en terreno la obra de la nueva costanera local. Continuando con el desarrollo de Gesti\u00f3n de Riesgo H\u00eddrico, en \u00e9sta oportunidad se realiz\u00f3 la recorrida por la obra con los estudiantes, profesores y directivos de la [&hellip;]<\/p>\n","protected":false},"author":2,"featured_media":25703,"comment_status":"closed","ping_status":"closed","sticky":false,"template":"","format":"standard","meta":{"footnotes":""},"categories":[56],"tags":[],"class_list":{"0":"post-25700","1":"post","2":"type-post","3":"status-publish","4":"format-standard","5":"has-post-thumbnail","7":"category-locales"},"_links":{"self":[{"href":"https:\/\/radiobitacora.com.ar\/web\/wp-json\/wp\/v2\/posts\/25700","targetHints":{"allow":["GET"]}}],"collection":[{"href":"https:\/\/radiobitacora.com.ar\/web\/wp-json\/wp\/v2\/posts"}],"about":[{"href":"https:\/\/radiobitacora.com.ar\/web\/wp-json\/wp\/v2\/types\/post"}],"author":[{"embeddable":true,"href":"https:\/\/radiobitacora.com.ar\/web\/wp-json\/wp\/v2\/users\/2"}],"replies":[{"embeddable":true,"href":"https:\/\/radiobitacora.com.ar\/web\/wp-json\/wp\/v2\/comments?post=25700"}],"version-history":[{"count":0,"href":"https:\/\/radiobitacora.com.ar\/web\/wp-json\/wp\/v2\/posts\/25700\/revisions"}],"wp:featuredmedia":[{"embeddable":true,"href":"https:\/\/radiobitacora.com.ar\/web\/wp-json\/wp\/v2\/media\/25703"}],"wp:attachment":[{"href":"https:\/\/radiobitacora.com.ar\/web\/wp-json\/wp\/v2\/media?parent=25700"}],"wp:term":[{"taxonomy":"category","embeddable":true,"href":"https:\/\/radiobitacora.com.ar\/web\/wp-json\/wp\/v2\/categories?post=25700"},{"taxonomy":"post_tag","embeddable":true,"href":"https:\/\/radiobitacora.com.ar\/web\/wp-json\/wp\/v2\/tags?post=25700"}],"curies":[{"name":"wp","href":"https:\/\/api.w.org\/{rel}","templated":true}]}}