{"id":25760,"date":"2025-08-24T20:57:11","date_gmt":"2025-08-24T23:57:11","guid":{"rendered":"https:\/\/radiobitacora.com.ar\/web\/?p=25760"},"modified":"2025-08-24T20:57:18","modified_gmt":"2025-08-24T23:57:18","slug":"atipica-el-programa-que-te-conecta-con-la-espiritualidad-que-se-vive","status":"publish","type":"post","link":"https:\/\/radiobitacora.com.ar\/web\/2025\/08\/24\/atipica-el-programa-que-te-conecta-con-la-espiritualidad-que-se-vive\/","title":{"rendered":"AT\u00cdPICA, EL PROGRAMA QUE TE CONECTA CON LA ESPIRITUALIDAD QUE SE VIVE"},"content":{"rendered":"<p data-start=\"151\" data-end=\"479\">El programa <strong data-start=\"163\" data-end=\"176\">\u201cAt\u00edpica\u201d<\/strong> se presenta como un espacio dedicado a la exploraci\u00f3n de la espiritualidad y la conexi\u00f3n interior. Conducido por <strong data-start=\"290\" data-end=\"314\">Carla Barbosa Flores<\/strong>, el ciclo invita a los televidentes a sumergirse en momentos de reflexi\u00f3n, charlas profundas y experiencias que buscan transformar y enriquecer la vida cotidiana.<\/p>\n<p data-start=\"481\" data-end=\"727\">El programa se emite <strong data-start=\"502\" data-end=\"534\">los viernes de 20 a 22 horas<\/strong> a trav\u00e9s de <strong data-start=\"547\" data-end=\"560\">TV GOWIGO<\/strong> y la <strong data-start=\"566\" data-end=\"597\">multiplaforma Bit\u00e1cora 98.9<\/strong>, ofreciendo a la audiencia un espacio \u00fanico donde la energ\u00eda, la introspecci\u00f3n y el crecimiento personal son los protagonistas.<\/p>\n<p data-start=\"729\" data-end=\"929\">\u201c<strong data-start=\"730\" data-end=\"741\">At\u00edpica<\/strong>\u201d se consolida como una propuesta que va m\u00e1s all\u00e1 del entretenimiento, generando un espacio para la inspiraci\u00f3n y la exploraci\u00f3n de nuevas perspectivas sobre la vida y la espiritualidad.<\/p>\n","protected":false},"excerpt":{"rendered":"<p>El programa \u201cAt\u00edpica\u201d se presenta como un espacio dedicado a la exploraci\u00f3n de la espiritualidad y la conexi\u00f3n interior. Conducido por Carla Barbosa Flores, el ciclo invita a los televidentes a sumergirse en momentos de reflexi\u00f3n, charlas profundas y experiencias que buscan transformar y enriquecer la vida cotidiana. El programa se emite los viernes de [&hellip;]<\/p>\n","protected":false},"author":2,"featured_media":25761,"comment_status":"closed","ping_status":"closed","sticky":false,"template":"","format":"standard","meta":{"footnotes":""},"categories":[74],"tags":[],"class_list":{"0":"post-25760","1":"post","2":"type-post","3":"status-publish","4":"format-standard","5":"has-post-thumbnail","7":"category-bitacora-tv"},"_links":{"self":[{"href":"https:\/\/radiobitacora.com.ar\/web\/wp-json\/wp\/v2\/posts\/25760","targetHints":{"allow":["GET"]}}],"collection":[{"href":"https:\/\/radiobitacora.com.ar\/web\/wp-json\/wp\/v2\/posts"}],"about":[{"href":"https:\/\/radiobitacora.com.ar\/web\/wp-json\/wp\/v2\/types\/post"}],"author":[{"embeddable":true,"href":"https:\/\/radiobitacora.com.ar\/web\/wp-json\/wp\/v2\/users\/2"}],"replies":[{"embeddable":true,"href":"https:\/\/radiobitacora.com.ar\/web\/wp-json\/wp\/v2\/comments?post=25760"}],"version-history":[{"count":0,"href":"https:\/\/radiobitacora.com.ar\/web\/wp-json\/wp\/v2\/posts\/25760\/revisions"}],"wp:featuredmedia":[{"embeddable":true,"href":"https:\/\/radiobitacora.com.ar\/web\/wp-json\/wp\/v2\/media\/25761"}],"wp:attachment":[{"href":"https:\/\/radiobitacora.com.ar\/web\/wp-json\/wp\/v2\/media?parent=25760"}],"wp:term":[{"taxonomy":"category","embeddable":true,"href":"https:\/\/radiobitacora.com.ar\/web\/wp-json\/wp\/v2\/categories?post=25760"},{"taxonomy":"post_tag","embeddable":true,"href":"https:\/\/radiobitacora.com.ar\/web\/wp-json\/wp\/v2\/tags?post=25760"}],"curies":[{"name":"wp","href":"https:\/\/api.w.org\/{rel}","templated":true}]}}