{"id":25808,"date":"2025-08-28T09:17:31","date_gmt":"2025-08-28T12:17:31","guid":{"rendered":"https:\/\/radiobitacora.com.ar\/web\/?p=25808"},"modified":"2025-08-28T09:17:31","modified_gmt":"2025-08-28T12:17:31","slug":"curso-de-elaboracion-de-pastas","status":"publish","type":"post","link":"https:\/\/radiobitacora.com.ar\/web\/2025\/08\/28\/curso-de-elaboracion-de-pastas\/","title":{"rendered":"CURSO DE ELABORACI\u00d3N DE PASTAS"},"content":{"rendered":"<p style=\"font-weight: 400;\">\n<p style=\"font-weight: 400;\">Muestra de platos a cargo de los participantes de la capacitaci\u00f3n.<\/p>\n<p style=\"font-weight: 400;\">\n<p style=\"font-weight: 400;\">En la sede del Dispositivo Territorial Comunitario (DTC), sito en San Juan 1526, en la ma\u00f1ana del martes se realiz\u00f3 la Muestra de Platos a cargo de los participantes del curso de elaboraci\u00f3n de pastas. Esta formaci\u00f3n se articul\u00f3 entre las Direcciones de Empleo y Capacitaci\u00f3n y la de Prevenci\u00f3n de Adicciones.<\/p>\n<p style=\"font-weight: 400;\"><img loading=\"lazy\" decoding=\"async\" class=\"wp-image-25809 alignleft\" src=\"https:\/\/radiobitacora.com.ar\/web\/wp-content\/uploads\/2025\/08\/Muestra-de-platos-de-pastra-en-el-DTC-2.jpg\" alt=\"\" width=\"341\" height=\"192\" srcset=\"https:\/\/radiobitacora.com.ar\/web\/wp-content\/uploads\/2025\/08\/Muestra-de-platos-de-pastra-en-el-DTC-2.jpg 1280w, https:\/\/radiobitacora.com.ar\/web\/wp-content\/uploads\/2025\/08\/Muestra-de-platos-de-pastra-en-el-DTC-2-696x392.jpg 696w, https:\/\/radiobitacora.com.ar\/web\/wp-content\/uploads\/2025\/08\/Muestra-de-platos-de-pastra-en-el-DTC-2-1068x601.jpg 1068w, https:\/\/radiobitacora.com.ar\/web\/wp-content\/uploads\/2025\/08\/Muestra-de-platos-de-pastra-en-el-DTC-2-747x420.jpg 747w\" sizes=\"auto, (max-width: 341px) 100vw, 341px\" \/><\/p>\n<p style=\"font-weight: 400;\">De la mencionada exhibici\u00f3n participaron las directoras, de Empleo M\u00f3nica Celes, y de Prevenci\u00f3n Vanesa Morales, junto a la concejal Susana Quiroz.<\/p>\n<p style=\"font-weight: 400;\">\n<p style=\"font-weight: 400;\">La capacitaci\u00f3n brind\u00f3 las t\u00e9cnicas fundamentales para hacer todo tipo de pastas caseras, con un m\u00ednimo de ingredientes para la elaboraci\u00f3n de diferentes tipos de platos. Esto proporciona una base s\u00f3lida para seguir aprendiendo y experimentando en el mundo de la gastronom\u00eda.<\/p>\n<p style=\"font-weight: 400;\">\n<p style=\"font-weight: 400;\">El siguiente curso que se estar\u00e1 ofreciendo en el mismo espacio, el DTC, ser\u00e1 el de elaboraci\u00f3n de postres.<\/p>\n<p style=\"font-weight: 400;\">\n<p style=\"font-weight: 400;\">Direcci\u00f3n de Prensa &#8211; Municipalidad de Goya<\/p>\n","protected":false},"excerpt":{"rendered":"<p>Muestra de platos a cargo de los participantes de la capacitaci\u00f3n. En la sede del Dispositivo Territorial Comunitario (DTC), sito en San Juan 1526, en la ma\u00f1ana del martes se realiz\u00f3 la Muestra de Platos a cargo de los participantes del curso de elaboraci\u00f3n de pastas. Esta formaci\u00f3n se articul\u00f3 entre las Direcciones de Empleo [&hellip;]<\/p>\n","protected":false},"author":2,"featured_media":25810,"comment_status":"closed","ping_status":"closed","sticky":false,"template":"","format":"standard","meta":{"footnotes":""},"categories":[82],"tags":[],"class_list":{"0":"post-25808","1":"post","2":"type-post","3":"status-publish","4":"format-standard","5":"has-post-thumbnail","7":"category-gourmet"},"_links":{"self":[{"href":"https:\/\/radiobitacora.com.ar\/web\/wp-json\/wp\/v2\/posts\/25808","targetHints":{"allow":["GET"]}}],"collection":[{"href":"https:\/\/radiobitacora.com.ar\/web\/wp-json\/wp\/v2\/posts"}],"about":[{"href":"https:\/\/radiobitacora.com.ar\/web\/wp-json\/wp\/v2\/types\/post"}],"author":[{"embeddable":true,"href":"https:\/\/radiobitacora.com.ar\/web\/wp-json\/wp\/v2\/users\/2"}],"replies":[{"embeddable":true,"href":"https:\/\/radiobitacora.com.ar\/web\/wp-json\/wp\/v2\/comments?post=25808"}],"version-history":[{"count":0,"href":"https:\/\/radiobitacora.com.ar\/web\/wp-json\/wp\/v2\/posts\/25808\/revisions"}],"wp:featuredmedia":[{"embeddable":true,"href":"https:\/\/radiobitacora.com.ar\/web\/wp-json\/wp\/v2\/media\/25810"}],"wp:attachment":[{"href":"https:\/\/radiobitacora.com.ar\/web\/wp-json\/wp\/v2\/media?parent=25808"}],"wp:term":[{"taxonomy":"category","embeddable":true,"href":"https:\/\/radiobitacora.com.ar\/web\/wp-json\/wp\/v2\/categories?post=25808"},{"taxonomy":"post_tag","embeddable":true,"href":"https:\/\/radiobitacora.com.ar\/web\/wp-json\/wp\/v2\/tags?post=25808"}],"curies":[{"name":"wp","href":"https:\/\/api.w.org\/{rel}","templated":true}]}}