{"id":25829,"date":"2025-08-28T18:51:19","date_gmt":"2025-08-28T21:51:19","guid":{"rendered":"https:\/\/radiobitacora.com.ar\/web\/?p=25829"},"modified":"2025-08-28T18:51:19","modified_gmt":"2025-08-28T21:51:19","slug":"desarrollo-social-anuncio-el-cronograma-de-entrega-de-modulos-alimentarios-en-goya","status":"publish","type":"post","link":"https:\/\/radiobitacora.com.ar\/web\/2025\/08\/28\/desarrollo-social-anuncio-el-cronograma-de-entrega-de-modulos-alimentarios-en-goya\/","title":{"rendered":"DESARROLLO SOCIAL ANUNCI\u00d3 EL CRONOGRAMA DE ENTREGA DE M\u00d3DULOS ALIMENTARIOS EN GOYA"},"content":{"rendered":"<p style=\"font-weight: 400;\">\n<p style=\"font-weight: 400;\">El Ministerio de Desarrollo Social de la Provincia de Corrientes, delegaci\u00f3n Goya, inform\u00f3 que desde este viernes 29 de agosto y hasta el lunes 15 de septiembre se realizar\u00e1 la entrega de m\u00f3dulos alimentarios destinados a beneficiarios de distintos barrios de la ciudad.<\/p>\n<p style=\"font-weight: 400;\">La delegaci\u00f3n record\u00f3 que la distribuci\u00f3n se har\u00e1 \u00fanicamente en las fechas indicadas en el cronograma, sin excepciones, y que cada titular deber\u00e1 presentarse con su Documento Nacional de Identidad (DNI) en las oficinas ubicadas en Avenida Mazzanti 555.<\/p>\n<p style=\"font-weight: 400;\">Cronograma de entrega de m\u00f3dulos alimentarios<\/p>\n<p style=\"font-weight: 400;\"><img loading=\"lazy\" decoding=\"async\" class=\"aligncenter size-full wp-image-25831\" src=\"https:\/\/radiobitacora.com.ar\/web\/wp-content\/uploads\/2025\/08\/modulos-alimentarios-2.jpeg\" alt=\"\" width=\"904\" height=\"1280\" srcset=\"https:\/\/radiobitacora.com.ar\/web\/wp-content\/uploads\/2025\/08\/modulos-alimentarios-2.jpeg 904w, https:\/\/radiobitacora.com.ar\/web\/wp-content\/uploads\/2025\/08\/modulos-alimentarios-2-696x985.jpeg 696w, https:\/\/radiobitacora.com.ar\/web\/wp-content\/uploads\/2025\/08\/modulos-alimentarios-2-297x420.jpeg 297w\" sizes=\"auto, (max-width: 904px) 100vw, 904px\" \/><img loading=\"lazy\" decoding=\"async\" class=\"aligncenter size-full wp-image-25832\" src=\"https:\/\/radiobitacora.com.ar\/web\/wp-content\/uploads\/2025\/08\/modulos-alimentarios-1.jpeg\" alt=\"\" width=\"904\" height=\"1280\" srcset=\"https:\/\/radiobitacora.com.ar\/web\/wp-content\/uploads\/2025\/08\/modulos-alimentarios-1.jpeg 904w, https:\/\/radiobitacora.com.ar\/web\/wp-content\/uploads\/2025\/08\/modulos-alimentarios-1-696x985.jpeg 696w, https:\/\/radiobitacora.com.ar\/web\/wp-content\/uploads\/2025\/08\/modulos-alimentarios-1-297x420.jpeg 297w\" sizes=\"auto, (max-width: 904px) 100vw, 904px\" \/><\/p>\n<ul>\n<li style=\"font-weight: 400;\">VIERNES 29 DE AGOSTO: 63 Viviendas \u2013 Puente Chiappe \u2013 CGT \u2013 Leandro N. Alem \u2013 Yapey\u00fa \u2013 Virgen de Lourdes \u2013 Mauricio Valenzuela \u2013 Sargento Cabral \u2013 99 Viviendas \u2013 Virgen del Rosario \u2013 Jard\u00edn \u2013 Bicentenario \u2013 La Rotonda \u2013 Colo\u00f1\u00edta Loza \u2013 Francisco Palau \u2013 Inmaculada Concepci\u00f3n \u2013 San Cayetano \u2013 Santa Rita \u2013 Pl\u00e1cido Mart\u00ednez \u2013 Centro \u2013 9 de Julio \u2013 Santa Ana.<\/li>\n<li style=\"font-weight: 400;\">LUNES 1 DE SEPTIEMBRE: Coqui Correa \u2013 Independencia \u2013 Itat\u00ed \u2013 Medalla Milagrosa \u2013 Santa Rosa de Lima \u2013 Santiago de la Hoz \u2013 Resurrecci\u00f3n \u2013 Mateo Marincovich \u2013 Estrella del Sur \u2013 Pando.<\/li>\n<li style=\"font-weight: 400;\">MARTES 2 DE SEPTIEMBRE: 100 Viviendas \u2013 Virgen de Luj\u00e1n \u2013 25 de Mayo \u2013 70 Viviendas \u2013 96 Viviendas \u2013 160 Viviendas \u2013 Alberdi \u2013 Belgrano \u2013 San Francisco de As\u00eds \u2013 Las Golondrinas \u2013 \u00d1anderoga \u2013 \u00d1apind\u00e1 \u2013 Sagrado Coraz\u00f3n de Jes\u00fas \u2013 Vital.<\/li>\n<li style=\"font-weight: 400;\">MI\u00c9RCOLES 3 DE SEPTIEMBRE: Aeropuerto \u2013 Remanso (se lleva).<\/li>\n<li style=\"font-weight: 400;\">JUEVES 4 DE SEPTIEMBRE: Francisco I \u2013 Matadero \u2013 Aeroclub \u2013 Santa Luc\u00eda \u2013 Juan XXIII.<\/li>\n<li style=\"font-weight: 400;\">VIERNES 5 DE SEPTIEMBRE: Santa Clara \u2013 Rinc\u00f3n de G\u00f3mez (se lleva).<\/li>\n<li style=\"font-weight: 400;\">LUNES 8 DE SEPTIEMBRE: Santa Catalina \u2013 Puerto Boca \u2013 Paraje Soledad (se lleva).<\/li>\n<li style=\"font-weight: 400;\">MARTES 9 DE SEPTIEMBRE: San Ram\u00f3n.<\/li>\n<li style=\"font-weight: 400;\">MI\u00c9RCOLES 10 DE SEPTIEMBRE: Devoto \u2013 Devoto Nuevo (se lleva).<\/li>\n<li style=\"font-weight: 400;\">JUEVES 11 DE SEPTIEMBRE: Arco Iris \u2013 Sarmiento.<\/li>\n<li style=\"font-weight: 400;\">VIERNES 12 DE SEPTIEMBRE: 1\u00b0 de Mayo \u2013 Coembot\u00e1 \u2013 Laguna Bosco \u2013 Mariano Moreno \u2013 Sc\u00f3fano \u2013 G\u00fcemes.<\/li>\n<li style=\"font-weight: 400;\">LUNES 15 DE SEPTIEMBRE: La Boca (ex Chacal) \u2013 Esperanza.<\/li>\n<\/ul>\n<p style=\"font-weight: 400;\">\n<p style=\"font-weight: 400;\">Desde la delegaci\u00f3n remarcaron la importancia de que los vecinos concurran en la fecha correspondiente al barrio que habitan, ya que no se realizar\u00e1n entregas fuera del cronograma oficial.<\/p>\n<p style=\"font-weight: 400;\">\n<p style=\"font-weight: 400;\">Direcci\u00f3n de Prensa \u2013 Municipalidad de Goya.<\/p>\n","protected":false},"excerpt":{"rendered":"<p>El Ministerio de Desarrollo Social de la Provincia de Corrientes, delegaci\u00f3n Goya, inform\u00f3 que desde este viernes 29 de agosto y hasta el lunes 15 de septiembre se realizar\u00e1 la entrega de m\u00f3dulos alimentarios destinados a beneficiarios de distintos barrios de la ciudad. La delegaci\u00f3n record\u00f3 que la distribuci\u00f3n se har\u00e1 \u00fanicamente en las fechas [&hellip;]<\/p>\n","protected":false},"author":2,"featured_media":25830,"comment_status":"closed","ping_status":"closed","sticky":false,"template":"","format":"standard","meta":{"footnotes":""},"categories":[56],"tags":[],"class_list":{"0":"post-25829","1":"post","2":"type-post","3":"status-publish","4":"format-standard","5":"has-post-thumbnail","7":"category-locales"},"_links":{"self":[{"href":"https:\/\/radiobitacora.com.ar\/web\/wp-json\/wp\/v2\/posts\/25829","targetHints":{"allow":["GET"]}}],"collection":[{"href":"https:\/\/radiobitacora.com.ar\/web\/wp-json\/wp\/v2\/posts"}],"about":[{"href":"https:\/\/radiobitacora.com.ar\/web\/wp-json\/wp\/v2\/types\/post"}],"author":[{"embeddable":true,"href":"https:\/\/radiobitacora.com.ar\/web\/wp-json\/wp\/v2\/users\/2"}],"replies":[{"embeddable":true,"href":"https:\/\/radiobitacora.com.ar\/web\/wp-json\/wp\/v2\/comments?post=25829"}],"version-history":[{"count":0,"href":"https:\/\/radiobitacora.com.ar\/web\/wp-json\/wp\/v2\/posts\/25829\/revisions"}],"wp:featuredmedia":[{"embeddable":true,"href":"https:\/\/radiobitacora.com.ar\/web\/wp-json\/wp\/v2\/media\/25830"}],"wp:attachment":[{"href":"https:\/\/radiobitacora.com.ar\/web\/wp-json\/wp\/v2\/media?parent=25829"}],"wp:term":[{"taxonomy":"category","embeddable":true,"href":"https:\/\/radiobitacora.com.ar\/web\/wp-json\/wp\/v2\/categories?post=25829"},{"taxonomy":"post_tag","embeddable":true,"href":"https:\/\/radiobitacora.com.ar\/web\/wp-json\/wp\/v2\/tags?post=25829"}],"curies":[{"name":"wp","href":"https:\/\/api.w.org\/{rel}","templated":true}]}}