{"id":25855,"date":"2025-08-29T10:05:29","date_gmt":"2025-08-29T13:05:29","guid":{"rendered":"https:\/\/radiobitacora.com.ar\/web\/?p=25855"},"modified":"2025-08-29T10:05:29","modified_gmt":"2025-08-29T13:05:29","slug":"festejo-por-el-mes-de-la-ninez","status":"publish","type":"post","link":"https:\/\/radiobitacora.com.ar\/web\/2025\/08\/29\/festejo-por-el-mes-de-la-ninez\/","title":{"rendered":"FESTEJO POR EL MES DE LA NI\u00d1EZ"},"content":{"rendered":"<p style=\"font-weight: 400;\">\n<p style=\"font-weight: 400;\">La Municipalidad de Goya colabor\u00f3 con la celebraci\u00f3n destinada a los ni\u00f1os que concurren a la Escuela 440 \u201cCompa\u00f1\u00eda de Ingeniero 7\u201d del barrio Sarmiento.<\/p>\n<p style=\"font-weight: 400;\">\n<p style=\"font-weight: 400;\">El trabajo en red con instituciones es uno de los pilares fundamentales de la gesti\u00f3n del intendente Mariano Hormaechea.<\/p>\n<p style=\"font-weight: 400;\">En respuesta a lo solicitado oportunamente por directivos y docentes del establecimiento educativo, la Secretar\u00eda de Desarrollo Humano a trav\u00e9s de la Direcci\u00f3n de Fortalecimiento Familiar acompa\u00f1\u00f3 y colabor\u00f3 con el festejo realizado en la dependencia escolar, en la jornada del jueves en horas de la ma\u00f1ana.<\/p>\n<p style=\"font-weight: 400;\">\n<p style=\"font-weight: 400;\">De esta actividad destinada a agasajar a los ni\u00f1os de esa escuela, junto al \u00e1rea municipal particip\u00f3 la Fundaci\u00f3n San Lucas, por medio de su Grupo PASI.<\/p>\n<p style=\"font-weight: 400;\">\n<p style=\"font-weight: 400;\">Una ma\u00f1ana con juegos, recreaci\u00f3n, bailes y la propuesta de PASI desde la actividad l\u00fadica en ayudar a la prevenci\u00f3n del abuso infantil, con el compromiso de sus acciones para celebrar, cuidando a los ni\u00f1os.<\/p>\n<p style=\"font-weight: 400;\">\n<p style=\"font-weight: 400;\">De esta manera no solo se asiste, colabora con la instituci\u00f3n educativa, sino se ratifica el sentido de la gesti\u00f3n del intendente Mariano Hormaechea de trabajar, juntos y en equipo, en red con las instituciones de la ciudad.<\/p>\n<p style=\"font-weight: 400;\">\n<p style=\"font-weight: 400;\">Direcci\u00f3n de Prensa-Municipalidad de Goya<\/p>\n","protected":false},"excerpt":{"rendered":"<p>La Municipalidad de Goya colabor\u00f3 con la celebraci\u00f3n destinada a los ni\u00f1os que concurren a la Escuela 440 \u201cCompa\u00f1\u00eda de Ingeniero 7\u201d del barrio Sarmiento. El trabajo en red con instituciones es uno de los pilares fundamentales de la gesti\u00f3n del intendente Mariano Hormaechea. En respuesta a lo solicitado oportunamente por directivos y docentes del [&hellip;]<\/p>\n","protected":false},"author":2,"featured_media":25856,"comment_status":"closed","ping_status":"closed","sticky":false,"template":"","format":"standard","meta":{"footnotes":""},"categories":[56],"tags":[],"class_list":{"0":"post-25855","1":"post","2":"type-post","3":"status-publish","4":"format-standard","5":"has-post-thumbnail","7":"category-locales"},"_links":{"self":[{"href":"https:\/\/radiobitacora.com.ar\/web\/wp-json\/wp\/v2\/posts\/25855","targetHints":{"allow":["GET"]}}],"collection":[{"href":"https:\/\/radiobitacora.com.ar\/web\/wp-json\/wp\/v2\/posts"}],"about":[{"href":"https:\/\/radiobitacora.com.ar\/web\/wp-json\/wp\/v2\/types\/post"}],"author":[{"embeddable":true,"href":"https:\/\/radiobitacora.com.ar\/web\/wp-json\/wp\/v2\/users\/2"}],"replies":[{"embeddable":true,"href":"https:\/\/radiobitacora.com.ar\/web\/wp-json\/wp\/v2\/comments?post=25855"}],"version-history":[{"count":0,"href":"https:\/\/radiobitacora.com.ar\/web\/wp-json\/wp\/v2\/posts\/25855\/revisions"}],"wp:featuredmedia":[{"embeddable":true,"href":"https:\/\/radiobitacora.com.ar\/web\/wp-json\/wp\/v2\/media\/25856"}],"wp:attachment":[{"href":"https:\/\/radiobitacora.com.ar\/web\/wp-json\/wp\/v2\/media?parent=25855"}],"wp:term":[{"taxonomy":"category","embeddable":true,"href":"https:\/\/radiobitacora.com.ar\/web\/wp-json\/wp\/v2\/categories?post=25855"},{"taxonomy":"post_tag","embeddable":true,"href":"https:\/\/radiobitacora.com.ar\/web\/wp-json\/wp\/v2\/tags?post=25855"}],"curies":[{"name":"wp","href":"https:\/\/api.w.org\/{rel}","templated":true}]}}