{"id":25990,"date":"2025-09-05T08:57:02","date_gmt":"2025-09-05T11:57:02","guid":{"rendered":"https:\/\/radiobitacora.com.ar\/web\/?p=25990"},"modified":"2025-09-05T08:57:13","modified_gmt":"2025-09-05T11:57:13","slug":"escuela-municipal-de-box","status":"publish","type":"post","link":"https:\/\/radiobitacora.com.ar\/web\/2025\/09\/05\/escuela-municipal-de-box\/","title":{"rendered":"ESCUELA MUNICIPAL DE BOX"},"content":{"rendered":"<p style=\"font-weight: 400;\">El instructor de esta disciplina deportiva Ram\u00f3n \u00c1ngel Ojeda, ex pugilista apodado en su tiempo de actividad como \u201cMotorcito\u201d, se defini\u00f3 como un \u201cense\u00f1ador\u201d de este deporte.<\/p>\n<p style=\"font-weight: 400;\">En declaraciones a Radio Ciudad, agradeci\u00f3 a la Municipalidad de Goya, al intendente Mariano Hormaechea, al director de Deportes Alejandro Lago, por facilitarle el espacio f\u00edsico para ense\u00f1ar en la Direcci\u00f3n de Deportes, Juan Esteban Mart\u00ednez y 9 de Julio, y por la provisi\u00f3n de elementos necesarios para el ejercicio del boxeo.<\/p>\n<p style=\"font-weight: 400;\">INSTRUCTOR DE BOXEO, PSIC\u00d3LOGO Y FORMADOR<\/p>\n<p style=\"font-weight: 400;\">El ex pugilista coment\u00f3: \u201cSoy instructor, hasta uno puede considerarse \u201cpsic\u00f3logo\u201d cuando toma con seriedad el trabajo, la profesi\u00f3n de deportista. Desde los 13 hasta los 33 a\u00f1os me dediqu\u00e9 al boxeo, hoy, debajo del cuadril\u00e1tero, decid\u00ed volcar esa experiencia ense\u00f1ando, formando a las personas, marcando que es una disciplina deportiva, con las reglas a cumplimentar\u201d.<\/p>\n<p style=\"font-weight: 400;\">AGRADECIMIENTO A LA MUNICIPALIDAD<\/p>\n<p style=\"font-weight: 400;\">Consultado sobre c\u00f3mo surge el espacio en Deportes, explic\u00f3: \u201cSoy un agradecido a la Municipalidad, al intendente, al director de Deportes Alejandro Lago que al observar d\u00f3nde daba las clases, en lo del \u201cGringo\u201d P\u00e9rez, lugar descubierto, ante esas condiciones el director de Deportes se comprometi\u00f3 a dialogar con el intendente, y all\u00ed surge la cesi\u00f3n del espacio de la Direcci\u00f3n de Deportes, con un lugar de enorme seguridad. Cumpliendo con su palabra nos habilit\u00f3 ese lugar, adem\u00e1s nos provey\u00f3 de elementos para el entrenamiento: guantes, kit para hacer funcional, para el trabajo de coordinaci\u00f3n de piernas, nos entreg\u00f3 materiales para aumentar la cantidad de las \u201cbolsas\u201d para entrenar, soy agradecido por la habilitaci\u00f3n del espacio acondicionado y seguro\u201d, reiter\u00f3 \u201cmotorcito\u201d.<\/p>\n<p style=\"font-weight: 400;\"><img loading=\"lazy\" decoding=\"async\" class=\"wp-image-25991 alignleft\" src=\"https:\/\/radiobitacora.com.ar\/web\/wp-content\/uploads\/2025\/09\/Escuela-de-Boxeo-ilustracion-2.jpg\" alt=\"\" width=\"241\" height=\"523\" srcset=\"https:\/\/radiobitacora.com.ar\/web\/wp-content\/uploads\/2025\/09\/Escuela-de-Boxeo-ilustracion-2.jpg 738w, https:\/\/radiobitacora.com.ar\/web\/wp-content\/uploads\/2025\/09\/Escuela-de-Boxeo-ilustracion-2-696x1509.jpg 696w, https:\/\/radiobitacora.com.ar\/web\/wp-content\/uploads\/2025\/09\/Escuela-de-Boxeo-ilustracion-2-194x420.jpg 194w\" sizes=\"auto, (max-width: 241px) 100vw, 241px\" \/><\/p>\n<p style=\"font-weight: 400;\">\u201cENSE\u00d1ADOR\u201d DE BOXEO<\/p>\n<p style=\"font-weight: 400;\">Ojeda sostuvo: \u201cPara desarrollar esta tarea, de la cual me considero un \u201cense\u00f1ador\u201d, me he preparado, capacitado, tengo la certificaci\u00f3n como entrenador avalado por la FAB (Federaci\u00f3n Argentina de Boxeo) y la Federaci\u00f3n Correntina de Boxeo presidida por Cristian Mart\u00ednez. Comento esto porque es como darles la garant\u00eda a los interesados en iniciarse en este deporte.<\/p>\n<p style=\"font-weight: 400;\">En mi caso, doy clases a personas desde los 5 a\u00f1os en adelante, sin l\u00edmites en la edad, con el ritmo de acuerdo a esas edades. Agradezco la confianza de cada uno de los que asisten porque son los que dan vida y motivaci\u00f3n a nuestro gimnasio\u201d.<\/p>\n<p style=\"font-weight: 400;\">TRANSMITIR EXPERIENCIA Y VALORES<\/p>\n<p style=\"font-weight: 400;\">El entrenador afirm\u00f3: \u201cNo solo consiste en \u201cense\u00f1ar\u201d el uso de los guantes y la bolsa, sino de transmitir valores, respeto. La familia, el trabajo y la escuela son aspectos fundamentales. Estos objetivos est\u00e1n puestos en nuestro espacio de entrenamientos; de lunes a viernes en tres horarios: de 14 a 15 horas, de 19 a 20, y de 20 a 21 horas, invito a concurrir a aquellos que quieran observar y, si despierta el inter\u00e9s, practicar\u201d.<\/p>\n<p style=\"font-weight: 400;\">ENSE\u00d1AR LAS VENTAJAS Y RIESGOS<\/p>\n<p style=\"font-weight: 400;\">El ex boxeador coment\u00f3: \u201cEs nuestra obligaci\u00f3n y compromiso en este rol de \u201cense\u00f1ador\u201d indicar que es da\u00f1ino el deporte mal ejercitado, de all\u00ed que en nuestro trabajo somos defensores del uso de los protectores de seguridad para los que practican esta disciplina deportiva\u201d.<\/p>\n<p style=\"font-weight: 400;\">\u201cEstamos pr\u00f3ximos a celebrar el d\u00eda del boxeador, reconociendo como deporte el 14 de septiembre en virtud de la pelea del argentino Luis \u00c1ngel Firpo y el norteamericano Jack Dempsey. Siempre en mi car\u00e1cter de instructor hago una pausa, un alto en las clases, para dar explicaciones, dar a conocer los pro, los contra, siento que es una devoluci\u00f3n a lo recibido. Esto me lleva a capacitarme permanentemente con entrenadores nacionales, internacionales, m\u00e9dicos deport\u00f3logos y otros profesionales que aportan a este trabajo como \u201cense\u00f1ador\u201d que soy\u201d.<\/p>\n<p style=\"font-weight: 400;\">Al final de la entrevista, Ram\u00f3n \u00c1ngel \u201cMotorcito\u201d Ojeda, record\u00f3: \u201cInvito a los interesados a asistir a la Direcci\u00f3n de Deportes, de lunes a viernes en los horarios indicados, para ver, observar y, si les atrae, solo tienen que poner ganas. Es libre las clases, se pueden acomodar de acuerdo a sus obligaciones el tiempo de entrenamiento\u201d.<\/p>\n<p style=\"font-weight: 400;\">Direcci\u00f3n de Prensa &#8211; Municipalidad de Goya<\/p>\n","protected":false},"excerpt":{"rendered":"<p>El instructor de esta disciplina deportiva Ram\u00f3n \u00c1ngel Ojeda, ex pugilista apodado en su tiempo de actividad como \u201cMotorcito\u201d, se defini\u00f3 como un \u201cense\u00f1ador\u201d de este deporte. En declaraciones a Radio Ciudad, agradeci\u00f3 a la Municipalidad de Goya, al intendente Mariano Hormaechea, al director de Deportes Alejandro Lago, por facilitarle el espacio f\u00edsico para ense\u00f1ar [&hellip;]<\/p>\n","protected":false},"author":2,"featured_media":25993,"comment_status":"closed","ping_status":"closed","sticky":false,"template":"","format":"standard","meta":{"footnotes":""},"categories":[78],"tags":[],"class_list":{"0":"post-25990","1":"post","2":"type-post","3":"status-publish","4":"format-standard","5":"has-post-thumbnail","7":"category-deportes"},"_links":{"self":[{"href":"https:\/\/radiobitacora.com.ar\/web\/wp-json\/wp\/v2\/posts\/25990","targetHints":{"allow":["GET"]}}],"collection":[{"href":"https:\/\/radiobitacora.com.ar\/web\/wp-json\/wp\/v2\/posts"}],"about":[{"href":"https:\/\/radiobitacora.com.ar\/web\/wp-json\/wp\/v2\/types\/post"}],"author":[{"embeddable":true,"href":"https:\/\/radiobitacora.com.ar\/web\/wp-json\/wp\/v2\/users\/2"}],"replies":[{"embeddable":true,"href":"https:\/\/radiobitacora.com.ar\/web\/wp-json\/wp\/v2\/comments?post=25990"}],"version-history":[{"count":0,"href":"https:\/\/radiobitacora.com.ar\/web\/wp-json\/wp\/v2\/posts\/25990\/revisions"}],"wp:featuredmedia":[{"embeddable":true,"href":"https:\/\/radiobitacora.com.ar\/web\/wp-json\/wp\/v2\/media\/25993"}],"wp:attachment":[{"href":"https:\/\/radiobitacora.com.ar\/web\/wp-json\/wp\/v2\/media?parent=25990"}],"wp:term":[{"taxonomy":"category","embeddable":true,"href":"https:\/\/radiobitacora.com.ar\/web\/wp-json\/wp\/v2\/categories?post=25990"},{"taxonomy":"post_tag","embeddable":true,"href":"https:\/\/radiobitacora.com.ar\/web\/wp-json\/wp\/v2\/tags?post=25990"}],"curies":[{"name":"wp","href":"https:\/\/api.w.org\/{rel}","templated":true}]}}