{"id":26034,"date":"2025-09-07T18:53:13","date_gmt":"2025-09-07T21:53:13","guid":{"rendered":"https:\/\/radiobitacora.com.ar\/web\/?p=26034"},"modified":"2025-09-07T18:53:21","modified_gmt":"2025-09-07T21:53:21","slug":"carrera-solidaria-2","status":"publish","type":"post","link":"https:\/\/radiobitacora.com.ar\/web\/2025\/09\/07\/carrera-solidaria-2\/","title":{"rendered":"CARRERA SOLIDARIA"},"content":{"rendered":"<p style=\"font-weight: 400;\">Preparativos para la 3\u00aa edici\u00f3n de la Carrera organizada por la Fundaci\u00f3n Onco Infanto juvenil, con el apoyo y colaboraci\u00f3n de la Municipalidad de Goya a trav\u00e9s de la Direcci\u00f3n de Deportes.<\/p>\n<p style=\"font-weight: 400;\">Mientras la preparaci\u00f3n para la carrera en los 3; 5 y 10 Kil\u00f3metros, a disputarse el domingo desde las 7 horas en el Predio Costa Surub\u00ed, los ni\u00f1os de 5 a 13 a\u00f1os han tenido su propio espacio deportivo en un circuito recreado de acuerdo a las edades de los participantes.<\/p>\n<p style=\"font-weight: 400;\">En la tarde del s\u00e1bado, en el SUM se entregaron kits de corredores, 120 ni\u00f1os poblaron de entusiasmo, color a la prueba preparada para ellos, con la fiscalizaci\u00f3n desde la Direcci\u00f3n de Deportes, el acompa\u00f1amiento de los integrantes de la fundaci\u00f3n oncol\u00f3gica, las familias que asistieron a alentar a sus \u201cpeques\u201d se llev\u00f3 adelante la carrera.<\/p>\n<p style=\"font-weight: 400;\"><img loading=\"lazy\" decoding=\"async\" class=\"wp-image-26035 alignleft\" src=\"https:\/\/radiobitacora.com.ar\/web\/wp-content\/uploads\/2025\/09\/carrera-solidaria-ilustracion-5.jpg\" alt=\"\" width=\"459\" height=\"376\" srcset=\"https:\/\/radiobitacora.com.ar\/web\/wp-content\/uploads\/2025\/09\/carrera-solidaria-ilustracion-5.jpg 1734w, https:\/\/radiobitacora.com.ar\/web\/wp-content\/uploads\/2025\/09\/carrera-solidaria-ilustracion-5-696x570.jpg 696w, https:\/\/radiobitacora.com.ar\/web\/wp-content\/uploads\/2025\/09\/carrera-solidaria-ilustracion-5-1068x874.jpg 1068w, https:\/\/radiobitacora.com.ar\/web\/wp-content\/uploads\/2025\/09\/carrera-solidaria-ilustracion-5-513x420.jpg 513w\" sizes=\"auto, (max-width: 459px) 100vw, 459px\" \/><\/p>\n<p style=\"font-weight: 400;\">El mayor premio, sin dudas la alegr\u00eda y felicidad aportada por los participantes, con una nota que distingue a esta disciplina deportiva, el running, la presencia de los equipos conformados en nuestra ciudad, junto a la escuela municipal de Atletismo, aportando sus \u201ccorredores\u201d y una cuota de inclusi\u00f3n, chicos con discapacidad, y algunos de los \u201cguerreros\u201d que est\u00e1n superando el tratamiento oncol\u00f3gico, fueron protagonista de la prueba.<\/p>\n<p style=\"font-weight: 400;\">Hecho que fue reconocido desde la Direcci\u00f3n de Deportes con la entrega de menciones especiales.<\/p>\n<p style=\"font-weight: 400;\">Los corredores tuvieron por la participaci\u00f3n su medalla finisher, kit, puesto de hidrataci\u00f3n para darle el valor a su esmerada participaci\u00f3n.<\/p>\n<p style=\"font-weight: 400;\">La carrera se dispuso en tres categor\u00edas tanto mujeres, como varones, en 5 a 7 a\u00f1os, una distancia de 400 metros; de 8 a 10 a\u00f1os 1 K y de 11 a 13 a\u00f1os 2 K.<\/p>\n<p style=\"font-weight: 400;\">Terminada la carrera la clasificaci\u00f3n, si bien es de car\u00e1cter participativa, se realiz\u00f3 la correspondiente clasificaci\u00f3n<\/p>\n<p style=\"font-weight: 400;\">MASCULINO 5 A 7 A\u00d1OS 400 Metros:<br \/>\n1\u00ba Brian Ortiz<\/p>\n<p style=\"font-weight: 400;\">2\u00ba Santino Dambrossio<\/p>\n<p style=\"font-weight: 400;\">3\u00ba Nazareno Scotto Meza<\/p>\n<p style=\"font-weight: 400;\">4\u00ba Benjam\u00edn Berbere<\/p>\n<p style=\"font-weight: 400;\">5\u00ba Juan Zalazar<\/p>\n<p style=\"font-weight: 400;\">FEMENINO 5 A 7 A\u00d1OS 400 Metros:<\/p>\n<p style=\"font-weight: 400;\">1\u00ba Alma Torres<\/p>\n<p style=\"font-weight: 400;\">2\u00ba Elizabeth Romero<\/p>\n<p style=\"font-weight: 400;\">3\u00ba Nerea Romero<\/p>\n<p style=\"font-weight: 400;\">4\u00ba Valentina Romero<\/p>\n<p style=\"font-weight: 400;\">5\u00ba Juanita Gamarra<\/p>\n<p style=\"font-weight: 400;\"><img loading=\"lazy\" decoding=\"async\" class=\"wp-image-26036 alignleft\" src=\"https:\/\/radiobitacora.com.ar\/web\/wp-content\/uploads\/2025\/09\/carrera-solidaria-ilustracion-7.jpg\" alt=\"\" width=\"410\" height=\"308\" srcset=\"https:\/\/radiobitacora.com.ar\/web\/wp-content\/uploads\/2025\/09\/carrera-solidaria-ilustracion-7.jpg 2048w, https:\/\/radiobitacora.com.ar\/web\/wp-content\/uploads\/2025\/09\/carrera-solidaria-ilustracion-7-80x60.jpg 80w, https:\/\/radiobitacora.com.ar\/web\/wp-content\/uploads\/2025\/09\/carrera-solidaria-ilustracion-7-265x198.jpg 265w, https:\/\/radiobitacora.com.ar\/web\/wp-content\/uploads\/2025\/09\/carrera-solidaria-ilustracion-7-696x523.jpg 696w, https:\/\/radiobitacora.com.ar\/web\/wp-content\/uploads\/2025\/09\/carrera-solidaria-ilustracion-7-1068x802.jpg 1068w, https:\/\/radiobitacora.com.ar\/web\/wp-content\/uploads\/2025\/09\/carrera-solidaria-ilustracion-7-559x420.jpg 559w\" sizes=\"auto, (max-width: 410px) 100vw, 410px\" \/><\/p>\n<p style=\"font-weight: 400;\">MACULINO 8 A 10 A\u00d1OS\u00a0 1 K:<\/p>\n<p style=\"font-weight: 400;\">1\u00ba Lorenzo Cavalieri<\/p>\n<p style=\"font-weight: 400;\">2\u00ba Felipe Gomez<\/p>\n<p style=\"font-weight: 400;\">3\u00ba Basti\u00e1n Ortiz<\/p>\n<p style=\"font-weight: 400;\">4\u00ba M\u00e1ximo Bustos<\/p>\n<p style=\"font-weight: 400;\">5\u00ba Sohan Fern\u00e1ndez<\/p>\n<p style=\"font-weight: 400;\">FEMENINO 8 A 10 A\u00d1OS 1 K:<\/p>\n<p style=\"font-weight: 400;\">1\u00ba Ema Torres<\/p>\n<p style=\"font-weight: 400;\">2\u00ba Victoria Berbere<\/p>\n<p style=\"font-weight: 400;\">3\u00ba Amanda Gomez<\/p>\n<p style=\"font-weight: 400;\">4\u00ba Brisa Ben\u00edtez<\/p>\n<p style=\"font-weight: 400;\">5\u00ba Ana Paula Guti\u00e9rrez<\/p>\n<p style=\"font-weight: 400;\">MASCULINO 11 A 13 A\u00d1OS 3 K:<\/p>\n<p style=\"font-weight: 400;\">1\u00ba Dante \u00c1lvarez<\/p>\n<p style=\"font-weight: 400;\">2\u00ba Martino \u00c1lvarez<\/p>\n<p style=\"font-weight: 400;\">3\u00ba Emir Castillo<\/p>\n<p style=\"font-weight: 400;\">4\u00ba Bladimir Obreg\u00f3n<\/p>\n<p style=\"font-weight: 400;\">5\u00ba Santiago Aquino<\/p>\n<p style=\"font-weight: 400;\">FEMENINO 11 A 13 A\u00d1OS 2 K:<\/p>\n<p style=\"font-weight: 400;\">1\u00ba Jael Romero<\/p>\n<p style=\"font-weight: 400;\">2\u00ba Mar\u00eda Emilia Bejarano<\/p>\n<p style=\"font-weight: 400;\">3\u00ba Francesca Torres<\/p>\n<p style=\"font-weight: 400;\">4\u00ba Ana Luz Segovia<\/p>\n<p style=\"font-weight: 400;\">5\u00ba Avril R\u00edos escobar<\/p>\n<p style=\"font-weight: 400;\"><img loading=\"lazy\" decoding=\"async\" class=\"wp-image-26037 alignleft\" src=\"https:\/\/radiobitacora.com.ar\/web\/wp-content\/uploads\/2025\/09\/carrera-solidaria-ilustracion-10.jpg\" alt=\"\" width=\"426\" height=\"320\" srcset=\"https:\/\/radiobitacora.com.ar\/web\/wp-content\/uploads\/2025\/09\/carrera-solidaria-ilustracion-10.jpg 2048w, https:\/\/radiobitacora.com.ar\/web\/wp-content\/uploads\/2025\/09\/carrera-solidaria-ilustracion-10-80x60.jpg 80w, https:\/\/radiobitacora.com.ar\/web\/wp-content\/uploads\/2025\/09\/carrera-solidaria-ilustracion-10-265x198.jpg 265w, https:\/\/radiobitacora.com.ar\/web\/wp-content\/uploads\/2025\/09\/carrera-solidaria-ilustracion-10-696x523.jpg 696w, https:\/\/radiobitacora.com.ar\/web\/wp-content\/uploads\/2025\/09\/carrera-solidaria-ilustracion-10-1068x802.jpg 1068w, https:\/\/radiobitacora.com.ar\/web\/wp-content\/uploads\/2025\/09\/carrera-solidaria-ilustracion-10-559x420.jpg 559w\" sizes=\"auto, (max-width: 426px) 100vw, 426px\" \/><\/p>\n<p style=\"font-weight: 400;\">Es para informaci\u00f3n nada m\u00e1s la clasificaci\u00f3n, porque el objetivo es impulsar la actividad deportiva, la disciplina del running, de las carreras, por eso desde la Fundaci\u00f3n Once Infantojuvenil y la Direcci\u00f3n de Deportes agradecieron a los profesores de los equipos de corredores de la ciudad y a las familias por su acompa\u00f1amiento.<\/p>\n<p style=\"font-weight: 400;\">Todo listo para que el domingo desde las 8 y 30 hora de largada cerca de 300 corredores pongan el coraz\u00f3n a la 3\u00aa edici\u00f3n de la carrera solidaria, en los 3, 5 y 10 k en el Multiespacio Ferial Costa Surub\u00ed.<\/p>\n<p style=\"font-weight: 400;\">Direcci\u00f3n de Prensa-Municipalidad de Goya<\/p>\n","protected":false},"excerpt":{"rendered":"<p>Preparativos para la 3\u00aa edici\u00f3n de la Carrera organizada por la Fundaci\u00f3n Onco Infanto juvenil, con el apoyo y colaboraci\u00f3n de la Municipalidad de Goya a trav\u00e9s de la Direcci\u00f3n de Deportes. Mientras la preparaci\u00f3n para la carrera en los 3; 5 y 10 Kil\u00f3metros, a disputarse el domingo desde las 7 horas en el [&hellip;]<\/p>\n","protected":false},"author":2,"featured_media":26038,"comment_status":"closed","ping_status":"closed","sticky":false,"template":"","format":"standard","meta":{"footnotes":""},"categories":[56],"tags":[],"class_list":{"0":"post-26034","1":"post","2":"type-post","3":"status-publish","4":"format-standard","5":"has-post-thumbnail","7":"category-locales"},"_links":{"self":[{"href":"https:\/\/radiobitacora.com.ar\/web\/wp-json\/wp\/v2\/posts\/26034","targetHints":{"allow":["GET"]}}],"collection":[{"href":"https:\/\/radiobitacora.com.ar\/web\/wp-json\/wp\/v2\/posts"}],"about":[{"href":"https:\/\/radiobitacora.com.ar\/web\/wp-json\/wp\/v2\/types\/post"}],"author":[{"embeddable":true,"href":"https:\/\/radiobitacora.com.ar\/web\/wp-json\/wp\/v2\/users\/2"}],"replies":[{"embeddable":true,"href":"https:\/\/radiobitacora.com.ar\/web\/wp-json\/wp\/v2\/comments?post=26034"}],"version-history":[{"count":0,"href":"https:\/\/radiobitacora.com.ar\/web\/wp-json\/wp\/v2\/posts\/26034\/revisions"}],"wp:featuredmedia":[{"embeddable":true,"href":"https:\/\/radiobitacora.com.ar\/web\/wp-json\/wp\/v2\/media\/26038"}],"wp:attachment":[{"href":"https:\/\/radiobitacora.com.ar\/web\/wp-json\/wp\/v2\/media?parent=26034"}],"wp:term":[{"taxonomy":"category","embeddable":true,"href":"https:\/\/radiobitacora.com.ar\/web\/wp-json\/wp\/v2\/categories?post=26034"},{"taxonomy":"post_tag","embeddable":true,"href":"https:\/\/radiobitacora.com.ar\/web\/wp-json\/wp\/v2\/tags?post=26034"}],"curies":[{"name":"wp","href":"https:\/\/api.w.org\/{rel}","templated":true}]}}