{"id":26047,"date":"2025-09-08T09:47:40","date_gmt":"2025-09-08T12:47:40","guid":{"rendered":"https:\/\/radiobitacora.com.ar\/web\/?p=26047"},"modified":"2025-09-08T09:47:40","modified_gmt":"2025-09-08T12:47:40","slug":"gran-convocatoria-de-runner-en-la-3a-edicion-de-la-carrera-solidaria","status":"publish","type":"post","link":"https:\/\/radiobitacora.com.ar\/web\/2025\/09\/08\/gran-convocatoria-de-runner-en-la-3a-edicion-de-la-carrera-solidaria\/","title":{"rendered":"GRAN CONVOCATORIA DE RUNNER EN LA 3\u00aa EDICI\u00d3N DE LA CARRERA SOLIDARIA"},"content":{"rendered":"<p style=\"font-weight: 400;\">Nuevamente excelente respuesta de atletas, de corredores a la invitaci\u00f3n de ser parte de la carrera organizada desde la Fundaci\u00f3n Onco Infanto juvenil, con el apoyo de la Municipalidad de Goya, desde la Direcci\u00f3n de Deportes y la participaci\u00f3n de equipos de corredores de Goya y de la regi\u00f3n.<\/p>\n<p style=\"font-weight: 400;\">El Predio Costa Surub\u00ed, el escenario para el desarrollo de las competencias establecidas en<img loading=\"lazy\" decoding=\"async\" class=\"aligncenter size-full wp-image-26049\" src=\"https:\/\/radiobitacora.com.ar\/web\/wp-content\/uploads\/2025\/09\/CARRERA-SOLIDARIA-ONCO-INFANTO-JUVENIL-1.jpg\" alt=\"\" width=\"4160\" height=\"2774\" srcset=\"https:\/\/radiobitacora.com.ar\/web\/wp-content\/uploads\/2025\/09\/CARRERA-SOLIDARIA-ONCO-INFANTO-JUVENIL-1.jpg 4160w, https:\/\/radiobitacora.com.ar\/web\/wp-content\/uploads\/2025\/09\/CARRERA-SOLIDARIA-ONCO-INFANTO-JUVENIL-1-696x464.jpg 696w, https:\/\/radiobitacora.com.ar\/web\/wp-content\/uploads\/2025\/09\/CARRERA-SOLIDARIA-ONCO-INFANTO-JUVENIL-1-1068x712.jpg 1068w, https:\/\/radiobitacora.com.ar\/web\/wp-content\/uploads\/2025\/09\/CARRERA-SOLIDARIA-ONCO-INFANTO-JUVENIL-1-630x420.jpg 630w\" sizes=\"auto, (max-width: 4160px) 100vw, 4160px\" \/> las distancias de 3, 5 y 10 kil\u00f3metros.<\/p>\n<p style=\"font-weight: 400;\">Desde bien temprano, a las 7 horas, la jornada del domingo comenz\u00f3 a cobrar el colorido de la presencia de los corredores protagonistas de la carrera solidaria, donde el mayor objetivo no ha sido superar marcas y registros atl\u00e9ticos, sino responder con generosidad y un coraz\u00f3n abierto a esta invitaci\u00f3n.<\/p>\n<p style=\"font-weight: 400;\">Organizadores, corredores, p\u00fablico que acompa\u00f1\u00f3 la movida, coincidieron en se\u00f1alar la \u201csatisfacci\u00f3n y alegr\u00eda que produce poder responder, estar y acompa\u00f1ar las acciones de la fundaci\u00f3n, en su tarea de asistencia, asesoramiento y fundamentalmente de contenci\u00f3n a las familias que atraviesan esta realidad.<\/p>\n<p style=\"font-weight: 400;\"><img loading=\"lazy\" decoding=\"async\" class=\"aligncenter size-full wp-image-26048\" src=\"https:\/\/radiobitacora.com.ar\/web\/wp-content\/uploads\/2025\/09\/CARRERA-SOLIDARIA-ONCO-INFANTO-JUVENIL-2.jpg\" alt=\"\" width=\"4160\" height=\"2774\" srcset=\"https:\/\/radiobitacora.com.ar\/web\/wp-content\/uploads\/2025\/09\/CARRERA-SOLIDARIA-ONCO-INFANTO-JUVENIL-2.jpg 4160w, https:\/\/radiobitacora.com.ar\/web\/wp-content\/uploads\/2025\/09\/CARRERA-SOLIDARIA-ONCO-INFANTO-JUVENIL-2-696x464.jpg 696w, https:\/\/radiobitacora.com.ar\/web\/wp-content\/uploads\/2025\/09\/CARRERA-SOLIDARIA-ONCO-INFANTO-JUVENIL-2-1068x712.jpg 1068w, https:\/\/radiobitacora.com.ar\/web\/wp-content\/uploads\/2025\/09\/CARRERA-SOLIDARIA-ONCO-INFANTO-JUVENIL-2-630x420.jpg 630w\" sizes=\"auto, (max-width: 4160px) 100vw, 4160px\" \/><\/p>\n<p style=\"font-weight: 400;\">Cuando se baj\u00f3 la bandera a cuadros en el \u00faltimo competidor, dando por finalizada la carrera, en un \u00e1mbito de gran camarader\u00eda, de compartir una nueva oportunidad para demostrar la solidaridad con la Fundaci\u00f3n, se esper\u00f3 la clasificaci\u00f3n en cada una de las categor\u00edas y distancias participantes.<\/p>\n<p style=\"font-weight: 400;\">\n<p style=\"font-weight: 400;\">CLASIFICACI\u00d3N GENERAL<\/p>\n<p style=\"font-weight: 400;\">MASCULINO 3 K:<\/p>\n<p style=\"font-weight: 400;\">1\u00ba Elias Juli\u00e1n Ortigoza N\u00fa\u00f1ez.<\/p>\n<p style=\"font-weight: 400;\">2\u00ba Jes\u00fas \u00c1lvarez<\/p>\n<p style=\"font-weight: 400;\">3\u00ba Lautaro Andr\u00e9s S\u00e1nchez<\/p>\n<p style=\"font-weight: 400;\">4\u00ba Martino \u00c1lvarez<\/p>\n<p style=\"font-weight: 400;\">5\u00ba Tomas Aquere<\/p>\n<p style=\"font-weight: 400;\">\n<p style=\"font-weight: 400;\">FEMENINO 3 K.<\/p>\n<p style=\"font-weight: 400;\">\n<p style=\"font-weight: 400;\">1\u00ba Mar\u00eda Emilia Bejarano<\/p>\n<p style=\"font-weight: 400;\">2\u00ba Andrea Pascual<\/p>\n<p style=\"font-weight: 400;\">3\u00ba Araceli Vargas<\/p>\n<p style=\"font-weight: 400;\">4\u00ba Yesica Fern\u00e1ndez<\/p>\n<p style=\"font-weight: 400;\">5\u00ba Pamela Vanesa Escobar<\/p>\n<p style=\"font-weight: 400;\">\n<p style=\"font-weight: 400;\">MASCULINO 5 K:<\/p>\n<p style=\"font-weight: 400;\">1\u00ba Franco Fiad<\/p>\n<p style=\"font-weight: 400;\">2\u00ba Mario Rodrigo Rodr\u00edguez<\/p>\n<p style=\"font-weight: 400;\">3\u00ba Leonel Sosa<\/p>\n<p style=\"font-weight: 400;\">FEMENINO 5K:<\/p>\n<p style=\"font-weight: 400;\">1\u00ba Oriana Guti\u00e9rrez<\/p>\n<p style=\"font-weight: 400;\">2\u00ba Brenda Fabiana Insaurralde<\/p>\n<p style=\"font-weight: 400;\">3\u00ba Jael Romero<\/p>\n<p style=\"font-weight: 400;\">\n<p style=\"font-weight: 400;\">MASCULINO 10K:<\/p>\n<p style=\"font-weight: 400;\">1\u00ba Adri\u00e1n Sosa<\/p>\n<p style=\"font-weight: 400;\">2\u00ba Sergio P\u00e9rez<\/p>\n<p style=\"font-weight: 400;\">3\u00ba Gast\u00f3n Silva<\/p>\n<p style=\"font-weight: 400;\">\n<p style=\"font-weight: 400;\">FEMENINO 10K:<\/p>\n<p style=\"font-weight: 400;\">1\u00ba Clara Vel\u00e1zquez<\/p>\n<p style=\"font-weight: 400;\">2\u00ba Priscila Romero<\/p>\n<p style=\"font-weight: 400;\">3\u00ba Jessica Lagrou<\/p>\n<p style=\"font-weight: 400;\">Vale mencionar que esta es la clasificaci\u00f3n general en las respectivas distancias en las categor\u00edas masculino y femenino, la carrera adem\u00e1s premi\u00f3 a cada competidor de acuerdo a la categor\u00eda por edades.<\/p>\n<p style=\"font-weight: 400;\">De esta manera, con alegr\u00eda y satisfacci\u00f3n de cumplir una nueva edici\u00f3n con el objetivo, cerca de 300 corredores pusieron cuerpo y alma a la convocatoria de la Fundaci\u00f3n Onco Infanto Juvenil.<\/p>\n<p style=\"font-weight: 400;\">De la ceremonia de entrega de premios junto a la Fundaci\u00f3n participaron los integrantes del equipo de la direcci\u00f3n de Deportes, reafirmando el compromiso de acompa\u00f1ar y colaborar con estas iniciativas, valorando el accionar y ayuda que brinda esa entidad.<\/p>\n<p style=\"font-weight: 400;\">\n<p style=\"font-weight: 400;\">Direcci\u00f3n de Prensa-Municipalidad de Goya<\/p>\n","protected":false},"excerpt":{"rendered":"<p>Nuevamente excelente respuesta de atletas, de corredores a la invitaci\u00f3n de ser parte de la carrera organizada desde la Fundaci\u00f3n Onco Infanto juvenil, con el apoyo de la Municipalidad de Goya, desde la Direcci\u00f3n de Deportes y la participaci\u00f3n de equipos de corredores de Goya y de la regi\u00f3n. El Predio Costa Surub\u00ed, el escenario [&hellip;]<\/p>\n","protected":false},"author":2,"featured_media":26050,"comment_status":"closed","ping_status":"closed","sticky":false,"template":"","format":"standard","meta":{"footnotes":""},"categories":[78],"tags":[],"class_list":{"0":"post-26047","1":"post","2":"type-post","3":"status-publish","4":"format-standard","5":"has-post-thumbnail","7":"category-deportes"},"_links":{"self":[{"href":"https:\/\/radiobitacora.com.ar\/web\/wp-json\/wp\/v2\/posts\/26047","targetHints":{"allow":["GET"]}}],"collection":[{"href":"https:\/\/radiobitacora.com.ar\/web\/wp-json\/wp\/v2\/posts"}],"about":[{"href":"https:\/\/radiobitacora.com.ar\/web\/wp-json\/wp\/v2\/types\/post"}],"author":[{"embeddable":true,"href":"https:\/\/radiobitacora.com.ar\/web\/wp-json\/wp\/v2\/users\/2"}],"replies":[{"embeddable":true,"href":"https:\/\/radiobitacora.com.ar\/web\/wp-json\/wp\/v2\/comments?post=26047"}],"version-history":[{"count":0,"href":"https:\/\/radiobitacora.com.ar\/web\/wp-json\/wp\/v2\/posts\/26047\/revisions"}],"wp:featuredmedia":[{"embeddable":true,"href":"https:\/\/radiobitacora.com.ar\/web\/wp-json\/wp\/v2\/media\/26050"}],"wp:attachment":[{"href":"https:\/\/radiobitacora.com.ar\/web\/wp-json\/wp\/v2\/media?parent=26047"}],"wp:term":[{"taxonomy":"category","embeddable":true,"href":"https:\/\/radiobitacora.com.ar\/web\/wp-json\/wp\/v2\/categories?post=26047"},{"taxonomy":"post_tag","embeddable":true,"href":"https:\/\/radiobitacora.com.ar\/web\/wp-json\/wp\/v2\/tags?post=26047"}],"curies":[{"name":"wp","href":"https:\/\/api.w.org\/{rel}","templated":true}]}}