{"id":26056,"date":"2025-09-09T09:03:25","date_gmt":"2025-09-09T12:03:25","guid":{"rendered":"https:\/\/radiobitacora.com.ar\/web\/?p=26056"},"modified":"2025-09-09T09:03:40","modified_gmt":"2025-09-09T12:03:40","slug":"mariano-hormaechea-encabezo-la-entrega-de-premios-de-la-7-edicion-del-programa-goya-liquida","status":"publish","type":"post","link":"https:\/\/radiobitacora.com.ar\/web\/2025\/09\/09\/mariano-hormaechea-encabezo-la-entrega-de-premios-de-la-7-edicion-del-programa-goya-liquida\/","title":{"rendered":"MARIANO HORMAECHEA ENCABEZ\u00d3 LA ENTREGA DE PREMIOS DE LA 7\u00b0 EDICI\u00d3N DEL PROGRAMA GOYA L\u00cdQUIDA"},"content":{"rendered":"<p style=\"font-weight: 400;\">\u201cEl Programa \u201cGoya Liquida\u201d vino para quedarse\u201d.<\/p>\n<p style=\"font-weight: 400;\">En la ma\u00f1ana de este lunes 8 de septiembre, en el Sal\u00f3n de Acuerdos de la Municipalidad de Goya, se llev\u00f3 a cabo la entrega de premios correspondiente a la 7\u00b0 edici\u00f3n del programa \u201cGoya L\u00edquida\u201d, cuyo sorteo se realiz\u00f3 el pasado 29 de agosto en el Hall Central del Palacio Municipal.<\/p>\n<p style=\"font-weight: 400;\">En esta oportunidad se sortearon 10 \u00f3rdenes de compra por $200.000 cada una, destinadas a consumidores de distintos comercios de la ciudad, adem\u00e1s de tres \u00f3rdenes de publicidad para el programa televisivo \u201cVi\u00e9ndonos\u201d de Canal 2 GIGARED. En total, participaron m\u00e1s de 600 comercios adheridos y se registraron m\u00e1s de 50.000 cupones de consumidores.<\/p>\n<p style=\"font-weight: 400;\">El acto fue presidido por el intendente municipal, doctor Mariano Hormaechea, acompa\u00f1ado por la Secretaria de Industria y Comercio, Mar\u00eda Paz Lampugnani, responsable de llevar adelante esta iniciativa, el director de Juventud, Gast\u00f3n Espinoza, y miembros de la Direcci\u00f3n de Comercio, conformando el equipo que impulsa este programa.<\/p>\n<p><img loading=\"lazy\" decoding=\"async\" class=\"wp-image-26057 alignleft\" src=\"https:\/\/radiobitacora.com.ar\/web\/wp-content\/uploads\/2025\/09\/PREMIOS-GOYA-LIQUIDA-1.jpeg\" alt=\"\" width=\"410\" height=\"231\" srcset=\"https:\/\/radiobitacora.com.ar\/web\/wp-content\/uploads\/2025\/09\/PREMIOS-GOYA-LIQUIDA-1.jpeg 1600w, https:\/\/radiobitacora.com.ar\/web\/wp-content\/uploads\/2025\/09\/PREMIOS-GOYA-LIQUIDA-1-696x392.jpeg 696w, https:\/\/radiobitacora.com.ar\/web\/wp-content\/uploads\/2025\/09\/PREMIOS-GOYA-LIQUIDA-1-1068x601.jpeg 1068w, https:\/\/radiobitacora.com.ar\/web\/wp-content\/uploads\/2025\/09\/PREMIOS-GOYA-LIQUIDA-1-747x420.jpeg 747w\" sizes=\"auto, (max-width: 410px) 100vw, 410px\" \/><\/p>\n<p style=\"font-weight: 400;\">INTENDENTE MARIANO HORMAECHEA<\/p>\n<p style=\"font-weight: 400;\">Previo a la entrega de premios, el jefe comunal destac\u00f3 la importancia de esta pol\u00edtica p\u00fablica: \u201cRealmente este programa del Goya L\u00edquida que venimos llevando adelante desde la Secretar\u00eda de Industria es un programa que vino para quedarse, estamos en la s\u00e9ptima edici\u00f3n. Lo hab\u00edamos hecho como prueba, que era un poco convocar y acompa\u00f1ar a los comerciantes para fomentar e incentivar la comercializaci\u00f3n\u201d, se\u00f1al\u00f3.<\/p>\n<p style=\"font-weight: 400;\">En esa misma l\u00ednea, subray\u00f3: \u201cA partir de ah\u00ed, desde la Secretar\u00eda de Industria, trabajando con la Asociaci\u00f3n de Comercio, la C\u00e1mara Empresarial y convocando tambi\u00e9n a los comerciantes independientes, permiti\u00f3 que el programa vaya creciendo\u201d.<\/p>\n<p style=\"font-weight: 400;\">Hormaechea remarc\u00f3 adem\u00e1s el acompa\u00f1amiento del Estado local: \u201cTenemos una mirada de tratar de estar lo m\u00e1s cerca posible desde el Estado municipal acompa\u00f1ando a nuestros comerciantes. Venimos generando diferentes acciones desde la Municipalidad y esto permiti\u00f3 que haya m\u00e1s de 600 comercios que se sumaron. Nos van expresando que de alguna manera este programa permite visibilizar lo que hacen cada uno de ustedes como comerciantes\u201d.<\/p>\n<p style=\"font-weight: 400;\">Respecto al incentivo de los sorteos, afirm\u00f3: \u201cA eso le sumamos este incentivo de hacer los sorteos. Nosotros vamos a continuar en esta l\u00ednea, la idea es seguir trabajando junto a ustedes. Lo vamos a hacer desde la Secretar\u00eda de Industria, vamos a seguir abriendo las puertas tambi\u00e9n para recibir las inquietudes, tambi\u00e9n las miradas que puedan tener ustedes\u201d.<\/p>\n<p><img loading=\"lazy\" decoding=\"async\" class=\"wp-image-26058 alignleft\" src=\"https:\/\/radiobitacora.com.ar\/web\/wp-content\/uploads\/2025\/09\/PREMIOS-GOYA-LIQUIDA-4.jpeg\" alt=\"\" width=\"339\" height=\"213\" srcset=\"https:\/\/radiobitacora.com.ar\/web\/wp-content\/uploads\/2025\/09\/PREMIOS-GOYA-LIQUIDA-4.jpeg 1434w, https:\/\/radiobitacora.com.ar\/web\/wp-content\/uploads\/2025\/09\/PREMIOS-GOYA-LIQUIDA-4-696x437.jpeg 696w, https:\/\/radiobitacora.com.ar\/web\/wp-content\/uploads\/2025\/09\/PREMIOS-GOYA-LIQUIDA-4-1068x670.jpeg 1068w, https:\/\/radiobitacora.com.ar\/web\/wp-content\/uploads\/2025\/09\/PREMIOS-GOYA-LIQUIDA-4-669x420.jpeg 669w\" sizes=\"auto, (max-width: 339px) 100vw, 339px\" \/><\/p>\n<p style=\"font-weight: 400;\">El intendente insisti\u00f3 en la cercan\u00eda con las instituciones y los emprendedores: \u201cGeneralmente tratamos de estar en contacto con la Asociaci\u00f3n de Comercio, la C\u00e1mara Empresarial, que por ah\u00ed entendemos que institucionaliza la relaci\u00f3n formal que se da entre el Estado municipal. Pero m\u00e1s all\u00e1 de eso, las puertas siempre est\u00e1n abiertas para poder seguir profundizando este programa y recibiendo las inquietudes o la mirada que tienen ustedes desde su lugar. Eso nos permite seguir en este camino que nosotros iniciamos all\u00e1 en 2021, que va de la mano con el desarrollo de la ciudad y de ir hacia el lado de la modernizaci\u00f3n\u201d.<\/p>\n<p style=\"font-weight: 400;\">Al referirse al contexto nacional, se\u00f1al\u00f3: \u201cHoy tenemos las herramientas tecnol\u00f3gicas que nos permiten tambi\u00e9n buscarle variantes a todo esto, sobre todo en este contexto que estamos viviendo en el pa\u00eds, en esta cuesti\u00f3n econ\u00f3mica que nos toca a todos. As\u00ed que nosotros vamos a estar muy atentos en eso y, por supuesto, con las puertas abiertas para trabajar juntos\u201d.<\/p>\n<p style=\"font-weight: 400;\">Finalmente, agradeci\u00f3 la participaci\u00f3n de todos los sectores: \u201cGracias por el acompa\u00f1amiento, much\u00edsimas gracias tambi\u00e9n a los consumidores y la idea es seguir trabajando juntos\u201d, concluy\u00f3.<\/p>\n<p>&nbsp;<\/p>\n<p><img loading=\"lazy\" decoding=\"async\" class=\"wp-image-26059 alignright\" src=\"https:\/\/radiobitacora.com.ar\/web\/wp-content\/uploads\/2025\/09\/PREMIOS-GOYA-LIQUIDA-2.jpeg\" alt=\"\" width=\"366\" height=\"263\" srcset=\"https:\/\/radiobitacora.com.ar\/web\/wp-content\/uploads\/2025\/09\/PREMIOS-GOYA-LIQUIDA-2.jpeg 1252w, https:\/\/radiobitacora.com.ar\/web\/wp-content\/uploads\/2025\/09\/PREMIOS-GOYA-LIQUIDA-2-696x500.jpeg 696w, https:\/\/radiobitacora.com.ar\/web\/wp-content\/uploads\/2025\/09\/PREMIOS-GOYA-LIQUIDA-2-1068x768.jpeg 1068w, https:\/\/radiobitacora.com.ar\/web\/wp-content\/uploads\/2025\/09\/PREMIOS-GOYA-LIQUIDA-2-584x420.jpeg 584w\" sizes=\"auto, (max-width: 366px) 100vw, 366px\" \/><\/p>\n<p style=\"font-weight: 400;\">GANADORES<\/p>\n<p style=\"font-weight: 400;\">Los ganadores de las \u00f3rdenes de compra de $200.000 que depositaron sus cupones en los distintos comercios fueron:<\/p>\n<ul>\n<li style=\"font-weight: 400;\">Mirta S\u00e1nchez (Old School Gym).<\/li>\n<li style=\"font-weight: 400;\">Alberto Sandoval (Landy Farmacia).<\/li>\n<li style=\"font-weight: 400;\">Mar\u00eda Tonelli (S\u00faper de la Limpieza).<\/li>\n<li style=\"font-weight: 400;\">Mariana Chamorro (Supermercado La Correntina).<\/li>\n<li style=\"font-weight: 400;\">Ver\u00f3nica Molina (Varona Vaquer\u00eda).<\/li>\n<li style=\"font-weight: 400;\">Natalia Ram\u00edrez (La Nueva Popular). Retiro<\/li>\n<li style=\"font-weight: 400;\">Alicia Melana (Brujas Lencer\u00eda). se le har\u00e1 entrega oportunamente.<\/li>\n<li style=\"font-weight: 400;\">Emiliano Hortt (Jana).<\/li>\n<li style=\"font-weight: 400;\">Pilar Galarza (Nina Store). se le har\u00e1 entrega oportunamente.<\/li>\n<li style=\"font-weight: 400;\">Josefina Duarte (Nina Store). se le har\u00e1 entrega oportunamente.<\/li>\n<\/ul>\n<p style=\"font-weight: 400;\">En cuanto a los sorteos por publicidad en el programa \u201cVi\u00e9ndonos\u201d de Canal 2 GIGARED, los comercios beneficiados fueron:<\/p>\n<ul>\n<li style=\"font-weight: 400;\">Escobar Motos (calle Belgrano).<\/li>\n<li style=\"font-weight: 400;\">Landy Farmacia (Jos\u00e9 G\u00f3mez 1191).<\/li>\n<li style=\"font-weight: 400;\">Diet\u00e9tica Savia (Belgrano 811), se le har\u00e1 entrega oportunamente.<\/li>\n<\/ul>\n<p style=\"font-weight: 400;\">La entrega estuvo acompa\u00f1ada tambi\u00e9n por Patricia Sol, responsable del programa \u201cVi\u00e9ndonos\u201d, quien se sum\u00f3 a la entrega junto al intendente Mariano Hormaechea.<\/p>\n<p style=\"font-weight: 400;\">Direcci\u00f3n de Prensa \u2013 Municipalidad de Goya.<\/p>\n","protected":false},"excerpt":{"rendered":"<p>\u201cEl Programa \u201cGoya Liquida\u201d vino para quedarse\u201d. En la ma\u00f1ana de este lunes 8 de septiembre, en el Sal\u00f3n de Acuerdos de la Municipalidad de Goya, se llev\u00f3 a cabo la entrega de premios correspondiente a la 7\u00b0 edici\u00f3n del programa \u201cGoya L\u00edquida\u201d, cuyo sorteo se realiz\u00f3 el pasado 29 de agosto en el Hall [&hellip;]<\/p>\n","protected":false},"author":2,"featured_media":26060,"comment_status":"closed","ping_status":"closed","sticky":false,"template":"","format":"standard","meta":{"footnotes":""},"categories":[56,1],"tags":[],"class_list":{"0":"post-26056","1":"post","2":"type-post","3":"status-publish","4":"format-standard","5":"has-post-thumbnail","7":"category-locales","8":"category-sin-categoria"},"_links":{"self":[{"href":"https:\/\/radiobitacora.com.ar\/web\/wp-json\/wp\/v2\/posts\/26056","targetHints":{"allow":["GET"]}}],"collection":[{"href":"https:\/\/radiobitacora.com.ar\/web\/wp-json\/wp\/v2\/posts"}],"about":[{"href":"https:\/\/radiobitacora.com.ar\/web\/wp-json\/wp\/v2\/types\/post"}],"author":[{"embeddable":true,"href":"https:\/\/radiobitacora.com.ar\/web\/wp-json\/wp\/v2\/users\/2"}],"replies":[{"embeddable":true,"href":"https:\/\/radiobitacora.com.ar\/web\/wp-json\/wp\/v2\/comments?post=26056"}],"version-history":[{"count":0,"href":"https:\/\/radiobitacora.com.ar\/web\/wp-json\/wp\/v2\/posts\/26056\/revisions"}],"wp:featuredmedia":[{"embeddable":true,"href":"https:\/\/radiobitacora.com.ar\/web\/wp-json\/wp\/v2\/media\/26060"}],"wp:attachment":[{"href":"https:\/\/radiobitacora.com.ar\/web\/wp-json\/wp\/v2\/media?parent=26056"}],"wp:term":[{"taxonomy":"category","embeddable":true,"href":"https:\/\/radiobitacora.com.ar\/web\/wp-json\/wp\/v2\/categories?post=26056"},{"taxonomy":"post_tag","embeddable":true,"href":"https:\/\/radiobitacora.com.ar\/web\/wp-json\/wp\/v2\/tags?post=26056"}],"curies":[{"name":"wp","href":"https:\/\/api.w.org\/{rel}","templated":true}]}}