{"id":26063,"date":"2025-09-09T09:06:43","date_gmt":"2025-09-09T12:06:43","guid":{"rendered":"https:\/\/radiobitacora.com.ar\/web\/?p=26063"},"modified":"2025-09-09T09:09:41","modified_gmt":"2025-09-09T12:09:41","slug":"festival-del-asado-criollo-y-concurso-de-asadores-de-goya-inicia-inscripcion-gratuita","status":"publish","type":"post","link":"https:\/\/radiobitacora.com.ar\/web\/2025\/09\/09\/festival-del-asado-criollo-y-concurso-de-asadores-de-goya-inicia-inscripcion-gratuita\/","title":{"rendered":"FESTIVAL DEL ASADO CRIOLLO Y CONCURSO DE ASADORES DE GOYA INICIA INSCRIPCI\u00d3N GRATUITA"},"content":{"rendered":"<p style=\"font-weight: 400;\">7, 8 y 9 de noviembre:<\/p>\n<p style=\"font-weight: 400;\">Avanza la organizaci\u00f3n de la 5\u00aa Edici\u00f3n de la Fiesta del Asado Criollo y Concurso de Asadores, evento tur\u00edstico y cultural imperdible para los amantes de la buena comida y las tradiciones argentinas. Tiene el auspicio y adhesi\u00f3n de la Municipalidad de Goya. La provincia de Corrientes la declar\u00f3 \u201cDe Inter\u00e9s Tur\u00edstico\u201d.<\/p>\n<p style=\"font-weight: 400;\">Asadores de toda la regi\u00f3n est\u00e1n invitados a venir a Goya entre el 7 y 9 de noviembre para disfrutar y concursar en el \u00fanico Encuentro de Asadores del NEA. Otras actividades como m\u00fasica en vivo y la gran Expo Feria Agroindustrial le pondr\u00e1n condimento a este encuentro de los maestros asadores.<\/p>\n<p style=\"font-weight: 400;\">Su atractivo principal ser\u00e1 la competencia entre asadores y asadoras de la regi\u00f3n. Se elegir\u00e1 al mejor asador\/a, qui\u00e9n se consagrar\u00e1 como el Campe\u00f3n\/a del Festival y Concurso de Asadores.<\/p>\n<p style=\"font-weight: 400;\">Durante las jornadas del viernes y s\u00e1bado se podr\u00e1 disfrutar de m\u00fasica en vivo y de grupos de danza que estar\u00e1n dispuestos en el escenario principal. Adem\u00e1s, habr\u00e1 un gran espacio com\u00fan donde los asistentes podr\u00e1n sentarse a disfrutar de la variedad de asados y cortes c\u00e1rnicos que preparan los concursantes.<\/p>\n<p style=\"font-weight: 400;\">Toda esta actividad se desarrollar\u00e1 en el predio Costa Surub\u00ed, desde las 20 horas, en el marco de un agradable clima familiar y entre amigos.<\/p>\n<p style=\"font-weight: 400;\">DE INTER\u00c9S TUR\u00cdSTICO<\/p>\n<p style=\"font-weight: 400;\">La jornada de cierre de la noche del domingo 9 de noviembre, servir\u00e1 de vigilia patria para dar la bienvenida al D\u00eda de la Tradici\u00f3n este 10 de noviembre, en honor al nacimiento de Jos\u00e9 Hern\u00e1ndez, el autor de la famosa Obra argentina \u201cMart\u00edn Fierro\u201d, y qu\u00e9 mejor oportunidad para renovar los votos de argentinidad que venir a compartir el evento criollo que propone la ciudad de Goya.<\/p>\n<p style=\"font-weight: 400;\">Tal es el inter\u00e9s que despierta el encuentro que d\u00edas atr\u00e1s y mediante la RESOLUCION N\u00b0 661\/2025 fue declarado \u201cDe Inter\u00e9s Tur\u00edstico\u201d. Lleva la r\u00fabrica de la Ministra de Turismo de la Provincia de Corrientes, Alejandra Eliciri.<\/p>\n<p style=\"font-weight: 400;\">En sus considerandos dice:<\/p>\n<p style=\"font-weight: 400;\">\u201cQue el Gobierno de la Provincia de Corrientes a trav\u00e9s del Ministerio de Turismo le asigna a la actividad tur\u00edstica un car\u00e1cter estrat\u00e9gico para impulsar el crecimiento socio econ\u00f3mico sustentable de Corrientes.<\/p>\n<p style=\"font-weight: 400;\">Que los lineamientos del Ministerio de Turismo de la Provincia definen al Turismo como factor de Desarrollo Social, Cultural, Ambiental y Econ\u00f3mico de los Departamentos y Municipios que la componen;<\/p>\n<p style=\"font-weight: 400;\">Por ello y en virtud de las facultades conferidas por la ley N 6233\/13.<\/p>\n<p style=\"font-weight: 400;\">LA MINISTRA DE TURISMO DE LA PROVINCIA RESUELVE:<\/p>\n<p style=\"font-weight: 400;\">ART\u00cdCULO 1&#8243;: DECLARAR de Inter\u00e9s Tur\u00edstico la Quinta Edici\u00f3n del Festival del Asado Criollo a realizarse los d\u00edas 7 y 8 de noviembre de 2025, en el predio Costa Surub\u00ed de la localidad de Goya, provincia de Corrientes.<\/p>\n<p style=\"font-weight: 400;\">ART\u00cdCULO 2&#8243;: AUGURAR el mayor de los \u00e9xitos a participantes y organizadores.<\/p>\n<p style=\"font-weight: 400;\">ART\u00cdCULO 3&#8243;: COMUNICAR. Registrar y Archivar.<\/p>\n<p style=\"font-weight: 400;\">C\u00d3MO ANOTARSE<\/p>\n<p style=\"font-weight: 400;\">En esta 5\u00aa edici\u00f3n del festival y concurso de asadores, la inscripci\u00f3n es gratuita. No pod\u00e9s quedarte si tu lugar. Contactos para m\u00e1s informaci\u00f3n o anotarse a: 3777 522454 &#8211; 3777 600535<\/p>\n<p style=\"font-weight: 400;\">Desde la organizaci\u00f3n se publicar\u00e1 en breve un formulario de inscripci\u00f3n para el concurso del asado.<\/p>\n<p style=\"font-weight: 400;\"><a href=\"mailto:asadocriollogoya@gmail.com\">asadocriollogoya@gmail.com<\/a><\/p>\n<p style=\"font-weight: 400;\">Facebook: Festival del Asado Criollo y Concurso de Asadores<\/p>\n<p style=\"font-weight: 400;\">Instagram: @festivalasador<\/p>\n<p style=\"font-weight: 400;\">Direcci\u00f3n de Prensa \u2013 Municipalidad de Goya.<\/p>\n","protected":false},"excerpt":{"rendered":"<p>7, 8 y 9 de noviembre: Avanza la organizaci\u00f3n de la 5\u00aa Edici\u00f3n de la Fiesta del Asado Criollo y Concurso de Asadores, evento tur\u00edstico y cultural imperdible para los amantes de la buena comida y las tradiciones argentinas. Tiene el auspicio y adhesi\u00f3n de la Municipalidad de Goya. La provincia de Corrientes la declar\u00f3 [&hellip;]<\/p>\n","protected":false},"author":2,"featured_media":26064,"comment_status":"closed","ping_status":"closed","sticky":false,"template":"","format":"standard","meta":{"footnotes":""},"categories":[67],"tags":[],"class_list":{"0":"post-26063","1":"post","2":"type-post","3":"status-publish","4":"format-standard","5":"has-post-thumbnail","7":"category-espectaculo"},"_links":{"self":[{"href":"https:\/\/radiobitacora.com.ar\/web\/wp-json\/wp\/v2\/posts\/26063","targetHints":{"allow":["GET"]}}],"collection":[{"href":"https:\/\/radiobitacora.com.ar\/web\/wp-json\/wp\/v2\/posts"}],"about":[{"href":"https:\/\/radiobitacora.com.ar\/web\/wp-json\/wp\/v2\/types\/post"}],"author":[{"embeddable":true,"href":"https:\/\/radiobitacora.com.ar\/web\/wp-json\/wp\/v2\/users\/2"}],"replies":[{"embeddable":true,"href":"https:\/\/radiobitacora.com.ar\/web\/wp-json\/wp\/v2\/comments?post=26063"}],"version-history":[{"count":0,"href":"https:\/\/radiobitacora.com.ar\/web\/wp-json\/wp\/v2\/posts\/26063\/revisions"}],"wp:featuredmedia":[{"embeddable":true,"href":"https:\/\/radiobitacora.com.ar\/web\/wp-json\/wp\/v2\/media\/26064"}],"wp:attachment":[{"href":"https:\/\/radiobitacora.com.ar\/web\/wp-json\/wp\/v2\/media?parent=26063"}],"wp:term":[{"taxonomy":"category","embeddable":true,"href":"https:\/\/radiobitacora.com.ar\/web\/wp-json\/wp\/v2\/categories?post=26063"},{"taxonomy":"post_tag","embeddable":true,"href":"https:\/\/radiobitacora.com.ar\/web\/wp-json\/wp\/v2\/tags?post=26063"}],"curies":[{"name":"wp","href":"https:\/\/api.w.org\/{rel}","templated":true}]}}