{"id":26080,"date":"2025-09-09T19:01:11","date_gmt":"2025-09-09T22:01:11","guid":{"rendered":"https:\/\/radiobitacora.com.ar\/web\/?p=26080"},"modified":"2025-09-09T19:02:17","modified_gmt":"2025-09-09T22:02:17","slug":"el-ipt-hizo-efectivo-el-pago-de-sobreprecio-por-acopio","status":"publish","type":"post","link":"https:\/\/radiobitacora.com.ar\/web\/2025\/09\/09\/el-ipt-hizo-efectivo-el-pago-de-sobreprecio-por-acopio\/","title":{"rendered":"EL IPT HIZO EFECTIVO EL PAGO DE SOBREPRECIO POR ACOPIO"},"content":{"rendered":"<p style=\"font-weight: 400;\">El Interventor del Instituto Provincial del Tabaco, Ingeniero Alejandro Correa inform\u00f3 que en la ma\u00f1ana del martes se concret\u00f3 la transferencia a la caja de ahorro de los productores de lo correspondiente al SOBREPRECIO por acopio.<\/p>\n<p style=\"font-weight: 400;\">TABACO BURLEY. El pago correspondi\u00f3 al tabaco burley acopiado desde el 01-07-2025 al 31-08-2025.<\/p>\n<p style=\"font-weight: 400;\">TABACO CRIOLLO CORRENTINO: en este caso el desembolso fue por lo acopiado desde la fecha 14-06-2025 al 17-06-2025.<\/p>\n<p style=\"font-weight: 400;\">Direcci\u00f3n de Prensa \u2013 Municipalidad de Goya.<\/p>\n","protected":false},"excerpt":{"rendered":"<p>El Interventor del Instituto Provincial del Tabaco, Ingeniero Alejandro Correa inform\u00f3 que en la ma\u00f1ana del martes se concret\u00f3 la transferencia a la caja de ahorro de los productores de lo correspondiente al SOBREPRECIO por acopio. TABACO BURLEY. El pago correspondi\u00f3 al tabaco burley acopiado desde el 01-07-2025 al 31-08-2025. TABACO CRIOLLO CORRENTINO: en este [&hellip;]<\/p>\n","protected":false},"author":2,"featured_media":26082,"comment_status":"closed","ping_status":"closed","sticky":false,"template":"","format":"standard","meta":{"footnotes":""},"categories":[56],"tags":[],"class_list":{"0":"post-26080","1":"post","2":"type-post","3":"status-publish","4":"format-standard","5":"has-post-thumbnail","7":"category-locales"},"_links":{"self":[{"href":"https:\/\/radiobitacora.com.ar\/web\/wp-json\/wp\/v2\/posts\/26080","targetHints":{"allow":["GET"]}}],"collection":[{"href":"https:\/\/radiobitacora.com.ar\/web\/wp-json\/wp\/v2\/posts"}],"about":[{"href":"https:\/\/radiobitacora.com.ar\/web\/wp-json\/wp\/v2\/types\/post"}],"author":[{"embeddable":true,"href":"https:\/\/radiobitacora.com.ar\/web\/wp-json\/wp\/v2\/users\/2"}],"replies":[{"embeddable":true,"href":"https:\/\/radiobitacora.com.ar\/web\/wp-json\/wp\/v2\/comments?post=26080"}],"version-history":[{"count":0,"href":"https:\/\/radiobitacora.com.ar\/web\/wp-json\/wp\/v2\/posts\/26080\/revisions"}],"wp:featuredmedia":[{"embeddable":true,"href":"https:\/\/radiobitacora.com.ar\/web\/wp-json\/wp\/v2\/media\/26082"}],"wp:attachment":[{"href":"https:\/\/radiobitacora.com.ar\/web\/wp-json\/wp\/v2\/media?parent=26080"}],"wp:term":[{"taxonomy":"category","embeddable":true,"href":"https:\/\/radiobitacora.com.ar\/web\/wp-json\/wp\/v2\/categories?post=26080"},{"taxonomy":"post_tag","embeddable":true,"href":"https:\/\/radiobitacora.com.ar\/web\/wp-json\/wp\/v2\/tags?post=26080"}],"curies":[{"name":"wp","href":"https:\/\/api.w.org\/{rel}","templated":true}]}}